{"id":1941,"date":"2025-10-15T11:32:50","date_gmt":"2025-10-15T11:32:50","guid":{"rendered":"https:\/\/conasep.org.br\/noticias\/?p=1941"},"modified":"2025-10-15T15:00:51","modified_gmt":"2025-10-15T15:00:51","slug":"conasep-promove-reuniao-na-camara-dos-deputados-para-debater-a-situacao-dos-segurancas-e-bombeiros-civis-de-eventos-do-distrito-federal-e-anuncia-articulacoes-com-autoridades-federais-e-distritais-par","status":"publish","type":"post","link":"https:\/\/conasep.org.br\/noticias\/conasep-promove-reuniao-na-camara-dos-deputados-para-debater-a-situacao-dos-segurancas-e-bombeiros-civis-de-eventos-do-distrito-federal-e-anuncia-articulacoes-com-autoridades-federais-e-distritais-par\/","title":{"rendered":"CONASEP PROMOVE REUNI\u00c3O NA C\u00c2MARA DOS DEPUTADOS PARA DEBATER A SITUA\u00c7\u00c3O DOS SEGURAN\u00c7AS E BOMBEIROS CIVIS DE EVENTOS DO DISTRITO FEDERAL E ANUNCIA ARTICULA\u00c7\u00d5ES COM AUTORIDADES FEDERAIS E DISTRITAIS PARA GARANTIR DIGNIDADE \u00c0 CATEGORIA"},"content":{"rendered":"\n<p>No dia <strong>13 de outubro de 2025<\/strong>, o <strong>Conselho Nacional da Seguran\u00e7a Privada (CONASEP)<\/strong> realizou uma <strong>reuni\u00e3o hist\u00f3rica no Plen\u00e1rio 05 da C\u00e2mara dos Deputados<\/strong>, reunindo <strong>Seguran\u00e7as e Bombeiros Civis de eventos<\/strong> do Distrito Federal para discutir <strong>as graves viola\u00e7\u00f5es trabalhistas e a desvaloriza\u00e7\u00e3o que atingem esses profissionais<\/strong>.<\/p>\n\n\n\n<figure class=\"wp-block-video\"><video controls src=\"https:\/\/conasep.org.br\/noticias\/wp-content\/uploads\/2025\/10\/WhatsApp-Video-2025-10-15-at-08.19.50.mp4\"><\/video><\/figure>\n\n\n\n<p>O encontro, conduzido pelo <strong>Presidente Nacional do CONASEP, Dr. Alan Hassem<\/strong>, contou com a presen\u00e7a do <strong>Presidente da Comiss\u00e3o Nacional de Bombeiros Civis do CONASEP, Sandro Bilks<\/strong>, do <strong>Delegado do CONASEP no DF, Edson Carvalho<\/strong>, e das <strong>lideran\u00e7as da categoria Ruan e Rabelo<\/strong>, que foram <strong>convidados a integrar oficialmente o quadro de Delegados do CONASEP no Distrito Federal<\/strong> em reconhecimento \u00e0 sua representatividade e dedica\u00e7\u00e3o \u00e0 causa.<\/p>\n\n\n\n<p>Durante o evento, os participantes apresentaram <strong>relatos contundentes de humilha\u00e7\u00f5es, jornadas exaustivas e descumprimento da Conven\u00e7\u00e3o Coletiva de Trabalho (CCT)<\/strong>. Muitos profissionais t\u00eam sido submetidos a <strong>mais de 8 horas de servi\u00e7o sem pausa para descanso, sem acesso \u00e0 alimenta\u00e7\u00e3o ou hidrata\u00e7\u00e3o adequadas<\/strong>, al\u00e9m de enfrentarem <strong>atrasos de semanas no pagamento pelos servi\u00e7os prestados<\/strong>, contrariando o que \u00e9 previsto em contrato.<\/p>\n\n\n\n<p>O Presidente do CONASEP, <strong>Dr. Alan Hassem<\/strong>, afirmou que a situa\u00e7\u00e3o \u00e9 \u201c<strong>inaceit\u00e1vel e desumana<\/strong>\u201d, e que a entidade <strong>j\u00e1 iniciou articula\u00e7\u00f5es com autoridades do Distrito Federal e do Governo Federal para garantir a dignidade e o respeito que esses profissionais merecem<\/strong>.<\/p>\n\n\n\n<blockquote class=\"wp-block-quote is-layout-flow wp-block-quote-is-layout-flow\">\n<p><em>\u201cEsses trabalhadores s\u00e3o a linha de frente da seguran\u00e7a em eventos, arriscam-se para proteger o p\u00fablico, e n\u00e3o podem continuar sendo explorados. O CONASEP est\u00e1 mobilizando esfor\u00e7os junto ao Governo do Distrito Federal, Minist\u00e9rio do Trabalho e Emprego, Minist\u00e9rio da Justi\u00e7a e parlamentares federais para mudar essa realidade. Vamos lutar pela valoriza\u00e7\u00e3o profissional, pela fiscaliza\u00e7\u00e3o das empresas e pela garantia de direitos b\u00e1sicos, como alimenta\u00e7\u00e3o, descanso e pagamento justo\u201d,<\/em> declarou o presidente.<\/p>\n<\/blockquote>\n\n\n\n<p>O <strong>Presidente da Comiss\u00e3o Nacional de Bombeiros Civis do CONASEP, Sandro Bilks<\/strong>, destacou que a cria\u00e7\u00e3o de uma <strong>Cooperativa de Bombeiros Civis do Distrito Federal<\/strong> ser\u00e1 um passo decisivo para <strong>enfrentar a explora\u00e7\u00e3o e assegurar condi\u00e7\u00f5es dignas de trabalho<\/strong>.<\/p>\n\n\n\n<blockquote class=\"wp-block-quote is-layout-flow wp-block-quote-is-layout-flow\">\n<p><em>\u201cA cooperativa ser\u00e1 um instrumento de autonomia e prote\u00e7\u00e3o para os profissionais. Chegou o momento de os bombeiros civis se unirem, de forma organizada e legal, para impedir que continuem sendo explorados por intermediadores que lucram em cima do suor de quem est\u00e1 na linha de frente salvando vidas\u201d<\/em>, enfatizou Bilks.<\/p>\n<\/blockquote>\n\n\n\n<figure class=\"wp-block-video\"><video controls src=\"https:\/\/conasep.org.br\/noticias\/wp-content\/uploads\/2025\/10\/WhatsApp-Video-2025-10-15-at-08.25.27.mp4\"><\/video><\/figure>\n\n\n\n<p>O <strong>Delegado do CONASEP no DF, Edson Carvalho<\/strong>, refor\u00e7ou a import\u00e2ncia da uni\u00e3o da categoria e do apoio institucional do Conselho:<\/p>\n\n\n\n<blockquote class=\"wp-block-quote is-layout-flow wp-block-quote-is-layout-flow\">\n<p><em>\u201cO CONASEP est\u00e1 abrindo espa\u00e7o para que os profissionais do DF tenham voz ativa. A partir dessa reuni\u00e3o, estamos criando uma base s\u00f3lida de di\u00e1logo com as autoridades locais e federais, para garantir que o respeito, a dignidade e a legalidade prevale\u00e7am no ambiente de trabalho.\u201d<\/em><\/p>\n<\/blockquote>\n\n\n\n<p>As <strong>lideran\u00e7as de seguran\u00e7a de eventos, Ruan e Rabelo<\/strong>, agradeceram o apoio do CONASEP e destacaram a necessidade de que as empresas e organizadores de eventos <strong>cumpram o que est\u00e1 previsto na legisla\u00e7\u00e3o e nas conven\u00e7\u00f5es coletivas<\/strong>.<\/p>\n\n\n\n<blockquote class=\"wp-block-quote is-layout-flow wp-block-quote-is-layout-flow\">\n<p><em>\u201cQueremos apenas o que \u00e9 justo: receber o que \u00e9 devido, ter condi\u00e7\u00f5es dignas de trabalho e sermos tratados com respeito. Agradecemos ao CONASEP por nos ouvir e por levar nossas reivindica\u00e7\u00f5es \u00e0 C\u00e2mara dos Deputados, onde as decis\u00f5es realmente podem transformar nossa realidade\u201d,<\/em> disse Ruan.<br><em>\u201cEssa reuni\u00e3o representa uma virada de chave para n\u00f3s, profissionais que sempre estivemos na linha de frente, mas que nunca tivemos espa\u00e7o de di\u00e1logo t\u00e3o direto com autoridades. O apoio do Dr. Alan e da equipe do CONASEP nos d\u00e1 esperan\u00e7a de mudan\u00e7a real<\/em>\u201d, complementou Rabelo.<\/p>\n<\/blockquote>\n\n\n\n<p>O CONASEP anunciou ainda que <strong>encaminhar\u00e1 um relat\u00f3rio oficial aos \u00f3rg\u00e3os competentes<\/strong>, incluindo o <strong>Minist\u00e9rio do Trabalho e Emprego<\/strong>, o <strong>Minist\u00e9rio da Justi\u00e7a e Seguran\u00e7a P\u00fablica<\/strong>, e o <strong>Governo do Distrito Federal<\/strong>, <strong>solicitando medidas urgentes de fiscaliza\u00e7\u00e3o e de prote\u00e7\u00e3o trabalhista<\/strong>. Tamb\u00e9m ser\u00e1 criado um <strong>grupo de trabalho permanente no \u00e2mbito do DF<\/strong>, com a miss\u00e3o de acompanhar as condi\u00e7\u00f5es de atua\u00e7\u00e3o dos profissionais de seguran\u00e7a e bombeiros civis em eventos, garantindo que as normas sejam cumpridas e que as den\u00fancias sejam apuradas.<\/p>\n\n\n\n<p>O Presidente do CONASEP encerrou a reuni\u00e3o reafirmando o compromisso da institui\u00e7\u00e3o com a defesa da categoria:<\/p>\n\n\n\n<blockquote class=\"wp-block-quote is-layout-flow wp-block-quote-is-layout-flow\">\n<p><em>\u201cNosso papel \u00e9 ser a voz dos profissionais da seguran\u00e7a privada e dos bombeiros civis em todo o pa\u00eds. O CONASEP n\u00e3o vai se calar diante de injusti\u00e7as. Vamos continuar dialogando com o Congresso Nacional, o Executivo e a sociedade civil para que esses trabalhadores, que s\u00e3o pilares da seguran\u00e7a p\u00fablica complementar, tenham a valoriza\u00e7\u00e3o e o respeito que merecem.\u201d<\/em><\/p>\n<\/blockquote>\n\n\n\n<p>Com esta a\u00e7\u00e3o, o CONASEP refor\u00e7a sua <strong>postura proativa, t\u00e9cnica e representativa<\/strong> na luta por <strong>dignidade, valoriza\u00e7\u00e3o e reconhecimento dos profissionais da seguran\u00e7a privada e emergencial<\/strong>, especialmente no Distrito Federal, onde a situa\u00e7\u00e3o exige <strong>respostas urgentes e estruturais<\/strong>.<\/p>\n\n\n\n<p>Fotos do Evento:<\/p>\n\n\n\n<figure class=\"wp-block-gallery has-nested-images columns-default is-cropped wp-block-gallery-1 is-layout-flex wp-block-gallery-is-layout-flex\">\n<figure class=\"wp-block-image size-large\"><img fetchpriority=\"high\" decoding=\"async\" width=\"768\" height=\"1024\" data-id=\"1954\" src=\"https:\/\/conasep.org.br\/noticias\/wp-content\/uploads\/2025\/10\/WhatsApp-Image-2025-10-15-at-08.25.38-2-768x1024.jpeg\" alt=\"\" class=\"wp-image-1954\" srcset=\"https:\/\/conasep.org.br\/noticias\/wp-content\/uploads\/2025\/10\/WhatsApp-Image-2025-10-15-at-08.25.38-2-768x1024.jpeg 768w, https:\/\/conasep.org.br\/noticias\/wp-content\/uploads\/2025\/10\/WhatsApp-Image-2025-10-15-at-08.25.38-2-225x300.jpeg 225w, https:\/\/conasep.org.br\/noticias\/wp-content\/uploads\/2025\/10\/WhatsApp-Image-2025-10-15-at-08.25.38-2-1152x1536.jpeg 1152w, https:\/\/conasep.org.br\/noticias\/wp-content\/uploads\/2025\/10\/WhatsApp-Image-2025-10-15-at-08.25.38-2.jpeg 1200w\" sizes=\"(max-width: 768px) 100vw, 768px\" \/><\/figure>\n\n\n\n<figure class=\"wp-block-image size-large\"><img decoding=\"async\" width=\"1024\" height=\"576\" data-id=\"1953\" src=\"https:\/\/conasep.org.br\/noticias\/wp-content\/uploads\/2025\/10\/WhatsApp-Image-2025-10-15-at-08.25.38-1-1024x576.jpeg\" alt=\"\" class=\"wp-image-1953\" srcset=\"https:\/\/conasep.org.br\/noticias\/wp-content\/uploads\/2025\/10\/WhatsApp-Image-2025-10-15-at-08.25.38-1-1024x576.jpeg 1024w, https:\/\/conasep.org.br\/noticias\/wp-content\/uploads\/2025\/10\/WhatsApp-Image-2025-10-15-at-08.25.38-1-300x169.jpeg 300w, https:\/\/conasep.org.br\/noticias\/wp-content\/uploads\/2025\/10\/WhatsApp-Image-2025-10-15-at-08.25.38-1-768x432.jpeg 768w, https:\/\/conasep.org.br\/noticias\/wp-content\/uploads\/2025\/10\/WhatsApp-Image-2025-10-15-at-08.25.38-1-1536x864.jpeg 1536w, https:\/\/conasep.org.br\/noticias\/wp-content\/uploads\/2025\/10\/WhatsApp-Image-2025-10-15-at-08.25.38-1.jpeg 1600w\" sizes=\"(max-width: 1024px) 100vw, 1024px\" \/><\/figure>\n\n\n\n<figure class=\"wp-block-image size-large\"><img decoding=\"async\" width=\"1024\" height=\"576\" data-id=\"1955\" src=\"https:\/\/conasep.org.br\/noticias\/wp-content\/uploads\/2025\/10\/WhatsApp-Image-2025-10-15-at-08.25.38-1024x576.jpeg\" alt=\"\" class=\"wp-image-1955\" srcset=\"https:\/\/conasep.org.br\/noticias\/wp-content\/uploads\/2025\/10\/WhatsApp-Image-2025-10-15-at-08.25.38-1024x576.jpeg 1024w, https:\/\/conasep.org.br\/noticias\/wp-content\/uploads\/2025\/10\/WhatsApp-Image-2025-10-15-at-08.25.38-300x169.jpeg 300w, https:\/\/conasep.org.br\/noticias\/wp-content\/uploads\/2025\/10\/WhatsApp-Image-2025-10-15-at-08.25.38-768x432.jpeg 768w, https:\/\/conasep.org.br\/noticias\/wp-content\/uploads\/2025\/10\/WhatsApp-Image-2025-10-15-at-08.25.38-1536x864.jpeg 1536w, https:\/\/conasep.org.br\/noticias\/wp-content\/uploads\/2025\/10\/WhatsApp-Image-2025-10-15-at-08.25.38.jpeg 1600w\" sizes=\"(max-width: 1024px) 100vw, 1024px\" \/><\/figure>\n\n\n\n<figure class=\"wp-block-image size-large\"><img loading=\"lazy\" decoding=\"async\" width=\"1024\" height=\"576\" data-id=\"1956\" src=\"https:\/\/conasep.org.br\/noticias\/wp-content\/uploads\/2025\/10\/WhatsApp-Image-2025-10-15-at-08.25.37-2-1024x576.jpeg\" alt=\"\" class=\"wp-image-1956\" srcset=\"https:\/\/conasep.org.br\/noticias\/wp-content\/uploads\/2025\/10\/WhatsApp-Image-2025-10-15-at-08.25.37-2-1024x576.jpeg 1024w, https:\/\/conasep.org.br\/noticias\/wp-content\/uploads\/2025\/10\/WhatsApp-Image-2025-10-15-at-08.25.37-2-300x169.jpeg 300w, https:\/\/conasep.org.br\/noticias\/wp-content\/uploads\/2025\/10\/WhatsApp-Image-2025-10-15-at-08.25.37-2-768x432.jpeg 768w, https:\/\/conasep.org.br\/noticias\/wp-content\/uploads\/2025\/10\/WhatsApp-Image-2025-10-15-at-08.25.37-2-1536x864.jpeg 1536w, https:\/\/conasep.org.br\/noticias\/wp-content\/uploads\/2025\/10\/WhatsApp-Image-2025-10-15-at-08.25.37-2.jpeg 1600w\" sizes=\"(max-width: 1024px) 100vw, 1024px\" \/><\/figure>\n\n\n\n\n\n<figure class=\"wp-block-image size-large\"><img loading=\"lazy\" decoding=\"async\" width=\"1024\" height=\"576\" data-id=\"1946\" src=\"https:\/\/conasep.org.br\/noticias\/wp-content\/uploads\/2025\/10\/WhatsApp-Image-2025-10-15-at-08.25.37-1024x576.jpeg\" alt=\"\" class=\"wp-image-1946\" srcset=\"https:\/\/conasep.org.br\/noticias\/wp-content\/uploads\/2025\/10\/WhatsApp-Image-2025-10-15-at-08.25.37-1024x576.jpeg 1024w, https:\/\/conasep.org.br\/noticias\/wp-content\/uploads\/2025\/10\/WhatsApp-Image-2025-10-15-at-08.25.37-300x169.jpeg 300w, https:\/\/conasep.org.br\/noticias\/wp-content\/uploads\/2025\/10\/WhatsApp-Image-2025-10-15-at-08.25.37-768x432.jpeg 768w, https:\/\/conasep.org.br\/noticias\/wp-content\/uploads\/2025\/10\/WhatsApp-Image-2025-10-15-at-08.25.37-1536x864.jpeg 1536w, https:\/\/conasep.org.br\/noticias\/wp-content\/uploads\/2025\/10\/WhatsApp-Image-2025-10-15-at-08.25.37.jpeg 1600w\" sizes=\"(max-width: 1024px) 100vw, 1024px\" \/><\/figure>\n\n\n\n<figure class=\"wp-block-image size-large\"><img loading=\"lazy\" decoding=\"async\" width=\"1024\" height=\"576\" data-id=\"1944\" src=\"https:\/\/conasep.org.br\/noticias\/wp-content\/uploads\/2025\/10\/WhatsApp-Image-2025-10-15-at-08.25.29-1024x576.jpeg\" alt=\"\" class=\"wp-image-1944\" srcset=\"https:\/\/conasep.org.br\/noticias\/wp-content\/uploads\/2025\/10\/WhatsApp-Image-2025-10-15-at-08.25.29-1024x576.jpeg 1024w, https:\/\/conasep.org.br\/noticias\/wp-content\/uploads\/2025\/10\/WhatsApp-Image-2025-10-15-at-08.25.29-300x169.jpeg 300w, https:\/\/conasep.org.br\/noticias\/wp-content\/uploads\/2025\/10\/WhatsApp-Image-2025-10-15-at-08.25.29-768x432.jpeg 768w, https:\/\/conasep.org.br\/noticias\/wp-content\/uploads\/2025\/10\/WhatsApp-Image-2025-10-15-at-08.25.29-1536x864.jpeg 1536w, https:\/\/conasep.org.br\/noticias\/wp-content\/uploads\/2025\/10\/WhatsApp-Image-2025-10-15-at-08.25.29.jpeg 1600w\" sizes=\"(max-width: 1024px) 100vw, 1024px\" \/><\/figure>\n\n\n\n<figure class=\"wp-block-image size-large\"><img loading=\"lazy\" decoding=\"async\" width=\"1024\" height=\"768\" data-id=\"1947\" src=\"https:\/\/conasep.org.br\/noticias\/wp-content\/uploads\/2025\/10\/WhatsApp-Image-2025-10-15-at-08.25.28-3-1024x768.jpeg\" alt=\"\" class=\"wp-image-1947\" srcset=\"https:\/\/conasep.org.br\/noticias\/wp-content\/uploads\/2025\/10\/WhatsApp-Image-2025-10-15-at-08.25.28-3-1024x768.jpeg 1024w, https:\/\/conasep.org.br\/noticias\/wp-content\/uploads\/2025\/10\/WhatsApp-Image-2025-10-15-at-08.25.28-3-300x225.jpeg 300w, https:\/\/conasep.org.br\/noticias\/wp-content\/uploads\/2025\/10\/WhatsApp-Image-2025-10-15-at-08.25.28-3-768x576.jpeg 768w, https:\/\/conasep.org.br\/noticias\/wp-content\/uploads\/2025\/10\/WhatsApp-Image-2025-10-15-at-08.25.28-3-1536x1152.jpeg 1536w, https:\/\/conasep.org.br\/noticias\/wp-content\/uploads\/2025\/10\/WhatsApp-Image-2025-10-15-at-08.25.28-3.jpeg 1600w\" sizes=\"(max-width: 1024px) 100vw, 1024px\" \/><\/figure>\n\n\n\n<figure class=\"wp-block-image size-large\"><img loading=\"lazy\" decoding=\"async\" width=\"1024\" height=\"768\" data-id=\"1945\" src=\"https:\/\/conasep.org.br\/noticias\/wp-content\/uploads\/2025\/10\/WhatsApp-Image-2025-10-15-at-08.25.28-2-1024x768.jpeg\" alt=\"\" class=\"wp-image-1945\" srcset=\"https:\/\/conasep.org.br\/noticias\/wp-content\/uploads\/2025\/10\/WhatsApp-Image-2025-10-15-at-08.25.28-2-1024x768.jpeg 1024w, https:\/\/conasep.org.br\/noticias\/wp-content\/uploads\/2025\/10\/WhatsApp-Image-2025-10-15-at-08.25.28-2-300x225.jpeg 300w, https:\/\/conasep.org.br\/noticias\/wp-content\/uploads\/2025\/10\/WhatsApp-Image-2025-10-15-at-08.25.28-2-768x576.jpeg 768w, https:\/\/conasep.org.br\/noticias\/wp-content\/uploads\/2025\/10\/WhatsApp-Image-2025-10-15-at-08.25.28-2-1536x1152.jpeg 1536w, https:\/\/conasep.org.br\/noticias\/wp-content\/uploads\/2025\/10\/WhatsApp-Image-2025-10-15-at-08.25.28-2.jpeg 1600w\" sizes=\"(max-width: 1024px) 100vw, 1024px\" \/><\/figure>\n\n\n\n<figure class=\"wp-block-image size-large\"><img loading=\"lazy\" decoding=\"async\" width=\"1024\" height=\"768\" data-id=\"1948\" src=\"https:\/\/conasep.org.br\/noticias\/wp-content\/uploads\/2025\/10\/WhatsApp-Image-2025-10-15-at-08.25.28-1-1024x768.jpeg\" alt=\"\" class=\"wp-image-1948\" srcset=\"https:\/\/conasep.org.br\/noticias\/wp-content\/uploads\/2025\/10\/WhatsApp-Image-2025-10-15-at-08.25.28-1-1024x768.jpeg 1024w, https:\/\/conasep.org.br\/noticias\/wp-content\/uploads\/2025\/10\/WhatsApp-Image-2025-10-15-at-08.25.28-1-300x225.jpeg 300w, https:\/\/conasep.org.br\/noticias\/wp-content\/uploads\/2025\/10\/WhatsApp-Image-2025-10-15-at-08.25.28-1-768x576.jpeg 768w, https:\/\/conasep.org.br\/noticias\/wp-content\/uploads\/2025\/10\/WhatsApp-Image-2025-10-15-at-08.25.28-1-1536x1152.jpeg 1536w, https:\/\/conasep.org.br\/noticias\/wp-content\/uploads\/2025\/10\/WhatsApp-Image-2025-10-15-at-08.25.28-1.jpeg 1600w\" sizes=\"(max-width: 1024px) 100vw, 1024px\" \/><\/figure>\n\n\n\n<figure class=\"wp-block-image size-large\"><img loading=\"lazy\" decoding=\"async\" width=\"1024\" height=\"768\" data-id=\"1949\" src=\"https:\/\/conasep.org.br\/noticias\/wp-content\/uploads\/2025\/10\/WhatsApp-Image-2025-10-15-at-08.25.28-1024x768.jpeg\" alt=\"\" class=\"wp-image-1949\" srcset=\"https:\/\/conasep.org.br\/noticias\/wp-content\/uploads\/2025\/10\/WhatsApp-Image-2025-10-15-at-08.25.28-1024x768.jpeg 1024w, https:\/\/conasep.org.br\/noticias\/wp-content\/uploads\/2025\/10\/WhatsApp-Image-2025-10-15-at-08.25.28-300x225.jpeg 300w, https:\/\/conasep.org.br\/noticias\/wp-content\/uploads\/2025\/10\/WhatsApp-Image-2025-10-15-at-08.25.28-768x576.jpeg 768w, https:\/\/conasep.org.br\/noticias\/wp-content\/uploads\/2025\/10\/WhatsApp-Image-2025-10-15-at-08.25.28-1536x1152.jpeg 1536w, https:\/\/conasep.org.br\/noticias\/wp-content\/uploads\/2025\/10\/WhatsApp-Image-2025-10-15-at-08.25.28.jpeg 1600w\" sizes=\"(max-width: 1024px) 100vw, 1024px\" \/><\/figure>\n\n\n\n<figure class=\"wp-block-image size-large\"><img loading=\"lazy\" decoding=\"async\" width=\"1024\" height=\"768\" data-id=\"1950\" src=\"https:\/\/conasep.org.br\/noticias\/wp-content\/uploads\/2025\/10\/WhatsApp-Image-2025-10-15-at-08.25.27-2-1024x768.jpeg\" alt=\"\" class=\"wp-image-1950\" srcset=\"https:\/\/conasep.org.br\/noticias\/wp-content\/uploads\/2025\/10\/WhatsApp-Image-2025-10-15-at-08.25.27-2-1024x768.jpeg 1024w, https:\/\/conasep.org.br\/noticias\/wp-content\/uploads\/2025\/10\/WhatsApp-Image-2025-10-15-at-08.25.27-2-300x225.jpeg 300w, https:\/\/conasep.org.br\/noticias\/wp-content\/uploads\/2025\/10\/WhatsApp-Image-2025-10-15-at-08.25.27-2-768x576.jpeg 768w, https:\/\/conasep.org.br\/noticias\/wp-content\/uploads\/2025\/10\/WhatsApp-Image-2025-10-15-at-08.25.27-2-1536x1152.jpeg 1536w, https:\/\/conasep.org.br\/noticias\/wp-content\/uploads\/2025\/10\/WhatsApp-Image-2025-10-15-at-08.25.27-2.jpeg 1600w\" sizes=\"(max-width: 1024px) 100vw, 1024px\" \/><\/figure>\n\n\n\n<figure class=\"wp-block-image size-large\"><img loading=\"lazy\" decoding=\"async\" width=\"1024\" height=\"768\" data-id=\"1951\" src=\"https:\/\/conasep.org.br\/noticias\/wp-content\/uploads\/2025\/10\/WhatsApp-Image-2025-10-15-at-08.25.27-1-1024x768.jpeg\" alt=\"\" class=\"wp-image-1951\" srcset=\"https:\/\/conasep.org.br\/noticias\/wp-content\/uploads\/2025\/10\/WhatsApp-Image-2025-10-15-at-08.25.27-1-1024x768.jpeg 1024w, https:\/\/conasep.org.br\/noticias\/wp-content\/uploads\/2025\/10\/WhatsApp-Image-2025-10-15-at-08.25.27-1-300x225.jpeg 300w, https:\/\/conasep.org.br\/noticias\/wp-content\/uploads\/2025\/10\/WhatsApp-Image-2025-10-15-at-08.25.27-1-768x576.jpeg 768w, https:\/\/conasep.org.br\/noticias\/wp-content\/uploads\/2025\/10\/WhatsApp-Image-2025-10-15-at-08.25.27-1-1536x1152.jpeg 1536w, https:\/\/conasep.org.br\/noticias\/wp-content\/uploads\/2025\/10\/WhatsApp-Image-2025-10-15-at-08.25.27-1.jpeg 1600w\" sizes=\"(max-width: 1024px) 100vw, 1024px\" \/><\/figure>\n\n\n\n<figure class=\"wp-block-image size-large\"><img loading=\"lazy\" decoding=\"async\" width=\"768\" height=\"1024\" data-id=\"1952\" src=\"https:\/\/conasep.org.br\/noticias\/wp-content\/uploads\/2025\/10\/WhatsApp-Image-2025-10-15-at-08.25.27-768x1024.jpeg\" alt=\"\" class=\"wp-image-1952\" srcset=\"https:\/\/conasep.org.br\/noticias\/wp-content\/uploads\/2025\/10\/WhatsApp-Image-2025-10-15-at-08.25.27-768x1024.jpeg 768w, https:\/\/conasep.org.br\/noticias\/wp-content\/uploads\/2025\/10\/WhatsApp-Image-2025-10-15-at-08.25.27-225x300.jpeg 225w, https:\/\/conasep.org.br\/noticias\/wp-content\/uploads\/2025\/10\/WhatsApp-Image-2025-10-15-at-08.25.27-1152x1536.jpeg 1152w, https:\/\/conasep.org.br\/noticias\/wp-content\/uploads\/2025\/10\/WhatsApp-Image-2025-10-15-at-08.25.27.jpeg 1200w\" sizes=\"(max-width: 768px) 100vw, 768px\" \/><\/figure>\n<\/figure>\n","protected":false},"excerpt":{"rendered":"<p>No dia 13 de outubro de 2025, o Conselho Nacional da Seguran\u00e7a Privada (CONASEP) realizou uma reuni\u00e3o hist\u00f3rica no Plen\u00e1rio 05 da C\u00e2mara dos Deputados, reunindo Seguran\u00e7as e Bombeiros Civis de eventos do Distrito Federal para discutir as graves viola\u00e7\u00f5es trabalhistas e a desvaloriza\u00e7\u00e3o que atingem esses profissionais. O encontro, conduzido pelo Presidente Nacional do CONASEP, Dr. Alan Hassem, contou com a presen\u00e7a do Presidente da Comiss\u00e3o Nacional de Bombeiros Civis do CONASEP, Sandro Bilks, do Delegado do CONASEP no DF, Edson Carvalho, e das lideran\u00e7as da categoria Ruan e Rabelo, que foram convidados a integrar oficialmente o quadro de Delegados do CONASEP no Distrito Federal em reconhecimento \u00e0 sua representatividade e dedica\u00e7\u00e3o \u00e0 causa. Durante o evento, os participantes apresentaram relatos contundentes de humilha\u00e7\u00f5es, jornadas exaustivas e descumprimento da Conven\u00e7\u00e3o Coletiva de Trabalho (CCT). Muitos profissionais t\u00eam sido submetidos a mais de 8 horas de servi\u00e7o sem pausa para descanso, sem acesso \u00e0 alimenta\u00e7\u00e3o ou hidrata\u00e7\u00e3o adequadas, al\u00e9m de enfrentarem atrasos de semanas no pagamento pelos servi\u00e7os prestados, contrariando o que \u00e9 previsto em contrato. O Presidente do CONASEP, Dr. Alan Hassem, afirmou que a situa\u00e7\u00e3o \u00e9 \u201cinaceit\u00e1vel e desumana\u201d, e que a entidade j\u00e1 iniciou articula\u00e7\u00f5es com autoridades do Distrito Federal e do Governo Federal para garantir a dignidade e o respeito que esses profissionais merecem. \u201cEsses trabalhadores s\u00e3o a linha de frente da seguran\u00e7a em eventos, arriscam-se para proteger o p\u00fablico, e n\u00e3o podem continuar sendo explorados. O CONASEP est\u00e1 mobilizando esfor\u00e7os junto ao Governo do Distrito Federal, Minist\u00e9rio do Trabalho e Emprego, Minist\u00e9rio da Justi\u00e7a e parlamentares federais para mudar essa realidade. Vamos lutar pela valoriza\u00e7\u00e3o profissional, pela fiscaliza\u00e7\u00e3o das empresas e pela garantia de direitos b\u00e1sicos, como alimenta\u00e7\u00e3o, descanso e pagamento justo\u201d, declarou o presidente. O Presidente da Comiss\u00e3o Nacional de Bombeiros Civis do CONASEP, Sandro Bilks, destacou que a cria\u00e7\u00e3o de uma Cooperativa de Bombeiros Civis do Distrito Federal ser\u00e1 um passo decisivo para enfrentar a explora\u00e7\u00e3o e assegurar condi\u00e7\u00f5es dignas de trabalho. \u201cA cooperativa ser\u00e1 um instrumento de autonomia e prote\u00e7\u00e3o para os profissionais. Chegou o momento de os bombeiros civis se unirem, de forma organizada e legal, para impedir que continuem sendo explorados por intermediadores que lucram em cima do suor de quem est\u00e1 na linha de frente salvando vidas\u201d, enfatizou Bilks. O Delegado do CONASEP no DF, Edson Carvalho, refor\u00e7ou a import\u00e2ncia da uni\u00e3o da categoria e do apoio institucional do Conselho: \u201cO CONASEP est\u00e1 abrindo espa\u00e7o para que os profissionais do DF tenham voz ativa. A partir dessa reuni\u00e3o, estamos criando uma base s\u00f3lida de di\u00e1logo com as autoridades locais e federais, para garantir que o respeito, a dignidade e a legalidade prevale\u00e7am no ambiente de trabalho.\u201d As lideran\u00e7as de seguran\u00e7a de eventos, Ruan e Rabelo, agradeceram o apoio do CONASEP e destacaram a necessidade de que as empresas e organizadores de eventos cumpram o que est\u00e1 previsto na legisla\u00e7\u00e3o e nas conven\u00e7\u00f5es coletivas. \u201cQueremos apenas o que \u00e9 justo: receber o que \u00e9 devido, ter condi\u00e7\u00f5es dignas de trabalho e sermos tratados com respeito. Agradecemos ao CONASEP por nos ouvir e por levar nossas reivindica\u00e7\u00f5es \u00e0 C\u00e2mara dos Deputados, onde as decis\u00f5es realmente podem transformar nossa realidade\u201d, disse Ruan.\u201cEssa reuni\u00e3o representa uma virada de chave para n\u00f3s, profissionais que sempre estivemos na linha de frente, mas que nunca tivemos espa\u00e7o de di\u00e1logo t\u00e3o direto com autoridades. O apoio do Dr. Alan e da equipe do CONASEP nos d\u00e1 esperan\u00e7a de mudan\u00e7a real\u201d, complementou Rabelo. O CONASEP anunciou ainda que encaminhar\u00e1 um relat\u00f3rio oficial aos \u00f3rg\u00e3os competentes, incluindo o Minist\u00e9rio do Trabalho e Emprego, o Minist\u00e9rio da Justi\u00e7a e Seguran\u00e7a P\u00fablica, e o Governo do Distrito Federal, solicitando medidas urgentes de fiscaliza\u00e7\u00e3o e de prote\u00e7\u00e3o trabalhista. Tamb\u00e9m ser\u00e1 criado um grupo de trabalho permanente no \u00e2mbito do DF, com a miss\u00e3o de acompanhar as condi\u00e7\u00f5es de atua\u00e7\u00e3o dos profissionais de seguran\u00e7a e bombeiros civis em eventos, garantindo que as normas sejam cumpridas e que as den\u00fancias sejam apuradas. O Presidente do CONASEP encerrou a reuni\u00e3o reafirmando o compromisso da institui\u00e7\u00e3o com a defesa da categoria: \u201cNosso papel \u00e9 ser a voz dos profissionais da seguran\u00e7a privada e dos bombeiros civis em todo o pa\u00eds. O CONASEP n\u00e3o vai se calar diante de injusti\u00e7as. Vamos continuar dialogando com o Congresso Nacional, o Executivo e a sociedade civil para que esses trabalhadores, que s\u00e3o pilares da seguran\u00e7a p\u00fablica complementar, tenham a valoriza\u00e7\u00e3o e o respeito que merecem.\u201d Com esta a\u00e7\u00e3o, o CONASEP refor\u00e7a sua postura proativa, t\u00e9cnica e representativa na luta por dignidade, valoriza\u00e7\u00e3o e reconhecimento dos profissionais da seguran\u00e7a privada e emergencial, especialmente no Distrito Federal, onde a situa\u00e7\u00e3o exige respostas urgentes e estruturais. Fotos do Evento:<\/p>\n","protected":false},"author":6,"featured_media":1942,"comment_status":"open","ping_status":"open","sticky":false,"template":"","format":"standard","meta":{"footnotes":""},"categories":[46],"tags":[],"class_list":["post-1941","post","type-post","status-publish","format-standard","has-post-thumbnail","hentry","category-noticias"],"yoast_head":"<!-- This site is optimized with the Yoast SEO plugin v24.8.1 - https:\/\/yoast.com\/wordpress\/plugins\/seo\/ -->\n<title>CONASEP PROMOVE REUNI\u00c3O NA C\u00c2MARA DOS DEPUTADOS PARA DEBATER A SITUA\u00c7\u00c3O DOS SEGURAN\u00c7AS E BOMBEIROS CIVIS DE EVENTOS DO DISTRITO FEDERAL E ANUNCIA ARTICULA\u00c7\u00d5ES COM AUTORIDADES FEDERAIS E DISTRITAIS PARA GARANTIR DIGNIDADE \u00c0 CATEGORIA - Noticias Conasep<\/title>\n<meta name=\"robots\" content=\"index, follow, max-snippet:-1, max-image-preview:large, max-video-preview:-1\" \/>\n<link rel=\"canonical\" href=\"https:\/\/conasep.org.br\/noticias\/conasep-promove-reuniao-na-camara-dos-deputados-para-debater-a-situacao-dos-segurancas-e-bombeiros-civis-de-eventos-do-distrito-federal-e-anuncia-articulacoes-com-autoridades-federais-e-distritais-par\/\" \/>\n<meta property=\"og:locale\" content=\"pt_BR\" \/>\n<meta property=\"og:type\" content=\"article\" \/>\n<meta property=\"og:title\" content=\"CONASEP PROMOVE REUNI\u00c3O NA C\u00c2MARA DOS DEPUTADOS PARA DEBATER A SITUA\u00c7\u00c3O DOS SEGURAN\u00c7AS E BOMBEIROS CIVIS DE EVENTOS DO DISTRITO FEDERAL E ANUNCIA ARTICULA\u00c7\u00d5ES COM AUTORIDADES FEDERAIS E DISTRITAIS PARA GARANTIR DIGNIDADE \u00c0 CATEGORIA - Noticias Conasep\" \/>\n<meta property=\"og:description\" content=\"No dia 13 de outubro de 2025, o Conselho Nacional da Seguran\u00e7a Privada (CONASEP) realizou uma reuni\u00e3o hist\u00f3rica no Plen\u00e1rio 05 da C\u00e2mara dos Deputados, reunindo Seguran\u00e7as e Bombeiros Civis de eventos do Distrito Federal para discutir as graves viola\u00e7\u00f5es trabalhistas e a desvaloriza\u00e7\u00e3o que atingem esses profissionais. O encontro, conduzido pelo Presidente Nacional do CONASEP, Dr. Alan Hassem, contou com a presen\u00e7a do Presidente da Comiss\u00e3o Nacional de Bombeiros Civis do CONASEP, Sandro Bilks, do Delegado do CONASEP no DF, Edson Carvalho, e das lideran\u00e7as da categoria Ruan e Rabelo, que foram convidados a integrar oficialmente o quadro de Delegados do CONASEP no Distrito Federal em reconhecimento \u00e0 sua representatividade e dedica\u00e7\u00e3o \u00e0 causa. Durante o evento, os participantes apresentaram relatos contundentes de humilha\u00e7\u00f5es, jornadas exaustivas e descumprimento da Conven\u00e7\u00e3o Coletiva de Trabalho (CCT). Muitos profissionais t\u00eam sido submetidos a mais de 8 horas de servi\u00e7o sem pausa para descanso, sem acesso \u00e0 alimenta\u00e7\u00e3o ou hidrata\u00e7\u00e3o adequadas, al\u00e9m de enfrentarem atrasos de semanas no pagamento pelos servi\u00e7os prestados, contrariando o que \u00e9 previsto em contrato. O Presidente do CONASEP, Dr. Alan Hassem, afirmou que a situa\u00e7\u00e3o \u00e9 \u201cinaceit\u00e1vel e desumana\u201d, e que a entidade j\u00e1 iniciou articula\u00e7\u00f5es com autoridades do Distrito Federal e do Governo Federal para garantir a dignidade e o respeito que esses profissionais merecem. \u201cEsses trabalhadores s\u00e3o a linha de frente da seguran\u00e7a em eventos, arriscam-se para proteger o p\u00fablico, e n\u00e3o podem continuar sendo explorados. O CONASEP est\u00e1 mobilizando esfor\u00e7os junto ao Governo do Distrito Federal, Minist\u00e9rio do Trabalho e Emprego, Minist\u00e9rio da Justi\u00e7a e parlamentares federais para mudar essa realidade. Vamos lutar pela valoriza\u00e7\u00e3o profissional, pela fiscaliza\u00e7\u00e3o das empresas e pela garantia de direitos b\u00e1sicos, como alimenta\u00e7\u00e3o, descanso e pagamento justo\u201d, declarou o presidente. O Presidente da Comiss\u00e3o Nacional de Bombeiros Civis do CONASEP, Sandro Bilks, destacou que a cria\u00e7\u00e3o de uma Cooperativa de Bombeiros Civis do Distrito Federal ser\u00e1 um passo decisivo para enfrentar a explora\u00e7\u00e3o e assegurar condi\u00e7\u00f5es dignas de trabalho. \u201cA cooperativa ser\u00e1 um instrumento de autonomia e prote\u00e7\u00e3o para os profissionais. Chegou o momento de os bombeiros civis se unirem, de forma organizada e legal, para impedir que continuem sendo explorados por intermediadores que lucram em cima do suor de quem est\u00e1 na linha de frente salvando vidas\u201d, enfatizou Bilks. O Delegado do CONASEP no DF, Edson Carvalho, refor\u00e7ou a import\u00e2ncia da uni\u00e3o da categoria e do apoio institucional do Conselho: \u201cO CONASEP est\u00e1 abrindo espa\u00e7o para que os profissionais do DF tenham voz ativa. A partir dessa reuni\u00e3o, estamos criando uma base s\u00f3lida de di\u00e1logo com as autoridades locais e federais, para garantir que o respeito, a dignidade e a legalidade prevale\u00e7am no ambiente de trabalho.\u201d As lideran\u00e7as de seguran\u00e7a de eventos, Ruan e Rabelo, agradeceram o apoio do CONASEP e destacaram a necessidade de que as empresas e organizadores de eventos cumpram o que est\u00e1 previsto na legisla\u00e7\u00e3o e nas conven\u00e7\u00f5es coletivas. \u201cQueremos apenas o que \u00e9 justo: receber o que \u00e9 devido, ter condi\u00e7\u00f5es dignas de trabalho e sermos tratados com respeito. Agradecemos ao CONASEP por nos ouvir e por levar nossas reivindica\u00e7\u00f5es \u00e0 C\u00e2mara dos Deputados, onde as decis\u00f5es realmente podem transformar nossa realidade\u201d, disse Ruan.\u201cEssa reuni\u00e3o representa uma virada de chave para n\u00f3s, profissionais que sempre estivemos na linha de frente, mas que nunca tivemos espa\u00e7o de di\u00e1logo t\u00e3o direto com autoridades. O apoio do Dr. Alan e da equipe do CONASEP nos d\u00e1 esperan\u00e7a de mudan\u00e7a real\u201d, complementou Rabelo. O CONASEP anunciou ainda que encaminhar\u00e1 um relat\u00f3rio oficial aos \u00f3rg\u00e3os competentes, incluindo o Minist\u00e9rio do Trabalho e Emprego, o Minist\u00e9rio da Justi\u00e7a e Seguran\u00e7a P\u00fablica, e o Governo do Distrito Federal, solicitando medidas urgentes de fiscaliza\u00e7\u00e3o e de prote\u00e7\u00e3o trabalhista. Tamb\u00e9m ser\u00e1 criado um grupo de trabalho permanente no \u00e2mbito do DF, com a miss\u00e3o de acompanhar as condi\u00e7\u00f5es de atua\u00e7\u00e3o dos profissionais de seguran\u00e7a e bombeiros civis em eventos, garantindo que as normas sejam cumpridas e que as den\u00fancias sejam apuradas. O Presidente do CONASEP encerrou a reuni\u00e3o reafirmando o compromisso da institui\u00e7\u00e3o com a defesa da categoria: \u201cNosso papel \u00e9 ser a voz dos profissionais da seguran\u00e7a privada e dos bombeiros civis em todo o pa\u00eds. O CONASEP n\u00e3o vai se calar diante de injusti\u00e7as. Vamos continuar dialogando com o Congresso Nacional, o Executivo e a sociedade civil para que esses trabalhadores, que s\u00e3o pilares da seguran\u00e7a p\u00fablica complementar, tenham a valoriza\u00e7\u00e3o e o respeito que merecem.\u201d Com esta a\u00e7\u00e3o, o CONASEP refor\u00e7a sua postura proativa, t\u00e9cnica e representativa na luta por dignidade, valoriza\u00e7\u00e3o e reconhecimento dos profissionais da seguran\u00e7a privada e emergencial, especialmente no Distrito Federal, onde a situa\u00e7\u00e3o exige respostas urgentes e estruturais. Fotos do Evento:\" \/>\n<meta property=\"og:url\" content=\"https:\/\/conasep.org.br\/noticias\/conasep-promove-reuniao-na-camara-dos-deputados-para-debater-a-situacao-dos-segurancas-e-bombeiros-civis-de-eventos-do-distrito-federal-e-anuncia-articulacoes-com-autoridades-federais-e-distritais-par\/\" \/>\n<meta property=\"og:site_name\" content=\"Noticias Conasep\" \/>\n<meta property=\"article:published_time\" content=\"2025-10-15T11:32:50+00:00\" \/>\n<meta property=\"article:modified_time\" content=\"2025-10-15T15:00:51+00:00\" \/>\n<meta property=\"og:image\" content=\"https:\/\/conasep.org.br\/noticias\/wp-content\/uploads\/2025\/10\/WhatsApp-Image-2025-10-15-at-08.19.48.jpeg\" \/>\n\t<meta property=\"og:image:width\" content=\"1600\" \/>\n\t<meta property=\"og:image:height\" content=\"1200\" \/>\n\t<meta property=\"og:image:type\" content=\"image\/jpeg\" \/>\n<meta name=\"author\" content=\"CONASEP\" \/>\n<meta name=\"twitter:card\" content=\"summary_large_image\" \/>\n<meta name=\"twitter:label1\" content=\"Escrito por\" \/>\n\t<meta name=\"twitter:data1\" content=\"CONASEP\" \/>\n\t<meta name=\"twitter:label2\" content=\"Est. tempo de leitura\" \/>\n\t<meta name=\"twitter:data2\" content=\"6 minutos\" \/>\n<script type=\"application\/ld+json\" class=\"yoast-schema-graph\">{\"@context\":\"https:\/\/schema.org\",\"@graph\":[{\"@type\":\"WebPage\",\"@id\":\"https:\/\/conasep.org.br\/noticias\/conasep-promove-reuniao-na-camara-dos-deputados-para-debater-a-situacao-dos-segurancas-e-bombeiros-civis-de-eventos-do-distrito-federal-e-anuncia-articulacoes-com-autoridades-federais-e-distritais-par\/\",\"url\":\"https:\/\/conasep.org.br\/noticias\/conasep-promove-reuniao-na-camara-dos-deputados-para-debater-a-situacao-dos-segurancas-e-bombeiros-civis-de-eventos-do-distrito-federal-e-anuncia-articulacoes-com-autoridades-federais-e-distritais-par\/\",\"name\":\"CONASEP PROMOVE REUNI\u00c3O NA C\u00c2MARA DOS DEPUTADOS PARA DEBATER A SITUA\u00c7\u00c3O DOS SEGURAN\u00c7AS E BOMBEIROS CIVIS DE EVENTOS DO DISTRITO FEDERAL E ANUNCIA ARTICULA\u00c7\u00d5ES COM AUTORIDADES FEDERAIS E DISTRITAIS PARA GARANTIR DIGNIDADE \u00c0 CATEGORIA - Noticias Conasep\",\"isPartOf\":{\"@id\":\"https:\/\/www.conasep.org.br\/noticias\/#website\"},\"primaryImageOfPage\":{\"@id\":\"https:\/\/conasep.org.br\/noticias\/conasep-promove-reuniao-na-camara-dos-deputados-para-debater-a-situacao-dos-segurancas-e-bombeiros-civis-de-eventos-do-distrito-federal-e-anuncia-articulacoes-com-autoridades-federais-e-distritais-par\/#primaryimage\"},\"image\":{\"@id\":\"https:\/\/conasep.org.br\/noticias\/conasep-promove-reuniao-na-camara-dos-deputados-para-debater-a-situacao-dos-segurancas-e-bombeiros-civis-de-eventos-do-distrito-federal-e-anuncia-articulacoes-com-autoridades-federais-e-distritais-par\/#primaryimage\"},\"thumbnailUrl\":\"https:\/\/conasep.org.br\/noticias\/wp-content\/uploads\/2025\/10\/WhatsApp-Image-2025-10-15-at-08.19.48.jpeg\",\"datePublished\":\"2025-10-15T11:32:50+00:00\",\"dateModified\":\"2025-10-15T15:00:51+00:00\",\"author\":{\"@id\":\"https:\/\/www.conasep.org.br\/noticias\/#\/schema\/person\/96e446b120d85d108e7ebeb7d82a2c44\"},\"breadcrumb\":{\"@id\":\"https:\/\/conasep.org.br\/noticias\/conasep-promove-reuniao-na-camara-dos-deputados-para-debater-a-situacao-dos-segurancas-e-bombeiros-civis-de-eventos-do-distrito-federal-e-anuncia-articulacoes-com-autoridades-federais-e-distritais-par\/#breadcrumb\"},\"inLanguage\":\"pt-BR\",\"potentialAction\":[{\"@type\":\"ReadAction\",\"target\":[\"https:\/\/conasep.org.br\/noticias\/conasep-promove-reuniao-na-camara-dos-deputados-para-debater-a-situacao-dos-segurancas-e-bombeiros-civis-de-eventos-do-distrito-federal-e-anuncia-articulacoes-com-autoridades-federais-e-distritais-par\/\"]}]},{\"@type\":\"ImageObject\",\"inLanguage\":\"pt-BR\",\"@id\":\"https:\/\/conasep.org.br\/noticias\/conasep-promove-reuniao-na-camara-dos-deputados-para-debater-a-situacao-dos-segurancas-e-bombeiros-civis-de-eventos-do-distrito-federal-e-anuncia-articulacoes-com-autoridades-federais-e-distritais-par\/#primaryimage\",\"url\":\"https:\/\/conasep.org.br\/noticias\/wp-content\/uploads\/2025\/10\/WhatsApp-Image-2025-10-15-at-08.19.48.jpeg\",\"contentUrl\":\"https:\/\/conasep.org.br\/noticias\/wp-content\/uploads\/2025\/10\/WhatsApp-Image-2025-10-15-at-08.19.48.jpeg\",\"width\":1600,\"height\":1200},{\"@type\":\"BreadcrumbList\",\"@id\":\"https:\/\/conasep.org.br\/noticias\/conasep-promove-reuniao-na-camara-dos-deputados-para-debater-a-situacao-dos-segurancas-e-bombeiros-civis-de-eventos-do-distrito-federal-e-anuncia-articulacoes-com-autoridades-federais-e-distritais-par\/#breadcrumb\",\"itemListElement\":[{\"@type\":\"ListItem\",\"position\":1,\"name\":\"In\u00edcio\",\"item\":\"https:\/\/www.conasep.org.br\/noticias\/\"},{\"@type\":\"ListItem\",\"position\":2,\"name\":\"CONASEP PROMOVE REUNI\u00c3O NA C\u00c2MARA DOS DEPUTADOS PARA DEBATER A SITUA\u00c7\u00c3O DOS SEGURAN\u00c7AS E BOMBEIROS CIVIS DE EVENTOS DO DISTRITO FEDERAL E ANUNCIA ARTICULA\u00c7\u00d5ES COM AUTORIDADES FEDERAIS E DISTRITAIS PARA GARANTIR DIGNIDADE \u00c0 CATEGORIA\"}]},{\"@type\":\"WebSite\",\"@id\":\"https:\/\/www.conasep.org.br\/noticias\/#website\",\"url\":\"https:\/\/www.conasep.org.br\/noticias\/\",\"name\":\"Noticias Conasep\",\"description\":\"Os melhores conte\u00fados\",\"potentialAction\":[{\"@type\":\"SearchAction\",\"target\":{\"@type\":\"EntryPoint\",\"urlTemplate\":\"https:\/\/www.conasep.org.br\/noticias\/?s={search_term_string}\"},\"query-input\":{\"@type\":\"PropertyValueSpecification\",\"valueRequired\":true,\"valueName\":\"search_term_string\"}}],\"inLanguage\":\"pt-BR\"},{\"@type\":\"Person\",\"@id\":\"https:\/\/www.conasep.org.br\/noticias\/#\/schema\/person\/96e446b120d85d108e7ebeb7d82a2c44\",\"name\":\"CONASEP\",\"image\":{\"@type\":\"ImageObject\",\"inLanguage\":\"pt-BR\",\"@id\":\"https:\/\/www.conasep.org.br\/noticias\/#\/schema\/person\/image\/\",\"url\":\"https:\/\/secure.gravatar.com\/avatar\/17258e04e8f7917cf6d5fea9e29eedbd?s=96&d=mm&r=g\",\"contentUrl\":\"https:\/\/secure.gravatar.com\/avatar\/17258e04e8f7917cf6d5fea9e29eedbd?s=96&d=mm&r=g\",\"caption\":\"CONASEP\"},\"url\":\"https:\/\/conasep.org.br\/noticias\/author\/conasep\/\"}]}<\/script>\n<!-- \/ Yoast SEO plugin. -->","yoast_head_json":{"title":"CONASEP PROMOVE REUNI\u00c3O NA C\u00c2MARA DOS DEPUTADOS PARA DEBATER A SITUA\u00c7\u00c3O DOS SEGURAN\u00c7AS E BOMBEIROS CIVIS DE EVENTOS DO DISTRITO FEDERAL E ANUNCIA ARTICULA\u00c7\u00d5ES COM AUTORIDADES FEDERAIS E DISTRITAIS PARA GARANTIR DIGNIDADE \u00c0 CATEGORIA - Noticias Conasep","robots":{"index":"index","follow":"follow","max-snippet":"max-snippet:-1","max-image-preview":"max-image-preview:large","max-video-preview":"max-video-preview:-1"},"canonical":"https:\/\/conasep.org.br\/noticias\/conasep-promove-reuniao-na-camara-dos-deputados-para-debater-a-situacao-dos-segurancas-e-bombeiros-civis-de-eventos-do-distrito-federal-e-anuncia-articulacoes-com-autoridades-federais-e-distritais-par\/","og_locale":"pt_BR","og_type":"article","og_title":"CONASEP PROMOVE REUNI\u00c3O NA C\u00c2MARA DOS DEPUTADOS PARA DEBATER A SITUA\u00c7\u00c3O DOS SEGURAN\u00c7AS E BOMBEIROS CIVIS DE EVENTOS DO DISTRITO FEDERAL E ANUNCIA ARTICULA\u00c7\u00d5ES COM AUTORIDADES FEDERAIS E DISTRITAIS PARA GARANTIR DIGNIDADE \u00c0 CATEGORIA - Noticias Conasep","og_description":"No dia 13 de outubro de 2025, o Conselho Nacional da Seguran\u00e7a Privada (CONASEP) realizou uma reuni\u00e3o hist\u00f3rica no Plen\u00e1rio 05 da C\u00e2mara dos Deputados, reunindo Seguran\u00e7as e Bombeiros Civis de eventos do Distrito Federal para discutir as graves viola\u00e7\u00f5es trabalhistas e a desvaloriza\u00e7\u00e3o que atingem esses profissionais. O encontro, conduzido pelo Presidente Nacional do CONASEP, Dr. Alan Hassem, contou com a presen\u00e7a do Presidente da Comiss\u00e3o Nacional de Bombeiros Civis do CONASEP, Sandro Bilks, do Delegado do CONASEP no DF, Edson Carvalho, e das lideran\u00e7as da categoria Ruan e Rabelo, que foram convidados a integrar oficialmente o quadro de Delegados do CONASEP no Distrito Federal em reconhecimento \u00e0 sua representatividade e dedica\u00e7\u00e3o \u00e0 causa. Durante o evento, os participantes apresentaram relatos contundentes de humilha\u00e7\u00f5es, jornadas exaustivas e descumprimento da Conven\u00e7\u00e3o Coletiva de Trabalho (CCT). Muitos profissionais t\u00eam sido submetidos a mais de 8 horas de servi\u00e7o sem pausa para descanso, sem acesso \u00e0 alimenta\u00e7\u00e3o ou hidrata\u00e7\u00e3o adequadas, al\u00e9m de enfrentarem atrasos de semanas no pagamento pelos servi\u00e7os prestados, contrariando o que \u00e9 previsto em contrato. O Presidente do CONASEP, Dr. Alan Hassem, afirmou que a situa\u00e7\u00e3o \u00e9 \u201cinaceit\u00e1vel e desumana\u201d, e que a entidade j\u00e1 iniciou articula\u00e7\u00f5es com autoridades do Distrito Federal e do Governo Federal para garantir a dignidade e o respeito que esses profissionais merecem. \u201cEsses trabalhadores s\u00e3o a linha de frente da seguran\u00e7a em eventos, arriscam-se para proteger o p\u00fablico, e n\u00e3o podem continuar sendo explorados. O CONASEP est\u00e1 mobilizando esfor\u00e7os junto ao Governo do Distrito Federal, Minist\u00e9rio do Trabalho e Emprego, Minist\u00e9rio da Justi\u00e7a e parlamentares federais para mudar essa realidade. Vamos lutar pela valoriza\u00e7\u00e3o profissional, pela fiscaliza\u00e7\u00e3o das empresas e pela garantia de direitos b\u00e1sicos, como alimenta\u00e7\u00e3o, descanso e pagamento justo\u201d, declarou o presidente. O Presidente da Comiss\u00e3o Nacional de Bombeiros Civis do CONASEP, Sandro Bilks, destacou que a cria\u00e7\u00e3o de uma Cooperativa de Bombeiros Civis do Distrito Federal ser\u00e1 um passo decisivo para enfrentar a explora\u00e7\u00e3o e assegurar condi\u00e7\u00f5es dignas de trabalho. \u201cA cooperativa ser\u00e1 um instrumento de autonomia e prote\u00e7\u00e3o para os profissionais. Chegou o momento de os bombeiros civis se unirem, de forma organizada e legal, para impedir que continuem sendo explorados por intermediadores que lucram em cima do suor de quem est\u00e1 na linha de frente salvando vidas\u201d, enfatizou Bilks. O Delegado do CONASEP no DF, Edson Carvalho, refor\u00e7ou a import\u00e2ncia da uni\u00e3o da categoria e do apoio institucional do Conselho: \u201cO CONASEP est\u00e1 abrindo espa\u00e7o para que os profissionais do DF tenham voz ativa. A partir dessa reuni\u00e3o, estamos criando uma base s\u00f3lida de di\u00e1logo com as autoridades locais e federais, para garantir que o respeito, a dignidade e a legalidade prevale\u00e7am no ambiente de trabalho.\u201d As lideran\u00e7as de seguran\u00e7a de eventos, Ruan e Rabelo, agradeceram o apoio do CONASEP e destacaram a necessidade de que as empresas e organizadores de eventos cumpram o que est\u00e1 previsto na legisla\u00e7\u00e3o e nas conven\u00e7\u00f5es coletivas. \u201cQueremos apenas o que \u00e9 justo: receber o que \u00e9 devido, ter condi\u00e7\u00f5es dignas de trabalho e sermos tratados com respeito. Agradecemos ao CONASEP por nos ouvir e por levar nossas reivindica\u00e7\u00f5es \u00e0 C\u00e2mara dos Deputados, onde as decis\u00f5es realmente podem transformar nossa realidade\u201d, disse Ruan.\u201cEssa reuni\u00e3o representa uma virada de chave para n\u00f3s, profissionais que sempre estivemos na linha de frente, mas que nunca tivemos espa\u00e7o de di\u00e1logo t\u00e3o direto com autoridades. O apoio do Dr. Alan e da equipe do CONASEP nos d\u00e1 esperan\u00e7a de mudan\u00e7a real\u201d, complementou Rabelo. O CONASEP anunciou ainda que encaminhar\u00e1 um relat\u00f3rio oficial aos \u00f3rg\u00e3os competentes, incluindo o Minist\u00e9rio do Trabalho e Emprego, o Minist\u00e9rio da Justi\u00e7a e Seguran\u00e7a P\u00fablica, e o Governo do Distrito Federal, solicitando medidas urgentes de fiscaliza\u00e7\u00e3o e de prote\u00e7\u00e3o trabalhista. Tamb\u00e9m ser\u00e1 criado um grupo de trabalho permanente no \u00e2mbito do DF, com a miss\u00e3o de acompanhar as condi\u00e7\u00f5es de atua\u00e7\u00e3o dos profissionais de seguran\u00e7a e bombeiros civis em eventos, garantindo que as normas sejam cumpridas e que as den\u00fancias sejam apuradas. O Presidente do CONASEP encerrou a reuni\u00e3o reafirmando o compromisso da institui\u00e7\u00e3o com a defesa da categoria: \u201cNosso papel \u00e9 ser a voz dos profissionais da seguran\u00e7a privada e dos bombeiros civis em todo o pa\u00eds. O CONASEP n\u00e3o vai se calar diante de injusti\u00e7as. Vamos continuar dialogando com o Congresso Nacional, o Executivo e a sociedade civil para que esses trabalhadores, que s\u00e3o pilares da seguran\u00e7a p\u00fablica complementar, tenham a valoriza\u00e7\u00e3o e o respeito que merecem.\u201d Com esta a\u00e7\u00e3o, o CONASEP refor\u00e7a sua postura proativa, t\u00e9cnica e representativa na luta por dignidade, valoriza\u00e7\u00e3o e reconhecimento dos profissionais da seguran\u00e7a privada e emergencial, especialmente no Distrito Federal, onde a situa\u00e7\u00e3o exige respostas urgentes e estruturais. Fotos do Evento:","og_url":"https:\/\/conasep.org.br\/noticias\/conasep-promove-reuniao-na-camara-dos-deputados-para-debater-a-situacao-dos-segurancas-e-bombeiros-civis-de-eventos-do-distrito-federal-e-anuncia-articulacoes-com-autoridades-federais-e-distritais-par\/","og_site_name":"Noticias Conasep","article_published_time":"2025-10-15T11:32:50+00:00","article_modified_time":"2025-10-15T15:00:51+00:00","og_image":[{"width":1600,"height":1200,"url":"https:\/\/conasep.org.br\/noticias\/wp-content\/uploads\/2025\/10\/WhatsApp-Image-2025-10-15-at-08.19.48.jpeg","type":"image\/jpeg"}],"author":"CONASEP","twitter_card":"summary_large_image","twitter_misc":{"Escrito por":"CONASEP","Est. tempo de leitura":"6 minutos"},"schema":{"@context":"https:\/\/schema.org","@graph":[{"@type":"WebPage","@id":"https:\/\/conasep.org.br\/noticias\/conasep-promove-reuniao-na-camara-dos-deputados-para-debater-a-situacao-dos-segurancas-e-bombeiros-civis-de-eventos-do-distrito-federal-e-anuncia-articulacoes-com-autoridades-federais-e-distritais-par\/","url":"https:\/\/conasep.org.br\/noticias\/conasep-promove-reuniao-na-camara-dos-deputados-para-debater-a-situacao-dos-segurancas-e-bombeiros-civis-de-eventos-do-distrito-federal-e-anuncia-articulacoes-com-autoridades-federais-e-distritais-par\/","name":"CONASEP PROMOVE REUNI\u00c3O NA C\u00c2MARA DOS DEPUTADOS PARA DEBATER A SITUA\u00c7\u00c3O DOS SEGURAN\u00c7AS E BOMBEIROS CIVIS DE EVENTOS DO DISTRITO FEDERAL E ANUNCIA ARTICULA\u00c7\u00d5ES COM AUTORIDADES FEDERAIS E DISTRITAIS PARA GARANTIR DIGNIDADE \u00c0 CATEGORIA - Noticias Conasep","isPartOf":{"@id":"https:\/\/www.conasep.org.br\/noticias\/#website"},"primaryImageOfPage":{"@id":"https:\/\/conasep.org.br\/noticias\/conasep-promove-reuniao-na-camara-dos-deputados-para-debater-a-situacao-dos-segurancas-e-bombeiros-civis-de-eventos-do-distrito-federal-e-anuncia-articulacoes-com-autoridades-federais-e-distritais-par\/#primaryimage"},"image":{"@id":"https:\/\/conasep.org.br\/noticias\/conasep-promove-reuniao-na-camara-dos-deputados-para-debater-a-situacao-dos-segurancas-e-bombeiros-civis-de-eventos-do-distrito-federal-e-anuncia-articulacoes-com-autoridades-federais-e-distritais-par\/#primaryimage"},"thumbnailUrl":"https:\/\/conasep.org.br\/noticias\/wp-content\/uploads\/2025\/10\/WhatsApp-Image-2025-10-15-at-08.19.48.jpeg","datePublished":"2025-10-15T11:32:50+00:00","dateModified":"2025-10-15T15:00:51+00:00","author":{"@id":"https:\/\/www.conasep.org.br\/noticias\/#\/schema\/person\/96e446b120d85d108e7ebeb7d82a2c44"},"breadcrumb":{"@id":"https:\/\/conasep.org.br\/noticias\/conasep-promove-reuniao-na-camara-dos-deputados-para-debater-a-situacao-dos-segurancas-e-bombeiros-civis-de-eventos-do-distrito-federal-e-anuncia-articulacoes-com-autoridades-federais-e-distritais-par\/#breadcrumb"},"inLanguage":"pt-BR","potentialAction":[{"@type":"ReadAction","target":["https:\/\/conasep.org.br\/noticias\/conasep-promove-reuniao-na-camara-dos-deputados-para-debater-a-situacao-dos-segurancas-e-bombeiros-civis-de-eventos-do-distrito-federal-e-anuncia-articulacoes-com-autoridades-federais-e-distritais-par\/"]}]},{"@type":"ImageObject","inLanguage":"pt-BR","@id":"https:\/\/conasep.org.br\/noticias\/conasep-promove-reuniao-na-camara-dos-deputados-para-debater-a-situacao-dos-segurancas-e-bombeiros-civis-de-eventos-do-distrito-federal-e-anuncia-articulacoes-com-autoridades-federais-e-distritais-par\/#primaryimage","url":"https:\/\/conasep.org.br\/noticias\/wp-content\/uploads\/2025\/10\/WhatsApp-Image-2025-10-15-at-08.19.48.jpeg","contentUrl":"https:\/\/conasep.org.br\/noticias\/wp-content\/uploads\/2025\/10\/WhatsApp-Image-2025-10-15-at-08.19.48.jpeg","width":1600,"height":1200},{"@type":"BreadcrumbList","@id":"https:\/\/conasep.org.br\/noticias\/conasep-promove-reuniao-na-camara-dos-deputados-para-debater-a-situacao-dos-segurancas-e-bombeiros-civis-de-eventos-do-distrito-federal-e-anuncia-articulacoes-com-autoridades-federais-e-distritais-par\/#breadcrumb","itemListElement":[{"@type":"ListItem","position":1,"name":"In\u00edcio","item":"https:\/\/www.conasep.org.br\/noticias\/"},{"@type":"ListItem","position":2,"name":"CONASEP PROMOVE REUNI\u00c3O NA C\u00c2MARA DOS DEPUTADOS PARA DEBATER A SITUA\u00c7\u00c3O DOS SEGURAN\u00c7AS E BOMBEIROS CIVIS DE EVENTOS DO DISTRITO FEDERAL E ANUNCIA ARTICULA\u00c7\u00d5ES COM AUTORIDADES FEDERAIS E DISTRITAIS PARA GARANTIR DIGNIDADE \u00c0 CATEGORIA"}]},{"@type":"WebSite","@id":"https:\/\/www.conasep.org.br\/noticias\/#website","url":"https:\/\/www.conasep.org.br\/noticias\/","name":"Noticias Conasep","description":"Os melhores conte\u00fados","potentialAction":[{"@type":"SearchAction","target":{"@type":"EntryPoint","urlTemplate":"https:\/\/www.conasep.org.br\/noticias\/?s={search_term_string}"},"query-input":{"@type":"PropertyValueSpecification","valueRequired":true,"valueName":"search_term_string"}}],"inLanguage":"pt-BR"},{"@type":"Person","@id":"https:\/\/www.conasep.org.br\/noticias\/#\/schema\/person\/96e446b120d85d108e7ebeb7d82a2c44","name":"CONASEP","image":{"@type":"ImageObject","inLanguage":"pt-BR","@id":"https:\/\/www.conasep.org.br\/noticias\/#\/schema\/person\/image\/","url":"https:\/\/secure.gravatar.com\/avatar\/17258e04e8f7917cf6d5fea9e29eedbd?s=96&d=mm&r=g","contentUrl":"https:\/\/secure.gravatar.com\/avatar\/17258e04e8f7917cf6d5fea9e29eedbd?s=96&d=mm&r=g","caption":"CONASEP"},"url":"https:\/\/conasep.org.br\/noticias\/author\/conasep\/"}]}},"_links":{"self":[{"href":"https:\/\/conasep.org.br\/noticias\/wp-json\/wp\/v2\/posts\/1941","targetHints":{"allow":["GET"]}}],"collection":[{"href":"https:\/\/conasep.org.br\/noticias\/wp-json\/wp\/v2\/posts"}],"about":[{"href":"https:\/\/conasep.org.br\/noticias\/wp-json\/wp\/v2\/types\/post"}],"author":[{"embeddable":true,"href":"https:\/\/conasep.org.br\/noticias\/wp-json\/wp\/v2\/users\/6"}],"replies":[{"embeddable":true,"href":"https:\/\/conasep.org.br\/noticias\/wp-json\/wp\/v2\/comments?post=1941"}],"version-history":[{"count":3,"href":"https:\/\/conasep.org.br\/noticias\/wp-json\/wp\/v2\/posts\/1941\/revisions"}],"predecessor-version":[{"id":1971,"href":"https:\/\/conasep.org.br\/noticias\/wp-json\/wp\/v2\/posts\/1941\/revisions\/1971"}],"wp:featuredmedia":[{"embeddable":true,"href":"https:\/\/conasep.org.br\/noticias\/wp-json\/wp\/v2\/media\/1942"}],"wp:attachment":[{"href":"https:\/\/conasep.org.br\/noticias\/wp-json\/wp\/v2\/media?parent=1941"}],"wp:term":[{"taxonomy":"category","embeddable":true,"href":"https:\/\/conasep.org.br\/noticias\/wp-json\/wp\/v2\/categories?post=1941"},{"taxonomy":"post_tag","embeddable":true,"href":"https:\/\/conasep.org.br\/noticias\/wp-json\/wp\/v2\/tags?post=1941"}],"curies":[{"name":"wp","href":"https:\/\/api.w.org\/{rel}","templated":true}]}}