{"id":1961,"date":"2025-10-15T11:58:15","date_gmt":"2025-10-15T11:58:15","guid":{"rendered":"https:\/\/conasep.org.br\/noticias\/?p=1961"},"modified":"2025-10-15T12:05:00","modified_gmt":"2025-10-15T12:05:00","slug":"camara-dos-deputados-realiza-solenidade-de-entrega-de-mocao-de-aplauso-e-louvor-ao-presidente-do-conasep-dr-alan-hassem-salvatierra-em-reconhecimento-ao-trabalho-em-defesa-da-seguranca-privada-e-do","status":"publish","type":"post","link":"https:\/\/conasep.org.br\/noticias\/camara-dos-deputados-realiza-solenidade-de-entrega-de-mocao-de-aplauso-e-louvor-ao-presidente-do-conasep-dr-alan-hassem-salvatierra-em-reconhecimento-ao-trabalho-em-defesa-da-seguranca-privada-e-do\/","title":{"rendered":"C\u00c2MARA DOS DEPUTADOS REALIZA SOLENIDADE DE ENTREGA DE MO\u00c7\u00c3O DE APLAUSO E LOUVOR AO PRESIDENTE DO CONASEP, DR. ALAN HASSEM SALVATIERRA, EM RECONHECIMENTO AO TRABALHO EM DEFESA DA SEGURAN\u00c7A PRIVADA E DOS BOMBEIROS CIVIS DO BRASIL"},"content":{"rendered":"\n<p><a href=\"https:\/\/www.camara.leg.br\/evento-legislativo\/79773?a=579960&amp;t=1760466677647&amp;trechosOrador=\">No dia <strong>14 de outubro de 2025<\/strong>, a <strong>Comiss\u00e3o de Seguran\u00e7a P\u00fablica e Combate ao Crime Organizado da C\u00e2mara dos Deputados<\/strong> realizou uma <strong>solenidade especial de entrega da Mo\u00e7\u00e3o de Aplauso e Louvor<\/strong><\/a> ao <strong>Dr. Alan Hassem Salvatierra<\/strong>, Presidente do <strong>Conselho Nacional da Seguran\u00e7a Privada (CONASEP)<\/strong>, proposta pelo <strong>Deputado Federal Capit\u00e3o Alden (PL\/BA)<\/strong>, autor do <strong><a href=\"https:\/\/www.camara.leg.br\/proposicoesWeb\/fichadetramitacao?idProposicao=2545173\">Requerimento n\u00ba 275\/2025 \u2013 CSPCCO<\/a><\/strong><\/p>\n\n\n\n<p>A homenagem foi concedida <strong>em reconhecimento ao not\u00e1vel trabalho desempenhado pelo Dr. Alan Hassem na defesa, valoriza\u00e7\u00e3o e fortalecimento da Seguran\u00e7a Privada e dos Bombeiros Civis em todo o territ\u00f3rio nacional<\/strong>, conforme justificativa apresentada pelo parlamentar.<\/p>\n\n\n\n<p>Durante o ato solene, o <a href=\"https:\/\/www.camara.leg.br\/deputados\/220690\">Deputado <strong>Capit\u00e3o Alden<\/strong><\/a> destacou a import\u00e2ncia da atua\u00e7\u00e3o do Presidente do CONASEP no cen\u00e1rio legislativo, ressaltando sua <strong>lideran\u00e7a, articula\u00e7\u00e3o e comprometimento com as pautas que buscam garantir dignidade, regulamenta\u00e7\u00e3o e reconhecimento aos profissionais da categoria<\/strong>.<\/p>\n\n\n\n<blockquote class=\"wp-block-quote is-layout-flow wp-block-quote-is-layout-flow\">\n<p><em>\u201cO Dr. Alan Hassem tem desempenhado um papel de extrema relev\u00e2ncia junto ao Congresso Nacional, sendo uma das vozes mais respeitadas na defesa dos profissionais que atuam na linha de frente da seguran\u00e7a privada e dos bombeiros civis. Seu trabalho vai al\u00e9m da representa\u00e7\u00e3o institucional \u2014 \u00e9 uma verdadeira miss\u00e3o em favor da valoriza\u00e7\u00e3o e da prote\u00e7\u00e3o da vida\u201d<\/em>, afirmou o parlamentar.<\/p>\n<\/blockquote>\n\n\n\n<figure class=\"wp-block-video\"><video controls src=\"https:\/\/conasep.org.br\/noticias\/wp-content\/uploads\/2025\/10\/258bf1d4f089725c785efe0bc6ce9bbf-1.mp4\"><\/video><\/figure>\n\n\n\n<p>Em seu discurso de agradecimento, o <strong>Dr. Alan Hassem Salvatierra<\/strong> expressou <strong>profunda gratid\u00e3o ao Deputado Capit\u00e3o Alden e aos membros da Comiss\u00e3o de Seguran\u00e7a P\u00fablica e Combate ao Crime Organizado<\/strong> pela homenagem e pelo reconhecimento ao trabalho do CONASEP:<\/p>\n\n\n\n<blockquote class=\"wp-block-quote is-layout-flow wp-block-quote-is-layout-flow\">\n<p><em>\u201cRecebo esta Mo\u00e7\u00e3o n\u00e3o como um m\u00e9rito pessoal, mas como um reconhecimento ao esfor\u00e7o coletivo de todos os profissionais da Seguran\u00e7a Privada e dos Bombeiros Civis do Brasil. Cada avan\u00e7o conquistado \u00e9 resultado da uni\u00e3o da categoria, da coragem de nossos representantes e do di\u00e1logo institucional que o CONASEP tem mantido com o Parlamento e com o Governo Federal. Seguiremos firmes, defendendo a dignidade e o respeito que esses trabalhadores merecem.\u201d<\/em><\/p>\n<\/blockquote>\n\n\n\n<p>A <strong><a href=\"https:\/\/www.camara.leg.br\/proposicoesWeb\/fichadetramitacao?idProposicao=2545173\">Mo\u00e7\u00e3o de Aplauso e Louvor n\u00ba 275\/2025<\/a><\/strong>, de autoria do Deputado Capit\u00e3o Alden, reconhece formalmente o empenho do Presidente do CONASEP <strong>na proposi\u00e7\u00e3o, acompanhamento e articula\u00e7\u00e3o de projetos de lei e requerimentos<\/strong> que tratam de <strong>avan\u00e7os legislativos e institucionais para o setor<\/strong>, especialmente voltados \u00e0 <strong>regulamenta\u00e7\u00e3o do Estatuto da Seguran\u00e7a Privada e \u00e0 valoriza\u00e7\u00e3o do Bombeiro Civil<\/strong>.<\/p>\n\n\n\n<p>A solenidade contou com a presen\u00e7a de <strong>representantes de entidades da seguran\u00e7a privada, bombeiros civis, autoridades convidadas e lideran\u00e7as sindicais<\/strong>, que manifestaram apoio \u00e0 atua\u00e7\u00e3o do CONASEP e aplaudiram o compromisso do seu presidente com o fortalecimento da categoria.<\/p>\n\n\n\n<p>Com essa homenagem, a C\u00e2mara dos Deputados <strong>reconhece publicamente o papel estrat\u00e9gico do CONASEP na constru\u00e7\u00e3o de pol\u00edticas p\u00fablicas voltadas \u00e0 seguran\u00e7a privada<\/strong>, reafirmando a import\u00e2ncia de manter o di\u00e1logo permanente entre o Parlamento, o setor produtivo e os profissionais que atuam na prote\u00e7\u00e3o da sociedade.<\/p>\n\n\n\n<blockquote class=\"wp-block-quote is-layout-flow wp-block-quote-is-layout-flow\">\n<p>\u201cEsta Mo\u00e7\u00e3o simboliza o respeito do Parlamento ao trabalho s\u00e9rio e t\u00e9cnico desenvolvido pelo CONASEP. Continuaremos lado a lado com as autoridades legislativas e executivas, trabalhando para garantir o reconhecimento legal e a valoriza\u00e7\u00e3o de todos que dedicam suas vidas \u00e0 seguran\u00e7a e \u00e0 preserva\u00e7\u00e3o da vida humana\u201d, finalizou o Dr. Alan Hassem.<\/p>\n\n\n\n<p>Veja a integra do Requerimento:<\/p>\n<\/blockquote>\n\n\n\n<div data-wp-interactive=\"core\/file\" class=\"wp-block-file\"><object data-wp-bind--hidden=\"!state.hasPdfPreview\" hidden class=\"wp-block-file__embed\" data=\"https:\/\/conasep.org.br\/noticias\/wp-content\/uploads\/2025\/10\/REQ-275-2025-CSPCCO.pdf\" type=\"application\/pdf\" style=\"width:100%;height:600px\" aria-label=\"Incorporado de REQ-275-2025-CSPCCO.\"><\/object><a id=\"wp-block-file--media-094cace1-f27e-4c6b-861e-9b8d2261e5c6\" href=\"https:\/\/conasep.org.br\/noticias\/wp-content\/uploads\/2025\/10\/REQ-275-2025-CSPCCO.pdf\">REQ-275-2025-CSPCCO<\/a><a href=\"https:\/\/conasep.org.br\/noticias\/wp-content\/uploads\/2025\/10\/REQ-275-2025-CSPCCO.pdf\" class=\"wp-block-file__button wp-element-button\" download aria-describedby=\"wp-block-file--media-094cace1-f27e-4c6b-861e-9b8d2261e5c6\">Baixar<\/a><\/div>\n\n\n\n<figure class=\"wp-block-gallery has-nested-images columns-default is-cropped wp-block-gallery-1 is-layout-flex wp-block-gallery-is-layout-flex\"><\/figure>\n","protected":false},"excerpt":{"rendered":"<p>No dia 14 de outubro de 2025, a Comiss\u00e3o de Seguran\u00e7a P\u00fablica e Combate ao Crime Organizado da C\u00e2mara dos Deputados realizou uma solenidade especial de entrega da Mo\u00e7\u00e3o de Aplauso e Louvor ao Dr. Alan Hassem Salvatierra, Presidente do Conselho Nacional da Seguran\u00e7a Privada (CONASEP), proposta pelo Deputado Federal Capit\u00e3o Alden (PL\/BA), autor do Requerimento n\u00ba 275\/2025 \u2013 CSPCCO A homenagem foi concedida em reconhecimento ao not\u00e1vel trabalho desempenhado pelo Dr. Alan Hassem na defesa, valoriza\u00e7\u00e3o e fortalecimento da Seguran\u00e7a Privada e dos Bombeiros Civis em todo o territ\u00f3rio nacional, conforme justificativa apresentada pelo parlamentar. Durante o ato solene, o Deputado Capit\u00e3o Alden destacou a import\u00e2ncia da atua\u00e7\u00e3o do Presidente do CONASEP no cen\u00e1rio legislativo, ressaltando sua lideran\u00e7a, articula\u00e7\u00e3o e comprometimento com as pautas que buscam garantir dignidade, regulamenta\u00e7\u00e3o e reconhecimento aos profissionais da categoria. \u201cO Dr. Alan Hassem tem desempenhado um papel de extrema relev\u00e2ncia junto ao Congresso Nacional, sendo uma das vozes mais respeitadas na defesa dos profissionais que atuam na linha de frente da seguran\u00e7a privada e dos bombeiros civis. Seu trabalho vai al\u00e9m da representa\u00e7\u00e3o institucional \u2014 \u00e9 uma verdadeira miss\u00e3o em favor da valoriza\u00e7\u00e3o e da prote\u00e7\u00e3o da vida\u201d, afirmou o parlamentar. Em seu discurso de agradecimento, o Dr. Alan Hassem Salvatierra expressou profunda gratid\u00e3o ao Deputado Capit\u00e3o Alden e aos membros da Comiss\u00e3o de Seguran\u00e7a P\u00fablica e Combate ao Crime Organizado pela homenagem e pelo reconhecimento ao trabalho do CONASEP: \u201cRecebo esta Mo\u00e7\u00e3o n\u00e3o como um m\u00e9rito pessoal, mas como um reconhecimento ao esfor\u00e7o coletivo de todos os profissionais da Seguran\u00e7a Privada e dos Bombeiros Civis do Brasil. Cada avan\u00e7o conquistado \u00e9 resultado da uni\u00e3o da categoria, da coragem de nossos representantes e do di\u00e1logo institucional que o CONASEP tem mantido com o Parlamento e com o Governo Federal. Seguiremos firmes, defendendo a dignidade e o respeito que esses trabalhadores merecem.\u201d A Mo\u00e7\u00e3o de Aplauso e Louvor n\u00ba 275\/2025, de autoria do Deputado Capit\u00e3o Alden, reconhece formalmente o empenho do Presidente do CONASEP na proposi\u00e7\u00e3o, acompanhamento e articula\u00e7\u00e3o de projetos de lei e requerimentos que tratam de avan\u00e7os legislativos e institucionais para o setor, especialmente voltados \u00e0 regulamenta\u00e7\u00e3o do Estatuto da Seguran\u00e7a Privada e \u00e0 valoriza\u00e7\u00e3o do Bombeiro Civil. A solenidade contou com a presen\u00e7a de representantes de entidades da seguran\u00e7a privada, bombeiros civis, autoridades convidadas e lideran\u00e7as sindicais, que manifestaram apoio \u00e0 atua\u00e7\u00e3o do CONASEP e aplaudiram o compromisso do seu presidente com o fortalecimento da categoria. Com essa homenagem, a C\u00e2mara dos Deputados reconhece publicamente o papel estrat\u00e9gico do CONASEP na constru\u00e7\u00e3o de pol\u00edticas p\u00fablicas voltadas \u00e0 seguran\u00e7a privada, reafirmando a import\u00e2ncia de manter o di\u00e1logo permanente entre o Parlamento, o setor produtivo e os profissionais que atuam na prote\u00e7\u00e3o da sociedade. \u201cEsta Mo\u00e7\u00e3o simboliza o respeito do Parlamento ao trabalho s\u00e9rio e t\u00e9cnico desenvolvido pelo CONASEP. Continuaremos lado a lado com as autoridades legislativas e executivas, trabalhando para garantir o reconhecimento legal e a valoriza\u00e7\u00e3o de todos que dedicam suas vidas \u00e0 seguran\u00e7a e \u00e0 preserva\u00e7\u00e3o da vida humana\u201d, finalizou o Dr. Alan Hassem. Veja a integra do Requerimento:<\/p>\n","protected":false},"author":6,"featured_media":1963,"comment_status":"open","ping_status":"open","sticky":false,"template":"","format":"standard","meta":{"footnotes":""},"categories":[46],"tags":[],"class_list":["post-1961","post","type-post","status-publish","format-standard","has-post-thumbnail","hentry","category-noticias"],"yoast_head":"<!-- This site is optimized with the Yoast SEO plugin v24.8.1 - https:\/\/yoast.com\/wordpress\/plugins\/seo\/ -->\n<title>C\u00c2MARA DOS DEPUTADOS REALIZA SOLENIDADE DE ENTREGA DE MO\u00c7\u00c3O DE APLAUSO E LOUVOR AO PRESIDENTE DO CONASEP, DR. ALAN HASSEM SALVATIERRA, EM RECONHECIMENTO AO TRABALHO EM DEFESA DA SEGURAN\u00c7A PRIVADA E DOS BOMBEIROS CIVIS DO BRASIL - Noticias Conasep<\/title>\n<meta name=\"robots\" content=\"index, follow, max-snippet:-1, max-image-preview:large, max-video-preview:-1\" \/>\n<link rel=\"canonical\" href=\"https:\/\/conasep.org.br\/noticias\/camara-dos-deputados-realiza-solenidade-de-entrega-de-mocao-de-aplauso-e-louvor-ao-presidente-do-conasep-dr-alan-hassem-salvatierra-em-reconhecimento-ao-trabalho-em-defesa-da-seguranca-privada-e-do\/\" \/>\n<meta property=\"og:locale\" content=\"pt_BR\" \/>\n<meta property=\"og:type\" content=\"article\" \/>\n<meta property=\"og:title\" content=\"C\u00c2MARA DOS DEPUTADOS REALIZA SOLENIDADE DE ENTREGA DE MO\u00c7\u00c3O DE APLAUSO E LOUVOR AO PRESIDENTE DO CONASEP, DR. ALAN HASSEM SALVATIERRA, EM RECONHECIMENTO AO TRABALHO EM DEFESA DA SEGURAN\u00c7A PRIVADA E DOS BOMBEIROS CIVIS DO BRASIL - Noticias Conasep\" \/>\n<meta property=\"og:description\" content=\"No dia 14 de outubro de 2025, a Comiss\u00e3o de Seguran\u00e7a P\u00fablica e Combate ao Crime Organizado da C\u00e2mara dos Deputados realizou uma solenidade especial de entrega da Mo\u00e7\u00e3o de Aplauso e Louvor ao Dr. Alan Hassem Salvatierra, Presidente do Conselho Nacional da Seguran\u00e7a Privada (CONASEP), proposta pelo Deputado Federal Capit\u00e3o Alden (PL\/BA), autor do Requerimento n\u00ba 275\/2025 \u2013 CSPCCO A homenagem foi concedida em reconhecimento ao not\u00e1vel trabalho desempenhado pelo Dr. Alan Hassem na defesa, valoriza\u00e7\u00e3o e fortalecimento da Seguran\u00e7a Privada e dos Bombeiros Civis em todo o territ\u00f3rio nacional, conforme justificativa apresentada pelo parlamentar. Durante o ato solene, o Deputado Capit\u00e3o Alden destacou a import\u00e2ncia da atua\u00e7\u00e3o do Presidente do CONASEP no cen\u00e1rio legislativo, ressaltando sua lideran\u00e7a, articula\u00e7\u00e3o e comprometimento com as pautas que buscam garantir dignidade, regulamenta\u00e7\u00e3o e reconhecimento aos profissionais da categoria. \u201cO Dr. Alan Hassem tem desempenhado um papel de extrema relev\u00e2ncia junto ao Congresso Nacional, sendo uma das vozes mais respeitadas na defesa dos profissionais que atuam na linha de frente da seguran\u00e7a privada e dos bombeiros civis. Seu trabalho vai al\u00e9m da representa\u00e7\u00e3o institucional \u2014 \u00e9 uma verdadeira miss\u00e3o em favor da valoriza\u00e7\u00e3o e da prote\u00e7\u00e3o da vida\u201d, afirmou o parlamentar. Em seu discurso de agradecimento, o Dr. Alan Hassem Salvatierra expressou profunda gratid\u00e3o ao Deputado Capit\u00e3o Alden e aos membros da Comiss\u00e3o de Seguran\u00e7a P\u00fablica e Combate ao Crime Organizado pela homenagem e pelo reconhecimento ao trabalho do CONASEP: \u201cRecebo esta Mo\u00e7\u00e3o n\u00e3o como um m\u00e9rito pessoal, mas como um reconhecimento ao esfor\u00e7o coletivo de todos os profissionais da Seguran\u00e7a Privada e dos Bombeiros Civis do Brasil. Cada avan\u00e7o conquistado \u00e9 resultado da uni\u00e3o da categoria, da coragem de nossos representantes e do di\u00e1logo institucional que o CONASEP tem mantido com o Parlamento e com o Governo Federal. Seguiremos firmes, defendendo a dignidade e o respeito que esses trabalhadores merecem.\u201d A Mo\u00e7\u00e3o de Aplauso e Louvor n\u00ba 275\/2025, de autoria do Deputado Capit\u00e3o Alden, reconhece formalmente o empenho do Presidente do CONASEP na proposi\u00e7\u00e3o, acompanhamento e articula\u00e7\u00e3o de projetos de lei e requerimentos que tratam de avan\u00e7os legislativos e institucionais para o setor, especialmente voltados \u00e0 regulamenta\u00e7\u00e3o do Estatuto da Seguran\u00e7a Privada e \u00e0 valoriza\u00e7\u00e3o do Bombeiro Civil. A solenidade contou com a presen\u00e7a de representantes de entidades da seguran\u00e7a privada, bombeiros civis, autoridades convidadas e lideran\u00e7as sindicais, que manifestaram apoio \u00e0 atua\u00e7\u00e3o do CONASEP e aplaudiram o compromisso do seu presidente com o fortalecimento da categoria. Com essa homenagem, a C\u00e2mara dos Deputados reconhece publicamente o papel estrat\u00e9gico do CONASEP na constru\u00e7\u00e3o de pol\u00edticas p\u00fablicas voltadas \u00e0 seguran\u00e7a privada, reafirmando a import\u00e2ncia de manter o di\u00e1logo permanente entre o Parlamento, o setor produtivo e os profissionais que atuam na prote\u00e7\u00e3o da sociedade. \u201cEsta Mo\u00e7\u00e3o simboliza o respeito do Parlamento ao trabalho s\u00e9rio e t\u00e9cnico desenvolvido pelo CONASEP. Continuaremos lado a lado com as autoridades legislativas e executivas, trabalhando para garantir o reconhecimento legal e a valoriza\u00e7\u00e3o de todos que dedicam suas vidas \u00e0 seguran\u00e7a e \u00e0 preserva\u00e7\u00e3o da vida humana\u201d, finalizou o Dr. Alan Hassem. Veja a integra do Requerimento:\" \/>\n<meta property=\"og:url\" content=\"https:\/\/conasep.org.br\/noticias\/camara-dos-deputados-realiza-solenidade-de-entrega-de-mocao-de-aplauso-e-louvor-ao-presidente-do-conasep-dr-alan-hassem-salvatierra-em-reconhecimento-ao-trabalho-em-defesa-da-seguranca-privada-e-do\/\" \/>\n<meta property=\"og:site_name\" content=\"Noticias Conasep\" \/>\n<meta property=\"article:published_time\" content=\"2025-10-15T11:58:15+00:00\" \/>\n<meta property=\"article:modified_time\" content=\"2025-10-15T12:05:00+00:00\" \/>\n<meta property=\"og:image\" content=\"https:\/\/conasep.org.br\/noticias\/wp-content\/uploads\/2025\/10\/20251014_172642-scaled.jpg\" \/>\n\t<meta property=\"og:image:width\" content=\"2560\" \/>\n\t<meta property=\"og:image:height\" content=\"1920\" \/>\n\t<meta property=\"og:image:type\" content=\"image\/jpeg\" \/>\n<meta name=\"author\" content=\"CONASEP\" \/>\n<meta name=\"twitter:card\" content=\"summary_large_image\" \/>\n<meta name=\"twitter:label1\" content=\"Escrito por\" \/>\n\t<meta name=\"twitter:data1\" content=\"CONASEP\" \/>\n\t<meta name=\"twitter:label2\" content=\"Est. tempo de leitura\" \/>\n\t<meta name=\"twitter:data2\" content=\"2 minutos\" \/>\n<script type=\"application\/ld+json\" class=\"yoast-schema-graph\">{\"@context\":\"https:\/\/schema.org\",\"@graph\":[{\"@type\":\"WebPage\",\"@id\":\"https:\/\/conasep.org.br\/noticias\/camara-dos-deputados-realiza-solenidade-de-entrega-de-mocao-de-aplauso-e-louvor-ao-presidente-do-conasep-dr-alan-hassem-salvatierra-em-reconhecimento-ao-trabalho-em-defesa-da-seguranca-privada-e-do\/\",\"url\":\"https:\/\/conasep.org.br\/noticias\/camara-dos-deputados-realiza-solenidade-de-entrega-de-mocao-de-aplauso-e-louvor-ao-presidente-do-conasep-dr-alan-hassem-salvatierra-em-reconhecimento-ao-trabalho-em-defesa-da-seguranca-privada-e-do\/\",\"name\":\"C\u00c2MARA DOS DEPUTADOS REALIZA SOLENIDADE DE ENTREGA DE MO\u00c7\u00c3O DE APLAUSO E LOUVOR AO PRESIDENTE DO CONASEP, DR. ALAN HASSEM SALVATIERRA, EM RECONHECIMENTO AO TRABALHO EM DEFESA DA SEGURAN\u00c7A PRIVADA E DOS BOMBEIROS CIVIS DO BRASIL - Noticias Conasep\",\"isPartOf\":{\"@id\":\"https:\/\/www.conasep.org.br\/noticias\/#website\"},\"primaryImageOfPage\":{\"@id\":\"https:\/\/conasep.org.br\/noticias\/camara-dos-deputados-realiza-solenidade-de-entrega-de-mocao-de-aplauso-e-louvor-ao-presidente-do-conasep-dr-alan-hassem-salvatierra-em-reconhecimento-ao-trabalho-em-defesa-da-seguranca-privada-e-do\/#primaryimage\"},\"image\":{\"@id\":\"https:\/\/conasep.org.br\/noticias\/camara-dos-deputados-realiza-solenidade-de-entrega-de-mocao-de-aplauso-e-louvor-ao-presidente-do-conasep-dr-alan-hassem-salvatierra-em-reconhecimento-ao-trabalho-em-defesa-da-seguranca-privada-e-do\/#primaryimage\"},\"thumbnailUrl\":\"https:\/\/conasep.org.br\/noticias\/wp-content\/uploads\/2025\/10\/20251014_172642-scaled.jpg\",\"datePublished\":\"2025-10-15T11:58:15+00:00\",\"dateModified\":\"2025-10-15T12:05:00+00:00\",\"author\":{\"@id\":\"https:\/\/www.conasep.org.br\/noticias\/#\/schema\/person\/96e446b120d85d108e7ebeb7d82a2c44\"},\"breadcrumb\":{\"@id\":\"https:\/\/conasep.org.br\/noticias\/camara-dos-deputados-realiza-solenidade-de-entrega-de-mocao-de-aplauso-e-louvor-ao-presidente-do-conasep-dr-alan-hassem-salvatierra-em-reconhecimento-ao-trabalho-em-defesa-da-seguranca-privada-e-do\/#breadcrumb\"},\"inLanguage\":\"pt-BR\",\"potentialAction\":[{\"@type\":\"ReadAction\",\"target\":[\"https:\/\/conasep.org.br\/noticias\/camara-dos-deputados-realiza-solenidade-de-entrega-de-mocao-de-aplauso-e-louvor-ao-presidente-do-conasep-dr-alan-hassem-salvatierra-em-reconhecimento-ao-trabalho-em-defesa-da-seguranca-privada-e-do\/\"]}]},{\"@type\":\"ImageObject\",\"inLanguage\":\"pt-BR\",\"@id\":\"https:\/\/conasep.org.br\/noticias\/camara-dos-deputados-realiza-solenidade-de-entrega-de-mocao-de-aplauso-e-louvor-ao-presidente-do-conasep-dr-alan-hassem-salvatierra-em-reconhecimento-ao-trabalho-em-defesa-da-seguranca-privada-e-do\/#primaryimage\",\"url\":\"https:\/\/conasep.org.br\/noticias\/wp-content\/uploads\/2025\/10\/20251014_172642-scaled.jpg\",\"contentUrl\":\"https:\/\/conasep.org.br\/noticias\/wp-content\/uploads\/2025\/10\/20251014_172642-scaled.jpg\",\"width\":2560,\"height\":1920},{\"@type\":\"BreadcrumbList\",\"@id\":\"https:\/\/conasep.org.br\/noticias\/camara-dos-deputados-realiza-solenidade-de-entrega-de-mocao-de-aplauso-e-louvor-ao-presidente-do-conasep-dr-alan-hassem-salvatierra-em-reconhecimento-ao-trabalho-em-defesa-da-seguranca-privada-e-do\/#breadcrumb\",\"itemListElement\":[{\"@type\":\"ListItem\",\"position\":1,\"name\":\"In\u00edcio\",\"item\":\"https:\/\/www.conasep.org.br\/noticias\/\"},{\"@type\":\"ListItem\",\"position\":2,\"name\":\"C\u00c2MARA DOS DEPUTADOS REALIZA SOLENIDADE DE ENTREGA DE MO\u00c7\u00c3O DE APLAUSO E LOUVOR AO PRESIDENTE DO CONASEP, DR. ALAN HASSEM SALVATIERRA, EM RECONHECIMENTO AO TRABALHO EM DEFESA DA SEGURAN\u00c7A PRIVADA E DOS BOMBEIROS CIVIS DO BRASIL\"}]},{\"@type\":\"WebSite\",\"@id\":\"https:\/\/www.conasep.org.br\/noticias\/#website\",\"url\":\"https:\/\/www.conasep.org.br\/noticias\/\",\"name\":\"Noticias Conasep\",\"description\":\"Os melhores conte\u00fados\",\"potentialAction\":[{\"@type\":\"SearchAction\",\"target\":{\"@type\":\"EntryPoint\",\"urlTemplate\":\"https:\/\/www.conasep.org.br\/noticias\/?s={search_term_string}\"},\"query-input\":{\"@type\":\"PropertyValueSpecification\",\"valueRequired\":true,\"valueName\":\"search_term_string\"}}],\"inLanguage\":\"pt-BR\"},{\"@type\":\"Person\",\"@id\":\"https:\/\/www.conasep.org.br\/noticias\/#\/schema\/person\/96e446b120d85d108e7ebeb7d82a2c44\",\"name\":\"CONASEP\",\"image\":{\"@type\":\"ImageObject\",\"inLanguage\":\"pt-BR\",\"@id\":\"https:\/\/www.conasep.org.br\/noticias\/#\/schema\/person\/image\/\",\"url\":\"https:\/\/secure.gravatar.com\/avatar\/17258e04e8f7917cf6d5fea9e29eedbd?s=96&d=mm&r=g\",\"contentUrl\":\"https:\/\/secure.gravatar.com\/avatar\/17258e04e8f7917cf6d5fea9e29eedbd?s=96&d=mm&r=g\",\"caption\":\"CONASEP\"},\"url\":\"https:\/\/conasep.org.br\/noticias\/author\/conasep\/\"}]}<\/script>\n<!-- \/ Yoast SEO plugin. -->","yoast_head_json":{"title":"C\u00c2MARA DOS DEPUTADOS REALIZA SOLENIDADE DE ENTREGA DE MO\u00c7\u00c3O DE APLAUSO E LOUVOR AO PRESIDENTE DO CONASEP, DR. ALAN HASSEM SALVATIERRA, EM RECONHECIMENTO AO TRABALHO EM DEFESA DA SEGURAN\u00c7A PRIVADA E DOS BOMBEIROS CIVIS DO BRASIL - Noticias Conasep","robots":{"index":"index","follow":"follow","max-snippet":"max-snippet:-1","max-image-preview":"max-image-preview:large","max-video-preview":"max-video-preview:-1"},"canonical":"https:\/\/conasep.org.br\/noticias\/camara-dos-deputados-realiza-solenidade-de-entrega-de-mocao-de-aplauso-e-louvor-ao-presidente-do-conasep-dr-alan-hassem-salvatierra-em-reconhecimento-ao-trabalho-em-defesa-da-seguranca-privada-e-do\/","og_locale":"pt_BR","og_type":"article","og_title":"C\u00c2MARA DOS DEPUTADOS REALIZA SOLENIDADE DE ENTREGA DE MO\u00c7\u00c3O DE APLAUSO E LOUVOR AO PRESIDENTE DO CONASEP, DR. ALAN HASSEM SALVATIERRA, EM RECONHECIMENTO AO TRABALHO EM DEFESA DA SEGURAN\u00c7A PRIVADA E DOS BOMBEIROS CIVIS DO BRASIL - Noticias Conasep","og_description":"No dia 14 de outubro de 2025, a Comiss\u00e3o de Seguran\u00e7a P\u00fablica e Combate ao Crime Organizado da C\u00e2mara dos Deputados realizou uma solenidade especial de entrega da Mo\u00e7\u00e3o de Aplauso e Louvor ao Dr. Alan Hassem Salvatierra, Presidente do Conselho Nacional da Seguran\u00e7a Privada (CONASEP), proposta pelo Deputado Federal Capit\u00e3o Alden (PL\/BA), autor do Requerimento n\u00ba 275\/2025 \u2013 CSPCCO A homenagem foi concedida em reconhecimento ao not\u00e1vel trabalho desempenhado pelo Dr. Alan Hassem na defesa, valoriza\u00e7\u00e3o e fortalecimento da Seguran\u00e7a Privada e dos Bombeiros Civis em todo o territ\u00f3rio nacional, conforme justificativa apresentada pelo parlamentar. Durante o ato solene, o Deputado Capit\u00e3o Alden destacou a import\u00e2ncia da atua\u00e7\u00e3o do Presidente do CONASEP no cen\u00e1rio legislativo, ressaltando sua lideran\u00e7a, articula\u00e7\u00e3o e comprometimento com as pautas que buscam garantir dignidade, regulamenta\u00e7\u00e3o e reconhecimento aos profissionais da categoria. \u201cO Dr. Alan Hassem tem desempenhado um papel de extrema relev\u00e2ncia junto ao Congresso Nacional, sendo uma das vozes mais respeitadas na defesa dos profissionais que atuam na linha de frente da seguran\u00e7a privada e dos bombeiros civis. Seu trabalho vai al\u00e9m da representa\u00e7\u00e3o institucional \u2014 \u00e9 uma verdadeira miss\u00e3o em favor da valoriza\u00e7\u00e3o e da prote\u00e7\u00e3o da vida\u201d, afirmou o parlamentar. Em seu discurso de agradecimento, o Dr. Alan Hassem Salvatierra expressou profunda gratid\u00e3o ao Deputado Capit\u00e3o Alden e aos membros da Comiss\u00e3o de Seguran\u00e7a P\u00fablica e Combate ao Crime Organizado pela homenagem e pelo reconhecimento ao trabalho do CONASEP: \u201cRecebo esta Mo\u00e7\u00e3o n\u00e3o como um m\u00e9rito pessoal, mas como um reconhecimento ao esfor\u00e7o coletivo de todos os profissionais da Seguran\u00e7a Privada e dos Bombeiros Civis do Brasil. Cada avan\u00e7o conquistado \u00e9 resultado da uni\u00e3o da categoria, da coragem de nossos representantes e do di\u00e1logo institucional que o CONASEP tem mantido com o Parlamento e com o Governo Federal. Seguiremos firmes, defendendo a dignidade e o respeito que esses trabalhadores merecem.\u201d A Mo\u00e7\u00e3o de Aplauso e Louvor n\u00ba 275\/2025, de autoria do Deputado Capit\u00e3o Alden, reconhece formalmente o empenho do Presidente do CONASEP na proposi\u00e7\u00e3o, acompanhamento e articula\u00e7\u00e3o de projetos de lei e requerimentos que tratam de avan\u00e7os legislativos e institucionais para o setor, especialmente voltados \u00e0 regulamenta\u00e7\u00e3o do Estatuto da Seguran\u00e7a Privada e \u00e0 valoriza\u00e7\u00e3o do Bombeiro Civil. A solenidade contou com a presen\u00e7a de representantes de entidades da seguran\u00e7a privada, bombeiros civis, autoridades convidadas e lideran\u00e7as sindicais, que manifestaram apoio \u00e0 atua\u00e7\u00e3o do CONASEP e aplaudiram o compromisso do seu presidente com o fortalecimento da categoria. Com essa homenagem, a C\u00e2mara dos Deputados reconhece publicamente o papel estrat\u00e9gico do CONASEP na constru\u00e7\u00e3o de pol\u00edticas p\u00fablicas voltadas \u00e0 seguran\u00e7a privada, reafirmando a import\u00e2ncia de manter o di\u00e1logo permanente entre o Parlamento, o setor produtivo e os profissionais que atuam na prote\u00e7\u00e3o da sociedade. \u201cEsta Mo\u00e7\u00e3o simboliza o respeito do Parlamento ao trabalho s\u00e9rio e t\u00e9cnico desenvolvido pelo CONASEP. Continuaremos lado a lado com as autoridades legislativas e executivas, trabalhando para garantir o reconhecimento legal e a valoriza\u00e7\u00e3o de todos que dedicam suas vidas \u00e0 seguran\u00e7a e \u00e0 preserva\u00e7\u00e3o da vida humana\u201d, finalizou o Dr. Alan Hassem. Veja a integra do Requerimento:","og_url":"https:\/\/conasep.org.br\/noticias\/camara-dos-deputados-realiza-solenidade-de-entrega-de-mocao-de-aplauso-e-louvor-ao-presidente-do-conasep-dr-alan-hassem-salvatierra-em-reconhecimento-ao-trabalho-em-defesa-da-seguranca-privada-e-do\/","og_site_name":"Noticias Conasep","article_published_time":"2025-10-15T11:58:15+00:00","article_modified_time":"2025-10-15T12:05:00+00:00","og_image":[{"width":2560,"height":1920,"url":"https:\/\/conasep.org.br\/noticias\/wp-content\/uploads\/2025\/10\/20251014_172642-scaled.jpg","type":"image\/jpeg"}],"author":"CONASEP","twitter_card":"summary_large_image","twitter_misc":{"Escrito por":"CONASEP","Est. tempo de leitura":"2 minutos"},"schema":{"@context":"https:\/\/schema.org","@graph":[{"@type":"WebPage","@id":"https:\/\/conasep.org.br\/noticias\/camara-dos-deputados-realiza-solenidade-de-entrega-de-mocao-de-aplauso-e-louvor-ao-presidente-do-conasep-dr-alan-hassem-salvatierra-em-reconhecimento-ao-trabalho-em-defesa-da-seguranca-privada-e-do\/","url":"https:\/\/conasep.org.br\/noticias\/camara-dos-deputados-realiza-solenidade-de-entrega-de-mocao-de-aplauso-e-louvor-ao-presidente-do-conasep-dr-alan-hassem-salvatierra-em-reconhecimento-ao-trabalho-em-defesa-da-seguranca-privada-e-do\/","name":"C\u00c2MARA DOS DEPUTADOS REALIZA SOLENIDADE DE ENTREGA DE MO\u00c7\u00c3O DE APLAUSO E LOUVOR AO PRESIDENTE DO CONASEP, DR. ALAN HASSEM SALVATIERRA, EM RECONHECIMENTO AO TRABALHO EM DEFESA DA SEGURAN\u00c7A PRIVADA E DOS BOMBEIROS CIVIS DO BRASIL - Noticias Conasep","isPartOf":{"@id":"https:\/\/www.conasep.org.br\/noticias\/#website"},"primaryImageOfPage":{"@id":"https:\/\/conasep.org.br\/noticias\/camara-dos-deputados-realiza-solenidade-de-entrega-de-mocao-de-aplauso-e-louvor-ao-presidente-do-conasep-dr-alan-hassem-salvatierra-em-reconhecimento-ao-trabalho-em-defesa-da-seguranca-privada-e-do\/#primaryimage"},"image":{"@id":"https:\/\/conasep.org.br\/noticias\/camara-dos-deputados-realiza-solenidade-de-entrega-de-mocao-de-aplauso-e-louvor-ao-presidente-do-conasep-dr-alan-hassem-salvatierra-em-reconhecimento-ao-trabalho-em-defesa-da-seguranca-privada-e-do\/#primaryimage"},"thumbnailUrl":"https:\/\/conasep.org.br\/noticias\/wp-content\/uploads\/2025\/10\/20251014_172642-scaled.jpg","datePublished":"2025-10-15T11:58:15+00:00","dateModified":"2025-10-15T12:05:00+00:00","author":{"@id":"https:\/\/www.conasep.org.br\/noticias\/#\/schema\/person\/96e446b120d85d108e7ebeb7d82a2c44"},"breadcrumb":{"@id":"https:\/\/conasep.org.br\/noticias\/camara-dos-deputados-realiza-solenidade-de-entrega-de-mocao-de-aplauso-e-louvor-ao-presidente-do-conasep-dr-alan-hassem-salvatierra-em-reconhecimento-ao-trabalho-em-defesa-da-seguranca-privada-e-do\/#breadcrumb"},"inLanguage":"pt-BR","potentialAction":[{"@type":"ReadAction","target":["https:\/\/conasep.org.br\/noticias\/camara-dos-deputados-realiza-solenidade-de-entrega-de-mocao-de-aplauso-e-louvor-ao-presidente-do-conasep-dr-alan-hassem-salvatierra-em-reconhecimento-ao-trabalho-em-defesa-da-seguranca-privada-e-do\/"]}]},{"@type":"ImageObject","inLanguage":"pt-BR","@id":"https:\/\/conasep.org.br\/noticias\/camara-dos-deputados-realiza-solenidade-de-entrega-de-mocao-de-aplauso-e-louvor-ao-presidente-do-conasep-dr-alan-hassem-salvatierra-em-reconhecimento-ao-trabalho-em-defesa-da-seguranca-privada-e-do\/#primaryimage","url":"https:\/\/conasep.org.br\/noticias\/wp-content\/uploads\/2025\/10\/20251014_172642-scaled.jpg","contentUrl":"https:\/\/conasep.org.br\/noticias\/wp-content\/uploads\/2025\/10\/20251014_172642-scaled.jpg","width":2560,"height":1920},{"@type":"BreadcrumbList","@id":"https:\/\/conasep.org.br\/noticias\/camara-dos-deputados-realiza-solenidade-de-entrega-de-mocao-de-aplauso-e-louvor-ao-presidente-do-conasep-dr-alan-hassem-salvatierra-em-reconhecimento-ao-trabalho-em-defesa-da-seguranca-privada-e-do\/#breadcrumb","itemListElement":[{"@type":"ListItem","position":1,"name":"In\u00edcio","item":"https:\/\/www.conasep.org.br\/noticias\/"},{"@type":"ListItem","position":2,"name":"C\u00c2MARA DOS DEPUTADOS REALIZA SOLENIDADE DE ENTREGA DE MO\u00c7\u00c3O DE APLAUSO E LOUVOR AO PRESIDENTE DO CONASEP, DR. ALAN HASSEM SALVATIERRA, EM RECONHECIMENTO AO TRABALHO EM DEFESA DA SEGURAN\u00c7A PRIVADA E DOS BOMBEIROS CIVIS DO BRASIL"}]},{"@type":"WebSite","@id":"https:\/\/www.conasep.org.br\/noticias\/#website","url":"https:\/\/www.conasep.org.br\/noticias\/","name":"Noticias Conasep","description":"Os melhores conte\u00fados","potentialAction":[{"@type":"SearchAction","target":{"@type":"EntryPoint","urlTemplate":"https:\/\/www.conasep.org.br\/noticias\/?s={search_term_string}"},"query-input":{"@type":"PropertyValueSpecification","valueRequired":true,"valueName":"search_term_string"}}],"inLanguage":"pt-BR"},{"@type":"Person","@id":"https:\/\/www.conasep.org.br\/noticias\/#\/schema\/person\/96e446b120d85d108e7ebeb7d82a2c44","name":"CONASEP","image":{"@type":"ImageObject","inLanguage":"pt-BR","@id":"https:\/\/www.conasep.org.br\/noticias\/#\/schema\/person\/image\/","url":"https:\/\/secure.gravatar.com\/avatar\/17258e04e8f7917cf6d5fea9e29eedbd?s=96&d=mm&r=g","contentUrl":"https:\/\/secure.gravatar.com\/avatar\/17258e04e8f7917cf6d5fea9e29eedbd?s=96&d=mm&r=g","caption":"CONASEP"},"url":"https:\/\/conasep.org.br\/noticias\/author\/conasep\/"}]}},"_links":{"self":[{"href":"https:\/\/conasep.org.br\/noticias\/wp-json\/wp\/v2\/posts\/1961","targetHints":{"allow":["GET"]}}],"collection":[{"href":"https:\/\/conasep.org.br\/noticias\/wp-json\/wp\/v2\/posts"}],"about":[{"href":"https:\/\/conasep.org.br\/noticias\/wp-json\/wp\/v2\/types\/post"}],"author":[{"embeddable":true,"href":"https:\/\/conasep.org.br\/noticias\/wp-json\/wp\/v2\/users\/6"}],"replies":[{"embeddable":true,"href":"https:\/\/conasep.org.br\/noticias\/wp-json\/wp\/v2\/comments?post=1961"}],"version-history":[{"count":3,"href":"https:\/\/conasep.org.br\/noticias\/wp-json\/wp\/v2\/posts\/1961\/revisions"}],"predecessor-version":[{"id":1967,"href":"https:\/\/conasep.org.br\/noticias\/wp-json\/wp\/v2\/posts\/1961\/revisions\/1967"}],"wp:featuredmedia":[{"embeddable":true,"href":"https:\/\/conasep.org.br\/noticias\/wp-json\/wp\/v2\/media\/1963"}],"wp:attachment":[{"href":"https:\/\/conasep.org.br\/noticias\/wp-json\/wp\/v2\/media?parent=1961"}],"wp:term":[{"taxonomy":"category","embeddable":true,"href":"https:\/\/conasep.org.br\/noticias\/wp-json\/wp\/v2\/categories?post=1961"},{"taxonomy":"post_tag","embeddable":true,"href":"https:\/\/conasep.org.br\/noticias\/wp-json\/wp\/v2\/tags?post=1961"}],"curies":[{"name":"wp","href":"https:\/\/api.w.org\/{rel}","templated":true}]}}