{"id":1968,"date":"2025-10-15T12:19:22","date_gmt":"2025-10-15T12:19:22","guid":{"rendered":"https:\/\/conasep.org.br\/noticias\/?p=1968"},"modified":"2025-10-15T12:19:22","modified_gmt":"2025-10-15T12:19:22","slug":"deputada-federal-rosangela-reis-apresenta-projeto-de-lei-inovador-a-pedido-do-conasep-para-autorizar-o-uso-de-dispositivo-mecanico-de-defesa-nao-letal-na-seguranca-privada-equipamento-e-se","status":"publish","type":"post","link":"https:\/\/conasep.org.br\/noticias\/deputada-federal-rosangela-reis-apresenta-projeto-de-lei-inovador-a-pedido-do-conasep-para-autorizar-o-uso-de-dispositivo-mecanico-de-defesa-nao-letal-na-seguranca-privada-equipamento-e-se\/","title":{"rendered":"DEPUTADA FEDERAL ROS\u00c2NGELA REIS APRESENTA PROJETO DE LEI INOVADOR, A PEDIDO DO CONASEP, PARA AUTORIZAR O USO DE DISPOSITIVO MEC\u00c2NICO DE DEFESA N\u00c3O LETAL NA SEGURAN\u00c7A PRIVADA \u2014 EQUIPAMENTO \u00c9 SEGURO, CONTROLADO E N\u00c3O SE CONFIGURA COMO ARMADILHA"},"content":{"rendered":"\n<p>A <a href=\"https:\/\/www.camara.leg.br\/deputados\/220620\">Deputada Federal <strong>Ros\u00e2ngela Reis (PL\/MG)<\/strong><\/a> apresentou, no dia <strong>14 de outubro de 2025<\/strong>, o <strong><a href=\"https:\/\/www.camara.leg.br\/proposicoesWeb\/fichadetramitacao?idProposicao=2571335\">Projeto de Lei n\u00ba 5127\/2025<\/a><\/strong>, que <strong>autoriza e reconhece o uso de dispositivos mec\u00e2nicos de acionamento para libera\u00e7\u00e3o controlada de agentes qu\u00edmicos incapacitantes n\u00e3o letais<\/strong>, como <strong>g\u00e1s de pimenta (OC)<\/strong> e <strong>g\u00e1s lacrimog\u00eaneo (CS)<\/strong>, <strong>destinados exclusivamente \u00e0 seguran\u00e7a privada<\/strong>.<\/p>\n\n\n\n<p>A proposi\u00e7\u00e3o \u00e9 fruto de um <strong>pedido t\u00e9cnico do Conselho Nacional da Seguran\u00e7a Privada (CONASEP)<\/strong>, formulado por meio de seus especialistas <strong>Sr. Diogo Amaral de Souza Franco<\/strong> e <strong>Sr. Lucas Kenid Parreira da Costa<\/strong>, que <strong>apresentaram estudo t\u00e9cnico e parecer de viabilidade<\/strong> sobre a aplica\u00e7\u00e3o pr\u00e1tica e segura do equipamento em ambientes privados de seguran\u00e7a controlada.<\/p>\n\n\n\n<p>O projeto, apresentado pela parlamentar mineira, <strong>representa um avan\u00e7o significativo no campo da seguran\u00e7a privada nacional<\/strong>, ao buscar <strong>aliar tecnologia, efici\u00eancia e respeito aos direitos humanos<\/strong>, fortalecendo a capacidade de defesa passiva das empresas especializadas em situa\u00e7\u00f5es de <strong>furto, roubo, invas\u00e3o ou risco iminente em locais fechados<\/strong>.<\/p>\n\n\n\n<h3 class=\"wp-block-heading\">\ud83d\udd39 Inova\u00e7\u00e3o com responsabilidade e seguran\u00e7a<\/h3>\n\n\n\n<p>De acordo com o texto do projeto, o <strong>dispositivo poder\u00e1 ser acionado manualmente, por controle remoto ou de forma automatizada<\/strong>, estando <strong>integrado a sistemas de alarme, monitoramento e intelig\u00eancia artificial<\/strong>. O uso, por\u00e9m, ser\u00e1 <strong>restrito a ambientes internos e controlados<\/strong>, com <strong>mecanismos de seguran\u00e7a que impe\u00e7am o acionamento acidental<\/strong>, <strong>evitando qualquer risco ao p\u00fablico em geral<\/strong>.<\/p>\n\n\n\n<p>Al\u00e9m disso, a <strong>instala\u00e7\u00e3o, manuten\u00e7\u00e3o e opera\u00e7\u00e3o do dispositivo<\/strong> somente poder\u00e3o ser realizadas por <strong>profissionais de seguran\u00e7a privada capacitados e registrados<\/strong>, sob <strong>responsabilidade t\u00e9cnica da empresa especializada<\/strong>, devidamente <strong>autorizada e fiscalizada pela Pol\u00edcia Federal<\/strong>, em conformidade com o <strong>Estatuto da Seguran\u00e7a Privada (Lei n\u00ba 14.967, de 3 de julho de 2024)<\/strong>.<\/p>\n\n\n\n<p>O projeto determina ainda que a <strong>Pol\u00edcia Federal regulamentar\u00e1, no prazo de 90 dias ap\u00f3s a publica\u00e7\u00e3o da lei<\/strong>, as <strong>especifica\u00e7\u00f5es t\u00e9cnicas, protocolos de seguran\u00e7a e mecanismos de fiscaliza\u00e7\u00e3o<\/strong> do equipamento, garantindo a rastreabilidade, o controle e a transpar\u00eancia no uso.<\/p>\n\n\n\n<h3 class=\"wp-block-heading\">\ud83d\udd39 O dispositivo n\u00e3o \u00e9 \u201carmadilha\u201d: trata-se de uma medida defensiva e humanizada<\/h3>\n\n\n\n<p>Um dos pontos mais relevantes do <strong><a href=\"https:\/\/www.camara.leg.br\/proposicoesWeb\/fichadetramitacao?idProposicao=2571335\">PL 5127\/2025<\/a><\/strong> \u00e9 a <strong>clareza jur\u00eddica quanto \u00e0 natureza do equipamento<\/strong>, que <strong>n\u00e3o se enquadra como \u201carmadilha\u201d<\/strong> de qualquer tipo. O artigo 4\u00ba do projeto estabelece expressamente que o dispositivo <strong>n\u00e3o se enquadra na defini\u00e7\u00e3o de \u201carmadilha\u201d prevista no art. 2\u00ba, item 4, do Protocolo II da Conven\u00e7\u00e3o sobre Proibi\u00e7\u00f5es ou Restri\u00e7\u00f5es ao Emprego de Minas, Armadilhas e Outros Artefatos<\/strong>, promulgada no Brasil pelo <strong>Decreto n\u00ba 3.436, de 25 de abril de 2000<\/strong>.<\/p>\n\n\n\n<p>Conforme o texto, trata-se de <strong>equipamento de seguran\u00e7a defensiva, controlado e supervisionado<\/strong>, cujo <strong>objetivo \u00e9 incapacitar temporariamente o agressor<\/strong>, provocando <strong>sua dispers\u00e3o imediata sem causar morte, ferimentos permanentes ou danos indiscriminados<\/strong>.<\/p>\n\n\n\n<blockquote class=\"wp-block-quote is-layout-flow wp-block-quote-is-layout-flow\">\n<p><em>\u201cO equipamento descrito neste projeto n\u00e3o \u00e9 uma armadilha, mas sim uma medida moderna e humanizada de defesa passiva. Seu uso \u00e9 restrito a profissionais treinados e sob supervis\u00e3o da Pol\u00edcia Federal, garantindo total controle, seguran\u00e7a e respeito aos direitos humanos\u201d<\/em>, explicou a <strong>Deputada Federal Ros\u00e2ngela Reis<\/strong>, autora da proposta.<\/p>\n<\/blockquote>\n\n\n\n<h3 class=\"wp-block-heading\">\ud83d\udd39 Origem t\u00e9cnica e institucional: a contribui\u00e7\u00e3o do CONASEP<\/h3>\n\n\n\n<p>O <strong>Presidente Nacional do CONASEP, Dr. Alan Hassem Salvatierra<\/strong>, destacou a import\u00e2ncia da iniciativa parlamentar, ressaltando que o projeto nasceu do <strong>trabalho t\u00e9cnico e cient\u00edfico desenvolvido pelo Conselho<\/strong>, por meio de seus especialistas e com base em experi\u00eancias pr\u00e1ticas e comparativas internacionais.<\/p>\n\n\n\n<blockquote class=\"wp-block-quote is-layout-flow wp-block-quote-is-layout-flow\">\n<p><em>\u201cO PL 5127\/2025 \u00e9 resultado de um estudo t\u00e9cnico criterioso do CONASEP, conduzido por profissionais altamente qualificados. Ele demonstra que \u00e9 poss\u00edvel compatibilizar tecnologia, preven\u00e7\u00e3o e respeito \u00e0 vida humana. Agradecemos \u00e0 Deputada Ros\u00e2ngela Reis pela sensibilidade e pela coragem de transformar essa proposta em um instrumento legislativo que moderniza a seguran\u00e7a privada no Brasil\u201d<\/em>, afirmou o presidente.<\/p>\n<\/blockquote>\n\n\n\n<p>Os especialistas <strong>Diogo Amaral de Souza Franco<\/strong> e <strong>Lucas Kenid Parreira da Costa<\/strong>, respons\u00e1veis pelo parecer t\u00e9cnico apresentado ao CONASEP e \u00e0 parlamentar, tamb\u00e9m celebraram o avan\u00e7o:<\/p>\n\n\n\n<blockquote class=\"wp-block-quote is-layout-flow wp-block-quote-is-layout-flow\">\n<p><em>\u201cO dispositivo \u00e9 uma ferramenta inteligente de defesa n\u00e3o letal, controlada. Ele pode salvar vidas em situa\u00e7\u00f5es de risco, reduzindo confrontos diretos e evitando trag\u00e9dias. O Brasil d\u00e1 um passo importante ao regulamentar o uso respons\u00e1vel dessa tecnologia.\u201d<\/em><\/p>\n<\/blockquote>\n\n\n\n<h3 class=\"wp-block-heading\">\ud83d\udd39 Marco de inova\u00e7\u00e3o e valoriza\u00e7\u00e3o da seguran\u00e7a privada<\/h3>\n\n\n\n<p>Para o CONASEP, a proposta legislativa simboliza <strong>um marco de inova\u00e7\u00e3o e valoriza\u00e7\u00e3o da seguran\u00e7a privada no Brasil<\/strong>, ao reconhecer <strong>a import\u00e2ncia da defesa n\u00e3o letal e do uso de tecnologias modernas sob controle estatal<\/strong>.<\/p>\n\n\n\n<p>O projeto tamb\u00e9m <strong>refor\u00e7a o papel das empresas especializadas e dos profissionais credenciados pela Pol\u00edcia Federal<\/strong>, valorizando sua capacita\u00e7\u00e3o t\u00e9cnica e promovendo um <strong>modelo de atua\u00e7\u00e3o mais eficiente, moderno e seguro<\/strong>, alinhado \u00e0s pr\u00e1ticas internacionais de seguran\u00e7a preventiva.<\/p>\n\n\n\n<p>A <strong>tramita\u00e7\u00e3o do <\/strong><a href=\"https:\/\/www.camara.leg.br\/proposicoesWeb\/fichadetramitacao?idProposicao=2571335\"><strong>PL 5127\/2025<\/strong> <\/a>na C\u00e2mara dos Deputados ser\u00e1 <strong>acompanhada de perto pelo CONASEP<\/strong>, que j\u00e1 articula com <strong>lideran\u00e7as da Comiss\u00e3o de Seguran\u00e7a P\u00fablica e Combate ao Crime Organizado<\/strong>, bem como com outras frentes parlamentares ligadas \u00e0 seguran\u00e7a e aos direitos humanos.<\/p>\n\n\n\n<blockquote class=\"wp-block-quote is-layout-flow wp-block-quote-is-layout-flow\">\n<p><em>\u201cO Brasil precisa de um novo olhar sobre a seguran\u00e7a privada. Esse projeto n\u00e3o apenas protege o patrim\u00f4nio, mas tamb\u00e9m garante a integridade f\u00edsica dos profissionais e da popula\u00e7\u00e3o. \u00c9 uma medida de intelig\u00eancia, proporcionalidade e civilidade\u201d<\/em>, concluiu o Dr. Alan Hassem.<\/p>\n<\/blockquote>\n\n\n\n<p>Com essa iniciativa, o CONASEP reafirma seu <strong>papel institucional como entidade t\u00e9cnico e consultivo na formula\u00e7\u00e3o de pol\u00edticas p\u00fablicas para o setor<\/strong>, consolidando-se como <strong>refer\u00eancia nacional na defesa dos direitos, da \u00e9tica e da moderniza\u00e7\u00e3o da seguran\u00e7a privada brasileira<\/strong>.<\/p>\n\n\n\n<p>Veja a Integra:<\/p>\n\n\n\n<div data-wp-interactive=\"core\/file\" class=\"wp-block-file\"><object data-wp-bind--hidden=\"!state.hasPdfPreview\" hidden class=\"wp-block-file__embed\" data=\"https:\/\/conasep.org.br\/noticias\/wp-content\/uploads\/2025\/10\/PL-5127-2025.pdf\" type=\"application\/pdf\" style=\"width:100%;height:600px\" aria-label=\"Incorporado de PL-5127-2025.\"><\/object><a id=\"wp-block-file--media-0ae295b4-7ebe-4a7d-8cb4-34f0ec760901\" href=\"https:\/\/conasep.org.br\/noticias\/wp-content\/uploads\/2025\/10\/PL-5127-2025.pdf\">PL-5127-2025<\/a><a href=\"https:\/\/conasep.org.br\/noticias\/wp-content\/uploads\/2025\/10\/PL-5127-2025.pdf\" class=\"wp-block-file__button wp-element-button\" download aria-describedby=\"wp-block-file--media-0ae295b4-7ebe-4a7d-8cb4-34f0ec760901\">Baixar<\/a><\/div>\n","protected":false},"excerpt":{"rendered":"<p>A Deputada Federal Ros\u00e2ngela Reis (PL\/MG) apresentou, no dia 14 de outubro de 2025, o Projeto de Lei n\u00ba 5127\/2025, que autoriza e reconhece o uso de dispositivos mec\u00e2nicos de acionamento para libera\u00e7\u00e3o controlada de agentes qu\u00edmicos incapacitantes n\u00e3o letais, como g\u00e1s de pimenta (OC) e g\u00e1s lacrimog\u00eaneo (CS), destinados exclusivamente \u00e0 seguran\u00e7a privada. A proposi\u00e7\u00e3o \u00e9 fruto de um pedido t\u00e9cnico do Conselho Nacional da Seguran\u00e7a Privada (CONASEP), formulado por meio de seus especialistas Sr. Diogo Amaral de Souza Franco e Sr. Lucas Kenid Parreira da Costa, que apresentaram estudo t\u00e9cnico e parecer de viabilidade sobre a aplica\u00e7\u00e3o pr\u00e1tica e segura do equipamento em ambientes privados de seguran\u00e7a controlada. O projeto, apresentado pela parlamentar mineira, representa um avan\u00e7o significativo no campo da seguran\u00e7a privada nacional, ao buscar aliar tecnologia, efici\u00eancia e respeito aos direitos humanos, fortalecendo a capacidade de defesa passiva das empresas especializadas em situa\u00e7\u00f5es de furto, roubo, invas\u00e3o ou risco iminente em locais fechados. \ud83d\udd39 Inova\u00e7\u00e3o com responsabilidade e seguran\u00e7a De acordo com o texto do projeto, o dispositivo poder\u00e1 ser acionado manualmente, por controle remoto ou de forma automatizada, estando integrado a sistemas de alarme, monitoramento e intelig\u00eancia artificial. O uso, por\u00e9m, ser\u00e1 restrito a ambientes internos e controlados, com mecanismos de seguran\u00e7a que impe\u00e7am o acionamento acidental, evitando qualquer risco ao p\u00fablico em geral. Al\u00e9m disso, a instala\u00e7\u00e3o, manuten\u00e7\u00e3o e opera\u00e7\u00e3o do dispositivo somente poder\u00e3o ser realizadas por profissionais de seguran\u00e7a privada capacitados e registrados, sob responsabilidade t\u00e9cnica da empresa especializada, devidamente autorizada e fiscalizada pela Pol\u00edcia Federal, em conformidade com o Estatuto da Seguran\u00e7a Privada (Lei n\u00ba 14.967, de 3 de julho de 2024). O projeto determina ainda que a Pol\u00edcia Federal regulamentar\u00e1, no prazo de 90 dias ap\u00f3s a publica\u00e7\u00e3o da lei, as especifica\u00e7\u00f5es t\u00e9cnicas, protocolos de seguran\u00e7a e mecanismos de fiscaliza\u00e7\u00e3o do equipamento, garantindo a rastreabilidade, o controle e a transpar\u00eancia no uso. \ud83d\udd39 O dispositivo n\u00e3o \u00e9 \u201carmadilha\u201d: trata-se de uma medida defensiva e humanizada Um dos pontos mais relevantes do PL 5127\/2025 \u00e9 a clareza jur\u00eddica quanto \u00e0 natureza do equipamento, que n\u00e3o se enquadra como \u201carmadilha\u201d de qualquer tipo. O artigo 4\u00ba do projeto estabelece expressamente que o dispositivo n\u00e3o se enquadra na defini\u00e7\u00e3o de \u201carmadilha\u201d prevista no art. 2\u00ba, item 4, do Protocolo II da Conven\u00e7\u00e3o sobre Proibi\u00e7\u00f5es ou Restri\u00e7\u00f5es ao Emprego de Minas, Armadilhas e Outros Artefatos, promulgada no Brasil pelo Decreto n\u00ba 3.436, de 25 de abril de 2000. Conforme o texto, trata-se de equipamento de seguran\u00e7a defensiva, controlado e supervisionado, cujo objetivo \u00e9 incapacitar temporariamente o agressor, provocando sua dispers\u00e3o imediata sem causar morte, ferimentos permanentes ou danos indiscriminados. \u201cO equipamento descrito neste projeto n\u00e3o \u00e9 uma armadilha, mas sim uma medida moderna e humanizada de defesa passiva. Seu uso \u00e9 restrito a profissionais treinados e sob supervis\u00e3o da Pol\u00edcia Federal, garantindo total controle, seguran\u00e7a e respeito aos direitos humanos\u201d, explicou a Deputada Federal Ros\u00e2ngela Reis, autora da proposta. \ud83d\udd39 Origem t\u00e9cnica e institucional: a contribui\u00e7\u00e3o do CONASEP O Presidente Nacional do CONASEP, Dr. Alan Hassem Salvatierra, destacou a import\u00e2ncia da iniciativa parlamentar, ressaltando que o projeto nasceu do trabalho t\u00e9cnico e cient\u00edfico desenvolvido pelo Conselho, por meio de seus especialistas e com base em experi\u00eancias pr\u00e1ticas e comparativas internacionais. \u201cO PL 5127\/2025 \u00e9 resultado de um estudo t\u00e9cnico criterioso do CONASEP, conduzido por profissionais altamente qualificados. Ele demonstra que \u00e9 poss\u00edvel compatibilizar tecnologia, preven\u00e7\u00e3o e respeito \u00e0 vida humana. Agradecemos \u00e0 Deputada Ros\u00e2ngela Reis pela sensibilidade e pela coragem de transformar essa proposta em um instrumento legislativo que moderniza a seguran\u00e7a privada no Brasil\u201d, afirmou o presidente. Os especialistas Diogo Amaral de Souza Franco e Lucas Kenid Parreira da Costa, respons\u00e1veis pelo parecer t\u00e9cnico apresentado ao CONASEP e \u00e0 parlamentar, tamb\u00e9m celebraram o avan\u00e7o: \u201cO dispositivo \u00e9 uma ferramenta inteligente de defesa n\u00e3o letal, controlada. Ele pode salvar vidas em situa\u00e7\u00f5es de risco, reduzindo confrontos diretos e evitando trag\u00e9dias. O Brasil d\u00e1 um passo importante ao regulamentar o uso respons\u00e1vel dessa tecnologia.\u201d \ud83d\udd39 Marco de inova\u00e7\u00e3o e valoriza\u00e7\u00e3o da seguran\u00e7a privada Para o CONASEP, a proposta legislativa simboliza um marco de inova\u00e7\u00e3o e valoriza\u00e7\u00e3o da seguran\u00e7a privada no Brasil, ao reconhecer a import\u00e2ncia da defesa n\u00e3o letal e do uso de tecnologias modernas sob controle estatal. O projeto tamb\u00e9m refor\u00e7a o papel das empresas especializadas e dos profissionais credenciados pela Pol\u00edcia Federal, valorizando sua capacita\u00e7\u00e3o t\u00e9cnica e promovendo um modelo de atua\u00e7\u00e3o mais eficiente, moderno e seguro, alinhado \u00e0s pr\u00e1ticas internacionais de seguran\u00e7a preventiva. A tramita\u00e7\u00e3o do PL 5127\/2025 na C\u00e2mara dos Deputados ser\u00e1 acompanhada de perto pelo CONASEP, que j\u00e1 articula com lideran\u00e7as da Comiss\u00e3o de Seguran\u00e7a P\u00fablica e Combate ao Crime Organizado, bem como com outras frentes parlamentares ligadas \u00e0 seguran\u00e7a e aos direitos humanos. \u201cO Brasil precisa de um novo olhar sobre a seguran\u00e7a privada. Esse projeto n\u00e3o apenas protege o patrim\u00f4nio, mas tamb\u00e9m garante a integridade f\u00edsica dos profissionais e da popula\u00e7\u00e3o. \u00c9 uma medida de intelig\u00eancia, proporcionalidade e civilidade\u201d, concluiu o Dr. Alan Hassem. Com essa iniciativa, o CONASEP reafirma seu papel institucional como entidade t\u00e9cnico e consultivo na formula\u00e7\u00e3o de pol\u00edticas p\u00fablicas para o setor, consolidando-se como refer\u00eancia nacional na defesa dos direitos, da \u00e9tica e da moderniza\u00e7\u00e3o da seguran\u00e7a privada brasileira. Veja a Integra:<\/p>\n","protected":false},"author":6,"featured_media":1924,"comment_status":"open","ping_status":"open","sticky":false,"template":"","format":"standard","meta":{"footnotes":""},"categories":[46],"tags":[],"class_list":["post-1968","post","type-post","status-publish","format-standard","has-post-thumbnail","hentry","category-noticias"],"yoast_head":"<!-- This site is optimized with the Yoast SEO plugin v24.8.1 - https:\/\/yoast.com\/wordpress\/plugins\/seo\/ -->\n<title>DEPUTADA FEDERAL ROS\u00c2NGELA REIS APRESENTA PROJETO DE LEI INOVADOR, A PEDIDO DO CONASEP, PARA AUTORIZAR O USO DE DISPOSITIVO MEC\u00c2NICO DE DEFESA N\u00c3O LETAL NA SEGURAN\u00c7A PRIVADA \u2014 EQUIPAMENTO \u00c9 SEGURO, CONTROLADO E N\u00c3O SE CONFIGURA COMO ARMADILHA - Noticias Conasep<\/title>\n<meta name=\"robots\" content=\"index, follow, max-snippet:-1, max-image-preview:large, max-video-preview:-1\" \/>\n<link rel=\"canonical\" href=\"https:\/\/conasep.org.br\/noticias\/deputada-federal-rosangela-reis-apresenta-projeto-de-lei-inovador-a-pedido-do-conasep-para-autorizar-o-uso-de-dispositivo-mecanico-de-defesa-nao-letal-na-seguranca-privada-equipamento-e-se\/\" \/>\n<meta property=\"og:locale\" content=\"pt_BR\" \/>\n<meta property=\"og:type\" content=\"article\" \/>\n<meta property=\"og:title\" content=\"DEPUTADA FEDERAL ROS\u00c2NGELA REIS APRESENTA PROJETO DE LEI INOVADOR, A PEDIDO DO CONASEP, PARA AUTORIZAR O USO DE DISPOSITIVO MEC\u00c2NICO DE DEFESA N\u00c3O LETAL NA SEGURAN\u00c7A PRIVADA \u2014 EQUIPAMENTO \u00c9 SEGURO, CONTROLADO E N\u00c3O SE CONFIGURA COMO ARMADILHA - Noticias Conasep\" \/>\n<meta property=\"og:description\" content=\"A Deputada Federal Ros\u00e2ngela Reis (PL\/MG) apresentou, no dia 14 de outubro de 2025, o Projeto de Lei n\u00ba 5127\/2025, que autoriza e reconhece o uso de dispositivos mec\u00e2nicos de acionamento para libera\u00e7\u00e3o controlada de agentes qu\u00edmicos incapacitantes n\u00e3o letais, como g\u00e1s de pimenta (OC) e g\u00e1s lacrimog\u00eaneo (CS), destinados exclusivamente \u00e0 seguran\u00e7a privada. A proposi\u00e7\u00e3o \u00e9 fruto de um pedido t\u00e9cnico do Conselho Nacional da Seguran\u00e7a Privada (CONASEP), formulado por meio de seus especialistas Sr. Diogo Amaral de Souza Franco e Sr. Lucas Kenid Parreira da Costa, que apresentaram estudo t\u00e9cnico e parecer de viabilidade sobre a aplica\u00e7\u00e3o pr\u00e1tica e segura do equipamento em ambientes privados de seguran\u00e7a controlada. O projeto, apresentado pela parlamentar mineira, representa um avan\u00e7o significativo no campo da seguran\u00e7a privada nacional, ao buscar aliar tecnologia, efici\u00eancia e respeito aos direitos humanos, fortalecendo a capacidade de defesa passiva das empresas especializadas em situa\u00e7\u00f5es de furto, roubo, invas\u00e3o ou risco iminente em locais fechados. \ud83d\udd39 Inova\u00e7\u00e3o com responsabilidade e seguran\u00e7a De acordo com o texto do projeto, o dispositivo poder\u00e1 ser acionado manualmente, por controle remoto ou de forma automatizada, estando integrado a sistemas de alarme, monitoramento e intelig\u00eancia artificial. O uso, por\u00e9m, ser\u00e1 restrito a ambientes internos e controlados, com mecanismos de seguran\u00e7a que impe\u00e7am o acionamento acidental, evitando qualquer risco ao p\u00fablico em geral. Al\u00e9m disso, a instala\u00e7\u00e3o, manuten\u00e7\u00e3o e opera\u00e7\u00e3o do dispositivo somente poder\u00e3o ser realizadas por profissionais de seguran\u00e7a privada capacitados e registrados, sob responsabilidade t\u00e9cnica da empresa especializada, devidamente autorizada e fiscalizada pela Pol\u00edcia Federal, em conformidade com o Estatuto da Seguran\u00e7a Privada (Lei n\u00ba 14.967, de 3 de julho de 2024). O projeto determina ainda que a Pol\u00edcia Federal regulamentar\u00e1, no prazo de 90 dias ap\u00f3s a publica\u00e7\u00e3o da lei, as especifica\u00e7\u00f5es t\u00e9cnicas, protocolos de seguran\u00e7a e mecanismos de fiscaliza\u00e7\u00e3o do equipamento, garantindo a rastreabilidade, o controle e a transpar\u00eancia no uso. \ud83d\udd39 O dispositivo n\u00e3o \u00e9 \u201carmadilha\u201d: trata-se de uma medida defensiva e humanizada Um dos pontos mais relevantes do PL 5127\/2025 \u00e9 a clareza jur\u00eddica quanto \u00e0 natureza do equipamento, que n\u00e3o se enquadra como \u201carmadilha\u201d de qualquer tipo. O artigo 4\u00ba do projeto estabelece expressamente que o dispositivo n\u00e3o se enquadra na defini\u00e7\u00e3o de \u201carmadilha\u201d prevista no art. 2\u00ba, item 4, do Protocolo II da Conven\u00e7\u00e3o sobre Proibi\u00e7\u00f5es ou Restri\u00e7\u00f5es ao Emprego de Minas, Armadilhas e Outros Artefatos, promulgada no Brasil pelo Decreto n\u00ba 3.436, de 25 de abril de 2000. Conforme o texto, trata-se de equipamento de seguran\u00e7a defensiva, controlado e supervisionado, cujo objetivo \u00e9 incapacitar temporariamente o agressor, provocando sua dispers\u00e3o imediata sem causar morte, ferimentos permanentes ou danos indiscriminados. \u201cO equipamento descrito neste projeto n\u00e3o \u00e9 uma armadilha, mas sim uma medida moderna e humanizada de defesa passiva. Seu uso \u00e9 restrito a profissionais treinados e sob supervis\u00e3o da Pol\u00edcia Federal, garantindo total controle, seguran\u00e7a e respeito aos direitos humanos\u201d, explicou a Deputada Federal Ros\u00e2ngela Reis, autora da proposta. \ud83d\udd39 Origem t\u00e9cnica e institucional: a contribui\u00e7\u00e3o do CONASEP O Presidente Nacional do CONASEP, Dr. Alan Hassem Salvatierra, destacou a import\u00e2ncia da iniciativa parlamentar, ressaltando que o projeto nasceu do trabalho t\u00e9cnico e cient\u00edfico desenvolvido pelo Conselho, por meio de seus especialistas e com base em experi\u00eancias pr\u00e1ticas e comparativas internacionais. \u201cO PL 5127\/2025 \u00e9 resultado de um estudo t\u00e9cnico criterioso do CONASEP, conduzido por profissionais altamente qualificados. Ele demonstra que \u00e9 poss\u00edvel compatibilizar tecnologia, preven\u00e7\u00e3o e respeito \u00e0 vida humana. Agradecemos \u00e0 Deputada Ros\u00e2ngela Reis pela sensibilidade e pela coragem de transformar essa proposta em um instrumento legislativo que moderniza a seguran\u00e7a privada no Brasil\u201d, afirmou o presidente. Os especialistas Diogo Amaral de Souza Franco e Lucas Kenid Parreira da Costa, respons\u00e1veis pelo parecer t\u00e9cnico apresentado ao CONASEP e \u00e0 parlamentar, tamb\u00e9m celebraram o avan\u00e7o: \u201cO dispositivo \u00e9 uma ferramenta inteligente de defesa n\u00e3o letal, controlada. Ele pode salvar vidas em situa\u00e7\u00f5es de risco, reduzindo confrontos diretos e evitando trag\u00e9dias. O Brasil d\u00e1 um passo importante ao regulamentar o uso respons\u00e1vel dessa tecnologia.\u201d \ud83d\udd39 Marco de inova\u00e7\u00e3o e valoriza\u00e7\u00e3o da seguran\u00e7a privada Para o CONASEP, a proposta legislativa simboliza um marco de inova\u00e7\u00e3o e valoriza\u00e7\u00e3o da seguran\u00e7a privada no Brasil, ao reconhecer a import\u00e2ncia da defesa n\u00e3o letal e do uso de tecnologias modernas sob controle estatal. O projeto tamb\u00e9m refor\u00e7a o papel das empresas especializadas e dos profissionais credenciados pela Pol\u00edcia Federal, valorizando sua capacita\u00e7\u00e3o t\u00e9cnica e promovendo um modelo de atua\u00e7\u00e3o mais eficiente, moderno e seguro, alinhado \u00e0s pr\u00e1ticas internacionais de seguran\u00e7a preventiva. A tramita\u00e7\u00e3o do PL 5127\/2025 na C\u00e2mara dos Deputados ser\u00e1 acompanhada de perto pelo CONASEP, que j\u00e1 articula com lideran\u00e7as da Comiss\u00e3o de Seguran\u00e7a P\u00fablica e Combate ao Crime Organizado, bem como com outras frentes parlamentares ligadas \u00e0 seguran\u00e7a e aos direitos humanos. \u201cO Brasil precisa de um novo olhar sobre a seguran\u00e7a privada. Esse projeto n\u00e3o apenas protege o patrim\u00f4nio, mas tamb\u00e9m garante a integridade f\u00edsica dos profissionais e da popula\u00e7\u00e3o. \u00c9 uma medida de intelig\u00eancia, proporcionalidade e civilidade\u201d, concluiu o Dr. Alan Hassem. Com essa iniciativa, o CONASEP reafirma seu papel institucional como entidade t\u00e9cnico e consultivo na formula\u00e7\u00e3o de pol\u00edticas p\u00fablicas para o setor, consolidando-se como refer\u00eancia nacional na defesa dos direitos, da \u00e9tica e da moderniza\u00e7\u00e3o da seguran\u00e7a privada brasileira. Veja a Integra:\" \/>\n<meta property=\"og:url\" content=\"https:\/\/conasep.org.br\/noticias\/deputada-federal-rosangela-reis-apresenta-projeto-de-lei-inovador-a-pedido-do-conasep-para-autorizar-o-uso-de-dispositivo-mecanico-de-defesa-nao-letal-na-seguranca-privada-equipamento-e-se\/\" \/>\n<meta property=\"og:site_name\" content=\"Noticias Conasep\" \/>\n<meta property=\"article:published_time\" content=\"2025-10-15T12:19:22+00:00\" \/>\n<meta property=\"og:image\" content=\"https:\/\/conasep.org.br\/noticias\/wp-content\/uploads\/2025\/10\/img20250805100744419-scaled.jpg\" \/>\n\t<meta property=\"og:image:width\" content=\"2560\" \/>\n\t<meta property=\"og:image:height\" content=\"1578\" \/>\n\t<meta property=\"og:image:type\" content=\"image\/jpeg\" \/>\n<meta name=\"author\" content=\"CONASEP\" \/>\n<meta name=\"twitter:card\" content=\"summary_large_image\" \/>\n<meta name=\"twitter:label1\" content=\"Escrito por\" \/>\n\t<meta name=\"twitter:data1\" content=\"CONASEP\" \/>\n\t<meta name=\"twitter:label2\" content=\"Est. tempo de leitura\" \/>\n\t<meta name=\"twitter:data2\" content=\"4 minutos\" \/>\n<script type=\"application\/ld+json\" class=\"yoast-schema-graph\">{\"@context\":\"https:\/\/schema.org\",\"@graph\":[{\"@type\":\"WebPage\",\"@id\":\"https:\/\/conasep.org.br\/noticias\/deputada-federal-rosangela-reis-apresenta-projeto-de-lei-inovador-a-pedido-do-conasep-para-autorizar-o-uso-de-dispositivo-mecanico-de-defesa-nao-letal-na-seguranca-privada-equipamento-e-se\/\",\"url\":\"https:\/\/conasep.org.br\/noticias\/deputada-federal-rosangela-reis-apresenta-projeto-de-lei-inovador-a-pedido-do-conasep-para-autorizar-o-uso-de-dispositivo-mecanico-de-defesa-nao-letal-na-seguranca-privada-equipamento-e-se\/\",\"name\":\"DEPUTADA FEDERAL ROS\u00c2NGELA REIS APRESENTA PROJETO DE LEI INOVADOR, A PEDIDO DO CONASEP, PARA AUTORIZAR O USO DE DISPOSITIVO MEC\u00c2NICO DE DEFESA N\u00c3O LETAL NA SEGURAN\u00c7A PRIVADA \u2014 EQUIPAMENTO \u00c9 SEGURO, CONTROLADO E N\u00c3O SE CONFIGURA COMO ARMADILHA - Noticias Conasep\",\"isPartOf\":{\"@id\":\"https:\/\/www.conasep.org.br\/noticias\/#website\"},\"primaryImageOfPage\":{\"@id\":\"https:\/\/conasep.org.br\/noticias\/deputada-federal-rosangela-reis-apresenta-projeto-de-lei-inovador-a-pedido-do-conasep-para-autorizar-o-uso-de-dispositivo-mecanico-de-defesa-nao-letal-na-seguranca-privada-equipamento-e-se\/#primaryimage\"},\"image\":{\"@id\":\"https:\/\/conasep.org.br\/noticias\/deputada-federal-rosangela-reis-apresenta-projeto-de-lei-inovador-a-pedido-do-conasep-para-autorizar-o-uso-de-dispositivo-mecanico-de-defesa-nao-letal-na-seguranca-privada-equipamento-e-se\/#primaryimage\"},\"thumbnailUrl\":\"https:\/\/conasep.org.br\/noticias\/wp-content\/uploads\/2025\/10\/img20250805100744419-scaled.jpg\",\"datePublished\":\"2025-10-15T12:19:22+00:00\",\"author\":{\"@id\":\"https:\/\/www.conasep.org.br\/noticias\/#\/schema\/person\/96e446b120d85d108e7ebeb7d82a2c44\"},\"breadcrumb\":{\"@id\":\"https:\/\/conasep.org.br\/noticias\/deputada-federal-rosangela-reis-apresenta-projeto-de-lei-inovador-a-pedido-do-conasep-para-autorizar-o-uso-de-dispositivo-mecanico-de-defesa-nao-letal-na-seguranca-privada-equipamento-e-se\/#breadcrumb\"},\"inLanguage\":\"pt-BR\",\"potentialAction\":[{\"@type\":\"ReadAction\",\"target\":[\"https:\/\/conasep.org.br\/noticias\/deputada-federal-rosangela-reis-apresenta-projeto-de-lei-inovador-a-pedido-do-conasep-para-autorizar-o-uso-de-dispositivo-mecanico-de-defesa-nao-letal-na-seguranca-privada-equipamento-e-se\/\"]}]},{\"@type\":\"ImageObject\",\"inLanguage\":\"pt-BR\",\"@id\":\"https:\/\/conasep.org.br\/noticias\/deputada-federal-rosangela-reis-apresenta-projeto-de-lei-inovador-a-pedido-do-conasep-para-autorizar-o-uso-de-dispositivo-mecanico-de-defesa-nao-letal-na-seguranca-privada-equipamento-e-se\/#primaryimage\",\"url\":\"https:\/\/conasep.org.br\/noticias\/wp-content\/uploads\/2025\/10\/img20250805100744419-scaled.jpg\",\"contentUrl\":\"https:\/\/conasep.org.br\/noticias\/wp-content\/uploads\/2025\/10\/img20250805100744419-scaled.jpg\",\"width\":2560,\"height\":1578},{\"@type\":\"BreadcrumbList\",\"@id\":\"https:\/\/conasep.org.br\/noticias\/deputada-federal-rosangela-reis-apresenta-projeto-de-lei-inovador-a-pedido-do-conasep-para-autorizar-o-uso-de-dispositivo-mecanico-de-defesa-nao-letal-na-seguranca-privada-equipamento-e-se\/#breadcrumb\",\"itemListElement\":[{\"@type\":\"ListItem\",\"position\":1,\"name\":\"In\u00edcio\",\"item\":\"https:\/\/www.conasep.org.br\/noticias\/\"},{\"@type\":\"ListItem\",\"position\":2,\"name\":\"DEPUTADA FEDERAL ROS\u00c2NGELA REIS APRESENTA PROJETO DE LEI INOVADOR, A PEDIDO DO CONASEP, PARA AUTORIZAR O USO DE DISPOSITIVO MEC\u00c2NICO DE DEFESA N\u00c3O LETAL NA SEGURAN\u00c7A PRIVADA \u2014 EQUIPAMENTO \u00c9 SEGURO, CONTROLADO E N\u00c3O SE CONFIGURA COMO ARMADILHA\"}]},{\"@type\":\"WebSite\",\"@id\":\"https:\/\/www.conasep.org.br\/noticias\/#website\",\"url\":\"https:\/\/www.conasep.org.br\/noticias\/\",\"name\":\"Noticias Conasep\",\"description\":\"Os melhores conte\u00fados\",\"potentialAction\":[{\"@type\":\"SearchAction\",\"target\":{\"@type\":\"EntryPoint\",\"urlTemplate\":\"https:\/\/www.conasep.org.br\/noticias\/?s={search_term_string}\"},\"query-input\":{\"@type\":\"PropertyValueSpecification\",\"valueRequired\":true,\"valueName\":\"search_term_string\"}}],\"inLanguage\":\"pt-BR\"},{\"@type\":\"Person\",\"@id\":\"https:\/\/www.conasep.org.br\/noticias\/#\/schema\/person\/96e446b120d85d108e7ebeb7d82a2c44\",\"name\":\"CONASEP\",\"image\":{\"@type\":\"ImageObject\",\"inLanguage\":\"pt-BR\",\"@id\":\"https:\/\/www.conasep.org.br\/noticias\/#\/schema\/person\/image\/\",\"url\":\"https:\/\/secure.gravatar.com\/avatar\/17258e04e8f7917cf6d5fea9e29eedbd?s=96&d=mm&r=g\",\"contentUrl\":\"https:\/\/secure.gravatar.com\/avatar\/17258e04e8f7917cf6d5fea9e29eedbd?s=96&d=mm&r=g\",\"caption\":\"CONASEP\"},\"url\":\"https:\/\/conasep.org.br\/noticias\/author\/conasep\/\"}]}<\/script>\n<!-- \/ Yoast SEO plugin. -->","yoast_head_json":{"title":"DEPUTADA FEDERAL ROS\u00c2NGELA REIS APRESENTA PROJETO DE LEI INOVADOR, A PEDIDO DO CONASEP, PARA AUTORIZAR O USO DE DISPOSITIVO MEC\u00c2NICO DE DEFESA N\u00c3O LETAL NA SEGURAN\u00c7A PRIVADA \u2014 EQUIPAMENTO \u00c9 SEGURO, CONTROLADO E N\u00c3O SE CONFIGURA COMO ARMADILHA - Noticias Conasep","robots":{"index":"index","follow":"follow","max-snippet":"max-snippet:-1","max-image-preview":"max-image-preview:large","max-video-preview":"max-video-preview:-1"},"canonical":"https:\/\/conasep.org.br\/noticias\/deputada-federal-rosangela-reis-apresenta-projeto-de-lei-inovador-a-pedido-do-conasep-para-autorizar-o-uso-de-dispositivo-mecanico-de-defesa-nao-letal-na-seguranca-privada-equipamento-e-se\/","og_locale":"pt_BR","og_type":"article","og_title":"DEPUTADA FEDERAL ROS\u00c2NGELA REIS APRESENTA PROJETO DE LEI INOVADOR, A PEDIDO DO CONASEP, PARA AUTORIZAR O USO DE DISPOSITIVO MEC\u00c2NICO DE DEFESA N\u00c3O LETAL NA SEGURAN\u00c7A PRIVADA \u2014 EQUIPAMENTO \u00c9 SEGURO, CONTROLADO E N\u00c3O SE CONFIGURA COMO ARMADILHA - Noticias Conasep","og_description":"A Deputada Federal Ros\u00e2ngela Reis (PL\/MG) apresentou, no dia 14 de outubro de 2025, o Projeto de Lei n\u00ba 5127\/2025, que autoriza e reconhece o uso de dispositivos mec\u00e2nicos de acionamento para libera\u00e7\u00e3o controlada de agentes qu\u00edmicos incapacitantes n\u00e3o letais, como g\u00e1s de pimenta (OC) e g\u00e1s lacrimog\u00eaneo (CS), destinados exclusivamente \u00e0 seguran\u00e7a privada. A proposi\u00e7\u00e3o \u00e9 fruto de um pedido t\u00e9cnico do Conselho Nacional da Seguran\u00e7a Privada (CONASEP), formulado por meio de seus especialistas Sr. Diogo Amaral de Souza Franco e Sr. Lucas Kenid Parreira da Costa, que apresentaram estudo t\u00e9cnico e parecer de viabilidade sobre a aplica\u00e7\u00e3o pr\u00e1tica e segura do equipamento em ambientes privados de seguran\u00e7a controlada. O projeto, apresentado pela parlamentar mineira, representa um avan\u00e7o significativo no campo da seguran\u00e7a privada nacional, ao buscar aliar tecnologia, efici\u00eancia e respeito aos direitos humanos, fortalecendo a capacidade de defesa passiva das empresas especializadas em situa\u00e7\u00f5es de furto, roubo, invas\u00e3o ou risco iminente em locais fechados. \ud83d\udd39 Inova\u00e7\u00e3o com responsabilidade e seguran\u00e7a De acordo com o texto do projeto, o dispositivo poder\u00e1 ser acionado manualmente, por controle remoto ou de forma automatizada, estando integrado a sistemas de alarme, monitoramento e intelig\u00eancia artificial. O uso, por\u00e9m, ser\u00e1 restrito a ambientes internos e controlados, com mecanismos de seguran\u00e7a que impe\u00e7am o acionamento acidental, evitando qualquer risco ao p\u00fablico em geral. Al\u00e9m disso, a instala\u00e7\u00e3o, manuten\u00e7\u00e3o e opera\u00e7\u00e3o do dispositivo somente poder\u00e3o ser realizadas por profissionais de seguran\u00e7a privada capacitados e registrados, sob responsabilidade t\u00e9cnica da empresa especializada, devidamente autorizada e fiscalizada pela Pol\u00edcia Federal, em conformidade com o Estatuto da Seguran\u00e7a Privada (Lei n\u00ba 14.967, de 3 de julho de 2024). O projeto determina ainda que a Pol\u00edcia Federal regulamentar\u00e1, no prazo de 90 dias ap\u00f3s a publica\u00e7\u00e3o da lei, as especifica\u00e7\u00f5es t\u00e9cnicas, protocolos de seguran\u00e7a e mecanismos de fiscaliza\u00e7\u00e3o do equipamento, garantindo a rastreabilidade, o controle e a transpar\u00eancia no uso. \ud83d\udd39 O dispositivo n\u00e3o \u00e9 \u201carmadilha\u201d: trata-se de uma medida defensiva e humanizada Um dos pontos mais relevantes do PL 5127\/2025 \u00e9 a clareza jur\u00eddica quanto \u00e0 natureza do equipamento, que n\u00e3o se enquadra como \u201carmadilha\u201d de qualquer tipo. O artigo 4\u00ba do projeto estabelece expressamente que o dispositivo n\u00e3o se enquadra na defini\u00e7\u00e3o de \u201carmadilha\u201d prevista no art. 2\u00ba, item 4, do Protocolo II da Conven\u00e7\u00e3o sobre Proibi\u00e7\u00f5es ou Restri\u00e7\u00f5es ao Emprego de Minas, Armadilhas e Outros Artefatos, promulgada no Brasil pelo Decreto n\u00ba 3.436, de 25 de abril de 2000. Conforme o texto, trata-se de equipamento de seguran\u00e7a defensiva, controlado e supervisionado, cujo objetivo \u00e9 incapacitar temporariamente o agressor, provocando sua dispers\u00e3o imediata sem causar morte, ferimentos permanentes ou danos indiscriminados. \u201cO equipamento descrito neste projeto n\u00e3o \u00e9 uma armadilha, mas sim uma medida moderna e humanizada de defesa passiva. Seu uso \u00e9 restrito a profissionais treinados e sob supervis\u00e3o da Pol\u00edcia Federal, garantindo total controle, seguran\u00e7a e respeito aos direitos humanos\u201d, explicou a Deputada Federal Ros\u00e2ngela Reis, autora da proposta. \ud83d\udd39 Origem t\u00e9cnica e institucional: a contribui\u00e7\u00e3o do CONASEP O Presidente Nacional do CONASEP, Dr. Alan Hassem Salvatierra, destacou a import\u00e2ncia da iniciativa parlamentar, ressaltando que o projeto nasceu do trabalho t\u00e9cnico e cient\u00edfico desenvolvido pelo Conselho, por meio de seus especialistas e com base em experi\u00eancias pr\u00e1ticas e comparativas internacionais. \u201cO PL 5127\/2025 \u00e9 resultado de um estudo t\u00e9cnico criterioso do CONASEP, conduzido por profissionais altamente qualificados. Ele demonstra que \u00e9 poss\u00edvel compatibilizar tecnologia, preven\u00e7\u00e3o e respeito \u00e0 vida humana. Agradecemos \u00e0 Deputada Ros\u00e2ngela Reis pela sensibilidade e pela coragem de transformar essa proposta em um instrumento legislativo que moderniza a seguran\u00e7a privada no Brasil\u201d, afirmou o presidente. Os especialistas Diogo Amaral de Souza Franco e Lucas Kenid Parreira da Costa, respons\u00e1veis pelo parecer t\u00e9cnico apresentado ao CONASEP e \u00e0 parlamentar, tamb\u00e9m celebraram o avan\u00e7o: \u201cO dispositivo \u00e9 uma ferramenta inteligente de defesa n\u00e3o letal, controlada. Ele pode salvar vidas em situa\u00e7\u00f5es de risco, reduzindo confrontos diretos e evitando trag\u00e9dias. O Brasil d\u00e1 um passo importante ao regulamentar o uso respons\u00e1vel dessa tecnologia.\u201d \ud83d\udd39 Marco de inova\u00e7\u00e3o e valoriza\u00e7\u00e3o da seguran\u00e7a privada Para o CONASEP, a proposta legislativa simboliza um marco de inova\u00e7\u00e3o e valoriza\u00e7\u00e3o da seguran\u00e7a privada no Brasil, ao reconhecer a import\u00e2ncia da defesa n\u00e3o letal e do uso de tecnologias modernas sob controle estatal. O projeto tamb\u00e9m refor\u00e7a o papel das empresas especializadas e dos profissionais credenciados pela Pol\u00edcia Federal, valorizando sua capacita\u00e7\u00e3o t\u00e9cnica e promovendo um modelo de atua\u00e7\u00e3o mais eficiente, moderno e seguro, alinhado \u00e0s pr\u00e1ticas internacionais de seguran\u00e7a preventiva. A tramita\u00e7\u00e3o do PL 5127\/2025 na C\u00e2mara dos Deputados ser\u00e1 acompanhada de perto pelo CONASEP, que j\u00e1 articula com lideran\u00e7as da Comiss\u00e3o de Seguran\u00e7a P\u00fablica e Combate ao Crime Organizado, bem como com outras frentes parlamentares ligadas \u00e0 seguran\u00e7a e aos direitos humanos. \u201cO Brasil precisa de um novo olhar sobre a seguran\u00e7a privada. Esse projeto n\u00e3o apenas protege o patrim\u00f4nio, mas tamb\u00e9m garante a integridade f\u00edsica dos profissionais e da popula\u00e7\u00e3o. \u00c9 uma medida de intelig\u00eancia, proporcionalidade e civilidade\u201d, concluiu o Dr. Alan Hassem. Com essa iniciativa, o CONASEP reafirma seu papel institucional como entidade t\u00e9cnico e consultivo na formula\u00e7\u00e3o de pol\u00edticas p\u00fablicas para o setor, consolidando-se como refer\u00eancia nacional na defesa dos direitos, da \u00e9tica e da moderniza\u00e7\u00e3o da seguran\u00e7a privada brasileira. Veja a Integra:","og_url":"https:\/\/conasep.org.br\/noticias\/deputada-federal-rosangela-reis-apresenta-projeto-de-lei-inovador-a-pedido-do-conasep-para-autorizar-o-uso-de-dispositivo-mecanico-de-defesa-nao-letal-na-seguranca-privada-equipamento-e-se\/","og_site_name":"Noticias Conasep","article_published_time":"2025-10-15T12:19:22+00:00","og_image":[{"width":2560,"height":1578,"url":"https:\/\/conasep.org.br\/noticias\/wp-content\/uploads\/2025\/10\/img20250805100744419-scaled.jpg","type":"image\/jpeg"}],"author":"CONASEP","twitter_card":"summary_large_image","twitter_misc":{"Escrito por":"CONASEP","Est. tempo de leitura":"4 minutos"},"schema":{"@context":"https:\/\/schema.org","@graph":[{"@type":"WebPage","@id":"https:\/\/conasep.org.br\/noticias\/deputada-federal-rosangela-reis-apresenta-projeto-de-lei-inovador-a-pedido-do-conasep-para-autorizar-o-uso-de-dispositivo-mecanico-de-defesa-nao-letal-na-seguranca-privada-equipamento-e-se\/","url":"https:\/\/conasep.org.br\/noticias\/deputada-federal-rosangela-reis-apresenta-projeto-de-lei-inovador-a-pedido-do-conasep-para-autorizar-o-uso-de-dispositivo-mecanico-de-defesa-nao-letal-na-seguranca-privada-equipamento-e-se\/","name":"DEPUTADA FEDERAL ROS\u00c2NGELA REIS APRESENTA PROJETO DE LEI INOVADOR, A PEDIDO DO CONASEP, PARA AUTORIZAR O USO DE DISPOSITIVO MEC\u00c2NICO DE DEFESA N\u00c3O LETAL NA SEGURAN\u00c7A PRIVADA \u2014 EQUIPAMENTO \u00c9 SEGURO, CONTROLADO E N\u00c3O SE CONFIGURA COMO ARMADILHA - Noticias Conasep","isPartOf":{"@id":"https:\/\/www.conasep.org.br\/noticias\/#website"},"primaryImageOfPage":{"@id":"https:\/\/conasep.org.br\/noticias\/deputada-federal-rosangela-reis-apresenta-projeto-de-lei-inovador-a-pedido-do-conasep-para-autorizar-o-uso-de-dispositivo-mecanico-de-defesa-nao-letal-na-seguranca-privada-equipamento-e-se\/#primaryimage"},"image":{"@id":"https:\/\/conasep.org.br\/noticias\/deputada-federal-rosangela-reis-apresenta-projeto-de-lei-inovador-a-pedido-do-conasep-para-autorizar-o-uso-de-dispositivo-mecanico-de-defesa-nao-letal-na-seguranca-privada-equipamento-e-se\/#primaryimage"},"thumbnailUrl":"https:\/\/conasep.org.br\/noticias\/wp-content\/uploads\/2025\/10\/img20250805100744419-scaled.jpg","datePublished":"2025-10-15T12:19:22+00:00","author":{"@id":"https:\/\/www.conasep.org.br\/noticias\/#\/schema\/person\/96e446b120d85d108e7ebeb7d82a2c44"},"breadcrumb":{"@id":"https:\/\/conasep.org.br\/noticias\/deputada-federal-rosangela-reis-apresenta-projeto-de-lei-inovador-a-pedido-do-conasep-para-autorizar-o-uso-de-dispositivo-mecanico-de-defesa-nao-letal-na-seguranca-privada-equipamento-e-se\/#breadcrumb"},"inLanguage":"pt-BR","potentialAction":[{"@type":"ReadAction","target":["https:\/\/conasep.org.br\/noticias\/deputada-federal-rosangela-reis-apresenta-projeto-de-lei-inovador-a-pedido-do-conasep-para-autorizar-o-uso-de-dispositivo-mecanico-de-defesa-nao-letal-na-seguranca-privada-equipamento-e-se\/"]}]},{"@type":"ImageObject","inLanguage":"pt-BR","@id":"https:\/\/conasep.org.br\/noticias\/deputada-federal-rosangela-reis-apresenta-projeto-de-lei-inovador-a-pedido-do-conasep-para-autorizar-o-uso-de-dispositivo-mecanico-de-defesa-nao-letal-na-seguranca-privada-equipamento-e-se\/#primaryimage","url":"https:\/\/conasep.org.br\/noticias\/wp-content\/uploads\/2025\/10\/img20250805100744419-scaled.jpg","contentUrl":"https:\/\/conasep.org.br\/noticias\/wp-content\/uploads\/2025\/10\/img20250805100744419-scaled.jpg","width":2560,"height":1578},{"@type":"BreadcrumbList","@id":"https:\/\/conasep.org.br\/noticias\/deputada-federal-rosangela-reis-apresenta-projeto-de-lei-inovador-a-pedido-do-conasep-para-autorizar-o-uso-de-dispositivo-mecanico-de-defesa-nao-letal-na-seguranca-privada-equipamento-e-se\/#breadcrumb","itemListElement":[{"@type":"ListItem","position":1,"name":"In\u00edcio","item":"https:\/\/www.conasep.org.br\/noticias\/"},{"@type":"ListItem","position":2,"name":"DEPUTADA FEDERAL ROS\u00c2NGELA REIS APRESENTA PROJETO DE LEI INOVADOR, A PEDIDO DO CONASEP, PARA AUTORIZAR O USO DE DISPOSITIVO MEC\u00c2NICO DE DEFESA N\u00c3O LETAL NA SEGURAN\u00c7A PRIVADA \u2014 EQUIPAMENTO \u00c9 SEGURO, CONTROLADO E N\u00c3O SE CONFIGURA COMO ARMADILHA"}]},{"@type":"WebSite","@id":"https:\/\/www.conasep.org.br\/noticias\/#website","url":"https:\/\/www.conasep.org.br\/noticias\/","name":"Noticias Conasep","description":"Os melhores conte\u00fados","potentialAction":[{"@type":"SearchAction","target":{"@type":"EntryPoint","urlTemplate":"https:\/\/www.conasep.org.br\/noticias\/?s={search_term_string}"},"query-input":{"@type":"PropertyValueSpecification","valueRequired":true,"valueName":"search_term_string"}}],"inLanguage":"pt-BR"},{"@type":"Person","@id":"https:\/\/www.conasep.org.br\/noticias\/#\/schema\/person\/96e446b120d85d108e7ebeb7d82a2c44","name":"CONASEP","image":{"@type":"ImageObject","inLanguage":"pt-BR","@id":"https:\/\/www.conasep.org.br\/noticias\/#\/schema\/person\/image\/","url":"https:\/\/secure.gravatar.com\/avatar\/17258e04e8f7917cf6d5fea9e29eedbd?s=96&d=mm&r=g","contentUrl":"https:\/\/secure.gravatar.com\/avatar\/17258e04e8f7917cf6d5fea9e29eedbd?s=96&d=mm&r=g","caption":"CONASEP"},"url":"https:\/\/conasep.org.br\/noticias\/author\/conasep\/"}]}},"_links":{"self":[{"href":"https:\/\/conasep.org.br\/noticias\/wp-json\/wp\/v2\/posts\/1968","targetHints":{"allow":["GET"]}}],"collection":[{"href":"https:\/\/conasep.org.br\/noticias\/wp-json\/wp\/v2\/posts"}],"about":[{"href":"https:\/\/conasep.org.br\/noticias\/wp-json\/wp\/v2\/types\/post"}],"author":[{"embeddable":true,"href":"https:\/\/conasep.org.br\/noticias\/wp-json\/wp\/v2\/users\/6"}],"replies":[{"embeddable":true,"href":"https:\/\/conasep.org.br\/noticias\/wp-json\/wp\/v2\/comments?post=1968"}],"version-history":[{"count":1,"href":"https:\/\/conasep.org.br\/noticias\/wp-json\/wp\/v2\/posts\/1968\/revisions"}],"predecessor-version":[{"id":1970,"href":"https:\/\/conasep.org.br\/noticias\/wp-json\/wp\/v2\/posts\/1968\/revisions\/1970"}],"wp:featuredmedia":[{"embeddable":true,"href":"https:\/\/conasep.org.br\/noticias\/wp-json\/wp\/v2\/media\/1924"}],"wp:attachment":[{"href":"https:\/\/conasep.org.br\/noticias\/wp-json\/wp\/v2\/media?parent=1968"}],"wp:term":[{"taxonomy":"category","embeddable":true,"href":"https:\/\/conasep.org.br\/noticias\/wp-json\/wp\/v2\/categories?post=1968"},{"taxonomy":"post_tag","embeddable":true,"href":"https:\/\/conasep.org.br\/noticias\/wp-json\/wp\/v2\/tags?post=1968"}],"curies":[{"name":"wp","href":"https:\/\/api.w.org\/{rel}","templated":true}]}}