{"id":1973,"date":"2025-11-06T21:42:05","date_gmt":"2025-11-06T21:42:05","guid":{"rendered":"https:\/\/conasep.org.br\/noticias\/?p=1973"},"modified":"2025-11-06T21:42:05","modified_gmt":"2025-11-06T21:42:05","slug":"inclusao-do-plp-no-239-2025-no-plp-no-42-2023-visa-acelerar-reconhecimento-da-aposentadoria-especial-para-profissionais-de-bombeiros-civis","status":"publish","type":"post","link":"https:\/\/conasep.org.br\/noticias\/inclusao-do-plp-no-239-2025-no-plp-no-42-2023-visa-acelerar-reconhecimento-da-aposentadoria-especial-para-profissionais-de-bombeiros-civis\/","title":{"rendered":"Inclus\u00e3o do PLP n\u00ba 239\/2025 no PLP n\u00ba 42\/2023 visa acelerar reconhecimento da aposentadoria especial para profissionais de Bombeiros Civis"},"content":{"rendered":"\n<p>A deputada federal <strong>Ros\u00e2ngela Reis (PL\/MG)<\/strong> apresentou o <strong><a href=\"https:\/\/www.camara.leg.br\/proposicoesWeb\/fichadetramitacao?idProposicao=2582512\">Projeto de Lei Complementar n\u00ba 239\/2025<\/a><\/strong>, que disp\u00f5e sobre <strong>crit\u00e9rios diferenciados de aposentadoria especial<\/strong> para segurados do Regime Geral de Previd\u00eancia Social (RGPS) expostos a <strong>risco vital<\/strong>. O projeto, elaborado a partir de um pedido t\u00e9cnico e institucional do <strong>Conselho Nacional da Seguran\u00e7a Privada \u2013 CONASEP<\/strong>, tem como objetivo garantir tratamento previdenci\u00e1rio justo aos profissionais que arriscam diariamente suas vidas em atividades de emerg\u00eancia civil \u2014 como <strong>bombeiros civis, brigadistas particulares, brigadistas florestais, socorristas e condutores de ambul\u00e2ncia<\/strong>.<\/p>\n\n\n\n<p>Agora, a inten\u00e7\u00e3o \u00e9 <strong>incluir o conte\u00fado do PLP 239\/2025 no PLP n\u00ba 42\/2023<\/strong>, que j\u00e1 tramita na C\u00e2mara dos Deputados e trata de mat\u00e9ria correlata, <strong>permitindo que as categorias contempladas possam aproveitar o tr\u00e2mite legislativo j\u00e1 em andamento<\/strong>. A estrat\u00e9gia busca <strong>agilizar a an\u00e1lise e aprova\u00e7\u00e3o da proposta<\/strong>, evitando a duplicidade de mat\u00e9rias e fortalecendo o debate em torno do reconhecimento da <strong>aposentadoria especial por risco vital permanente<\/strong>.<\/p>\n\n\n\n<h3 class=\"wp-block-heading\"><strong>Prote\u00e7\u00e3o \u00e0queles que salvam vidas<\/strong><\/h3>\n\n\n\n<p>O PLP 239\/2025 prop\u00f5e altera\u00e7\u00f5es na <strong>Lei n\u00ba 8.213\/1991<\/strong>, que regula os planos de benef\u00edcios da Previd\u00eancia Social, para estender a concess\u00e3o da aposentadoria especial a trabalhadores que exercem atividades com <strong>exposi\u00e7\u00e3o habitual e permanente a risco de morte ou les\u00e3o grave \u00e0 integridade f\u00edsica e \u00e0 sa\u00fade<\/strong>.<\/p>\n\n\n\n<p>A medida contempla fun\u00e7\u00f5es definidas no artigo 193 da CLT, como as de resposta e coordena\u00e7\u00e3o de emerg\u00eancias e sinistros, resgate e salvamento de pessoas, busca e salvamento aqu\u00e1tico, terrestre ou a\u00e9reo, atendimento pr\u00e9-hospitalar e condu\u00e7\u00e3o de ambul\u00e2ncias.<\/p>\n\n\n\n<p>Esses profissionais enfrentam <strong>riscos reais e cont\u00ednuos<\/strong>, n\u00e3o apenas eventuais, conforme reconhecido por normas t\u00e9cnicas e pela jurisprud\u00eancia do <strong>Superior Tribunal de Justi\u00e7a (Tema 1031)<\/strong>, que reconhece o risco \u00e0 vida como agente nocivo aut\u00f4nomo para fins de aposentadoria especial.<\/p>\n\n\n\n<h3 class=\"wp-block-heading\"><strong>Reconhecimento t\u00e9cnico e institucional<\/strong><\/h3>\n\n\n\n<p>O projeto contou com a contribui\u00e7\u00e3o t\u00e9cnica do <strong>especialista em seguran\u00e7a do trabalho, Sr. Nicolas Sambrana dos Santos<\/strong>, e do <strong>Dr. Ismar Cabral Menezes<\/strong>, <strong>Juiz Federal do Trabalho aposentado e advogado especialista em Direito Trabalhista<\/strong>, que refor\u00e7aram a seguran\u00e7a jur\u00eddica e constitucional da proposta.<\/p>\n\n\n\n<p>A iniciativa tamb\u00e9m se baseia na <strong>Nota T\u00e9cnica \u201cReconhecimento da Aposentadoria Especial por Risco Vital Permanente para Bombeiros Civis, Brigadistas Particulares e Brigadistas Florestais\u201d<\/strong>, elaborada pela <strong>Bombeira Civil Mestre Viviania Silva<\/strong>, com apoio t\u00e9cnico e institucional do CONASEP.<\/p>\n\n\n\n<p>Essa nota t\u00e9cnica demonstra, com base em legisla\u00e7\u00e3o, normas regulamentadoras e decis\u00f5es judiciais, que essas atividades configuram <strong>trabalho especial<\/strong>, devido \u00e0 exposi\u00e7\u00e3o inevit\u00e1vel ao risco de morte \u2014 condi\u00e7\u00e3o que n\u00e3o pode ser eliminada nem mesmo pelo uso de Equipamentos de Prote\u00e7\u00e3o Individual (EPI).<\/p>\n\n\n\n<h3 class=\"wp-block-heading\"><strong>Justi\u00e7a social e valoriza\u00e7\u00e3o profissional<\/strong><\/h3>\n\n\n\n<p>Na justificativa, a deputada Ros\u00e2ngela Reis ressalta que a proposta representa <strong>um ato de justi\u00e7a social e reconhecimento profissional<\/strong>. Os profissionais de emerg\u00eancia civil s\u00e3o os primeiros a enfrentar o perigo em situa\u00e7\u00f5es de inc\u00eandios, desastres, soterramentos, afogamentos ou acidentes, arriscando-se para proteger a vida alheia.<\/p>\n\n\n\n<p>O <strong>CONASEP<\/strong>, entidade nacional que representa o setor de seguran\u00e7a privada e emerg\u00eancia civil, destaca que a aposentadoria especial n\u00e3o \u00e9 privil\u00e9gio, mas <strong>um dever do Estado<\/strong> com quem enfrenta riscos extremos em prol da coletividade.<\/p>\n\n\n\n<blockquote class=\"wp-block-quote is-layout-flow wp-block-quote-is-layout-flow\">\n<p>\u201cMais do que um benef\u00edcio previdenci\u00e1rio, trata-se de um tributo \u00e0 coragem, \u00e0 abnega\u00e7\u00e3o e ao sacrif\u00edcio daqueles que est\u00e3o nas linhas invis\u00edveis da seguran\u00e7a e da emerg\u00eancia civil\u201d, afirma o texto.<\/p>\n<\/blockquote>\n\n\n\n<h3 class=\"wp-block-heading\"><strong>Pr\u00f3ximos passos<\/strong><\/h3>\n\n\n\n<p>Com a proposta de <strong>incorpora\u00e7\u00e3o do PLP 239\/2025 ao PLP 42\/2023<\/strong>, busca-se <strong>fortalecer o debate unificado<\/strong> sobre o tema e acelerar a tramita\u00e7\u00e3o no Congresso Nacional. A iniciativa pretende garantir que a <strong>categoria dos profissionais de emerg\u00eancia civil<\/strong>, que h\u00e1 anos luta por reconhecimento e dignidade, <strong>possa finalmente ter o direito \u00e0 aposentadoria especial reconhecido por lei<\/strong>.<\/p>\n\n\n\n<p>Veja a Integra:<\/p>\n\n\n\n<div data-wp-interactive=\"core\/file\" class=\"wp-block-file\"><object data-wp-bind--hidden=\"!state.hasPdfPreview\" hidden class=\"wp-block-file__embed\" data=\"https:\/\/conasep.org.br\/noticias\/wp-content\/uploads\/2025\/11\/PLP-239-2025.pdf\" type=\"application\/pdf\" style=\"width:100%;height:600px\" aria-label=\"Incorporado de PLP-239-2025.\"><\/object><a id=\"wp-block-file--media-8f81a38b-d69c-4812-af06-74634ee329e8\" href=\"https:\/\/conasep.org.br\/noticias\/wp-content\/uploads\/2025\/11\/PLP-239-2025.pdf\">PLP-239-2025<\/a><a href=\"https:\/\/conasep.org.br\/noticias\/wp-content\/uploads\/2025\/11\/PLP-239-2025.pdf\" class=\"wp-block-file__button wp-element-button\" download aria-describedby=\"wp-block-file--media-8f81a38b-d69c-4812-af06-74634ee329e8\">Baixar<\/a><\/div>\n","protected":false},"excerpt":{"rendered":"<p>A deputada federal Ros\u00e2ngela Reis (PL\/MG) apresentou o Projeto de Lei Complementar n\u00ba 239\/2025, que disp\u00f5e sobre crit\u00e9rios diferenciados de aposentadoria especial para segurados do Regime Geral de Previd\u00eancia Social (RGPS) expostos a risco vital. O projeto, elaborado a partir de um pedido t\u00e9cnico e institucional do Conselho Nacional da Seguran\u00e7a Privada \u2013 CONASEP, tem como objetivo garantir tratamento previdenci\u00e1rio justo aos profissionais que arriscam diariamente suas vidas em atividades de emerg\u00eancia civil \u2014 como bombeiros civis, brigadistas particulares, brigadistas florestais, socorristas e condutores de ambul\u00e2ncia. Agora, a inten\u00e7\u00e3o \u00e9 incluir o conte\u00fado do PLP 239\/2025 no PLP n\u00ba 42\/2023, que j\u00e1 tramita na C\u00e2mara dos Deputados e trata de mat\u00e9ria correlata, permitindo que as categorias contempladas possam aproveitar o tr\u00e2mite legislativo j\u00e1 em andamento. A estrat\u00e9gia busca agilizar a an\u00e1lise e aprova\u00e7\u00e3o da proposta, evitando a duplicidade de mat\u00e9rias e fortalecendo o debate em torno do reconhecimento da aposentadoria especial por risco vital permanente. Prote\u00e7\u00e3o \u00e0queles que salvam vidas O PLP 239\/2025 prop\u00f5e altera\u00e7\u00f5es na Lei n\u00ba 8.213\/1991, que regula os planos de benef\u00edcios da Previd\u00eancia Social, para estender a concess\u00e3o da aposentadoria especial a trabalhadores que exercem atividades com exposi\u00e7\u00e3o habitual e permanente a risco de morte ou les\u00e3o grave \u00e0 integridade f\u00edsica e \u00e0 sa\u00fade. A medida contempla fun\u00e7\u00f5es definidas no artigo 193 da CLT, como as de resposta e coordena\u00e7\u00e3o de emerg\u00eancias e sinistros, resgate e salvamento de pessoas, busca e salvamento aqu\u00e1tico, terrestre ou a\u00e9reo, atendimento pr\u00e9-hospitalar e condu\u00e7\u00e3o de ambul\u00e2ncias. Esses profissionais enfrentam riscos reais e cont\u00ednuos, n\u00e3o apenas eventuais, conforme reconhecido por normas t\u00e9cnicas e pela jurisprud\u00eancia do Superior Tribunal de Justi\u00e7a (Tema 1031), que reconhece o risco \u00e0 vida como agente nocivo aut\u00f4nomo para fins de aposentadoria especial. Reconhecimento t\u00e9cnico e institucional O projeto contou com a contribui\u00e7\u00e3o t\u00e9cnica do especialista em seguran\u00e7a do trabalho, Sr. Nicolas Sambrana dos Santos, e do Dr. Ismar Cabral Menezes, Juiz Federal do Trabalho aposentado e advogado especialista em Direito Trabalhista, que refor\u00e7aram a seguran\u00e7a jur\u00eddica e constitucional da proposta. A iniciativa tamb\u00e9m se baseia na Nota T\u00e9cnica \u201cReconhecimento da Aposentadoria Especial por Risco Vital Permanente para Bombeiros Civis, Brigadistas Particulares e Brigadistas Florestais\u201d, elaborada pela Bombeira Civil Mestre Viviania Silva, com apoio t\u00e9cnico e institucional do CONASEP. Essa nota t\u00e9cnica demonstra, com base em legisla\u00e7\u00e3o, normas regulamentadoras e decis\u00f5es judiciais, que essas atividades configuram trabalho especial, devido \u00e0 exposi\u00e7\u00e3o inevit\u00e1vel ao risco de morte \u2014 condi\u00e7\u00e3o que n\u00e3o pode ser eliminada nem mesmo pelo uso de Equipamentos de Prote\u00e7\u00e3o Individual (EPI). Justi\u00e7a social e valoriza\u00e7\u00e3o profissional Na justificativa, a deputada Ros\u00e2ngela Reis ressalta que a proposta representa um ato de justi\u00e7a social e reconhecimento profissional. Os profissionais de emerg\u00eancia civil s\u00e3o os primeiros a enfrentar o perigo em situa\u00e7\u00f5es de inc\u00eandios, desastres, soterramentos, afogamentos ou acidentes, arriscando-se para proteger a vida alheia. O CONASEP, entidade nacional que representa o setor de seguran\u00e7a privada e emerg\u00eancia civil, destaca que a aposentadoria especial n\u00e3o \u00e9 privil\u00e9gio, mas um dever do Estado com quem enfrenta riscos extremos em prol da coletividade. \u201cMais do que um benef\u00edcio previdenci\u00e1rio, trata-se de um tributo \u00e0 coragem, \u00e0 abnega\u00e7\u00e3o e ao sacrif\u00edcio daqueles que est\u00e3o nas linhas invis\u00edveis da seguran\u00e7a e da emerg\u00eancia civil\u201d, afirma o texto. Pr\u00f3ximos passos Com a proposta de incorpora\u00e7\u00e3o do PLP 239\/2025 ao PLP 42\/2023, busca-se fortalecer o debate unificado sobre o tema e acelerar a tramita\u00e7\u00e3o no Congresso Nacional. A iniciativa pretende garantir que a categoria dos profissionais de emerg\u00eancia civil, que h\u00e1 anos luta por reconhecimento e dignidade, possa finalmente ter o direito \u00e0 aposentadoria especial reconhecido por lei. Veja a Integra:<\/p>\n","protected":false},"author":6,"featured_media":1924,"comment_status":"open","ping_status":"open","sticky":false,"template":"","format":"standard","meta":{"footnotes":""},"categories":[46],"tags":[],"class_list":["post-1973","post","type-post","status-publish","format-standard","has-post-thumbnail","hentry","category-noticias"],"yoast_head":"<!-- This site is optimized with the Yoast SEO plugin v24.8.1 - https:\/\/yoast.com\/wordpress\/plugins\/seo\/ -->\n<title>Inclus\u00e3o do PLP n\u00ba 239\/2025 no PLP n\u00ba 42\/2023 visa acelerar reconhecimento da aposentadoria especial para profissionais de Bombeiros Civis - Noticias Conasep<\/title>\n<meta name=\"robots\" content=\"index, follow, max-snippet:-1, max-image-preview:large, max-video-preview:-1\" \/>\n<link rel=\"canonical\" href=\"https:\/\/conasep.org.br\/noticias\/inclusao-do-plp-no-239-2025-no-plp-no-42-2023-visa-acelerar-reconhecimento-da-aposentadoria-especial-para-profissionais-de-bombeiros-civis\/\" \/>\n<meta property=\"og:locale\" content=\"pt_BR\" \/>\n<meta property=\"og:type\" content=\"article\" \/>\n<meta property=\"og:title\" content=\"Inclus\u00e3o do PLP n\u00ba 239\/2025 no PLP n\u00ba 42\/2023 visa acelerar reconhecimento da aposentadoria especial para profissionais de Bombeiros Civis - Noticias Conasep\" \/>\n<meta property=\"og:description\" content=\"A deputada federal Ros\u00e2ngela Reis (PL\/MG) apresentou o Projeto de Lei Complementar n\u00ba 239\/2025, que disp\u00f5e sobre crit\u00e9rios diferenciados de aposentadoria especial para segurados do Regime Geral de Previd\u00eancia Social (RGPS) expostos a risco vital. O projeto, elaborado a partir de um pedido t\u00e9cnico e institucional do Conselho Nacional da Seguran\u00e7a Privada \u2013 CONASEP, tem como objetivo garantir tratamento previdenci\u00e1rio justo aos profissionais que arriscam diariamente suas vidas em atividades de emerg\u00eancia civil \u2014 como bombeiros civis, brigadistas particulares, brigadistas florestais, socorristas e condutores de ambul\u00e2ncia. Agora, a inten\u00e7\u00e3o \u00e9 incluir o conte\u00fado do PLP 239\/2025 no PLP n\u00ba 42\/2023, que j\u00e1 tramita na C\u00e2mara dos Deputados e trata de mat\u00e9ria correlata, permitindo que as categorias contempladas possam aproveitar o tr\u00e2mite legislativo j\u00e1 em andamento. A estrat\u00e9gia busca agilizar a an\u00e1lise e aprova\u00e7\u00e3o da proposta, evitando a duplicidade de mat\u00e9rias e fortalecendo o debate em torno do reconhecimento da aposentadoria especial por risco vital permanente. Prote\u00e7\u00e3o \u00e0queles que salvam vidas O PLP 239\/2025 prop\u00f5e altera\u00e7\u00f5es na Lei n\u00ba 8.213\/1991, que regula os planos de benef\u00edcios da Previd\u00eancia Social, para estender a concess\u00e3o da aposentadoria especial a trabalhadores que exercem atividades com exposi\u00e7\u00e3o habitual e permanente a risco de morte ou les\u00e3o grave \u00e0 integridade f\u00edsica e \u00e0 sa\u00fade. A medida contempla fun\u00e7\u00f5es definidas no artigo 193 da CLT, como as de resposta e coordena\u00e7\u00e3o de emerg\u00eancias e sinistros, resgate e salvamento de pessoas, busca e salvamento aqu\u00e1tico, terrestre ou a\u00e9reo, atendimento pr\u00e9-hospitalar e condu\u00e7\u00e3o de ambul\u00e2ncias. Esses profissionais enfrentam riscos reais e cont\u00ednuos, n\u00e3o apenas eventuais, conforme reconhecido por normas t\u00e9cnicas e pela jurisprud\u00eancia do Superior Tribunal de Justi\u00e7a (Tema 1031), que reconhece o risco \u00e0 vida como agente nocivo aut\u00f4nomo para fins de aposentadoria especial. Reconhecimento t\u00e9cnico e institucional O projeto contou com a contribui\u00e7\u00e3o t\u00e9cnica do especialista em seguran\u00e7a do trabalho, Sr. Nicolas Sambrana dos Santos, e do Dr. Ismar Cabral Menezes, Juiz Federal do Trabalho aposentado e advogado especialista em Direito Trabalhista, que refor\u00e7aram a seguran\u00e7a jur\u00eddica e constitucional da proposta. A iniciativa tamb\u00e9m se baseia na Nota T\u00e9cnica \u201cReconhecimento da Aposentadoria Especial por Risco Vital Permanente para Bombeiros Civis, Brigadistas Particulares e Brigadistas Florestais\u201d, elaborada pela Bombeira Civil Mestre Viviania Silva, com apoio t\u00e9cnico e institucional do CONASEP. Essa nota t\u00e9cnica demonstra, com base em legisla\u00e7\u00e3o, normas regulamentadoras e decis\u00f5es judiciais, que essas atividades configuram trabalho especial, devido \u00e0 exposi\u00e7\u00e3o inevit\u00e1vel ao risco de morte \u2014 condi\u00e7\u00e3o que n\u00e3o pode ser eliminada nem mesmo pelo uso de Equipamentos de Prote\u00e7\u00e3o Individual (EPI). Justi\u00e7a social e valoriza\u00e7\u00e3o profissional Na justificativa, a deputada Ros\u00e2ngela Reis ressalta que a proposta representa um ato de justi\u00e7a social e reconhecimento profissional. Os profissionais de emerg\u00eancia civil s\u00e3o os primeiros a enfrentar o perigo em situa\u00e7\u00f5es de inc\u00eandios, desastres, soterramentos, afogamentos ou acidentes, arriscando-se para proteger a vida alheia. O CONASEP, entidade nacional que representa o setor de seguran\u00e7a privada e emerg\u00eancia civil, destaca que a aposentadoria especial n\u00e3o \u00e9 privil\u00e9gio, mas um dever do Estado com quem enfrenta riscos extremos em prol da coletividade. \u201cMais do que um benef\u00edcio previdenci\u00e1rio, trata-se de um tributo \u00e0 coragem, \u00e0 abnega\u00e7\u00e3o e ao sacrif\u00edcio daqueles que est\u00e3o nas linhas invis\u00edveis da seguran\u00e7a e da emerg\u00eancia civil\u201d, afirma o texto. Pr\u00f3ximos passos Com a proposta de incorpora\u00e7\u00e3o do PLP 239\/2025 ao PLP 42\/2023, busca-se fortalecer o debate unificado sobre o tema e acelerar a tramita\u00e7\u00e3o no Congresso Nacional. A iniciativa pretende garantir que a categoria dos profissionais de emerg\u00eancia civil, que h\u00e1 anos luta por reconhecimento e dignidade, possa finalmente ter o direito \u00e0 aposentadoria especial reconhecido por lei. Veja a Integra:\" \/>\n<meta property=\"og:url\" content=\"https:\/\/conasep.org.br\/noticias\/inclusao-do-plp-no-239-2025-no-plp-no-42-2023-visa-acelerar-reconhecimento-da-aposentadoria-especial-para-profissionais-de-bombeiros-civis\/\" \/>\n<meta property=\"og:site_name\" content=\"Noticias Conasep\" \/>\n<meta property=\"article:published_time\" content=\"2025-11-06T21:42:05+00:00\" \/>\n<meta property=\"og:image\" content=\"https:\/\/conasep.org.br\/noticias\/wp-content\/uploads\/2025\/10\/img20250805100744419-scaled.jpg\" \/>\n\t<meta property=\"og:image:width\" content=\"2560\" \/>\n\t<meta property=\"og:image:height\" content=\"1578\" \/>\n\t<meta property=\"og:image:type\" content=\"image\/jpeg\" \/>\n<meta name=\"author\" content=\"CONASEP\" \/>\n<meta name=\"twitter:card\" content=\"summary_large_image\" \/>\n<meta name=\"twitter:label1\" content=\"Escrito por\" \/>\n\t<meta name=\"twitter:data1\" content=\"CONASEP\" \/>\n\t<meta name=\"twitter:label2\" content=\"Est. tempo de leitura\" \/>\n\t<meta name=\"twitter:data2\" content=\"4 minutos\" \/>\n<script type=\"application\/ld+json\" class=\"yoast-schema-graph\">{\"@context\":\"https:\/\/schema.org\",\"@graph\":[{\"@type\":\"WebPage\",\"@id\":\"https:\/\/conasep.org.br\/noticias\/inclusao-do-plp-no-239-2025-no-plp-no-42-2023-visa-acelerar-reconhecimento-da-aposentadoria-especial-para-profissionais-de-bombeiros-civis\/\",\"url\":\"https:\/\/conasep.org.br\/noticias\/inclusao-do-plp-no-239-2025-no-plp-no-42-2023-visa-acelerar-reconhecimento-da-aposentadoria-especial-para-profissionais-de-bombeiros-civis\/\",\"name\":\"Inclus\u00e3o do PLP n\u00ba 239\/2025 no PLP n\u00ba 42\/2023 visa acelerar reconhecimento da aposentadoria especial para profissionais de Bombeiros Civis - Noticias Conasep\",\"isPartOf\":{\"@id\":\"https:\/\/www.conasep.org.br\/noticias\/#website\"},\"primaryImageOfPage\":{\"@id\":\"https:\/\/conasep.org.br\/noticias\/inclusao-do-plp-no-239-2025-no-plp-no-42-2023-visa-acelerar-reconhecimento-da-aposentadoria-especial-para-profissionais-de-bombeiros-civis\/#primaryimage\"},\"image\":{\"@id\":\"https:\/\/conasep.org.br\/noticias\/inclusao-do-plp-no-239-2025-no-plp-no-42-2023-visa-acelerar-reconhecimento-da-aposentadoria-especial-para-profissionais-de-bombeiros-civis\/#primaryimage\"},\"thumbnailUrl\":\"https:\/\/conasep.org.br\/noticias\/wp-content\/uploads\/2025\/10\/img20250805100744419-scaled.jpg\",\"datePublished\":\"2025-11-06T21:42:05+00:00\",\"author\":{\"@id\":\"https:\/\/www.conasep.org.br\/noticias\/#\/schema\/person\/96e446b120d85d108e7ebeb7d82a2c44\"},\"breadcrumb\":{\"@id\":\"https:\/\/conasep.org.br\/noticias\/inclusao-do-plp-no-239-2025-no-plp-no-42-2023-visa-acelerar-reconhecimento-da-aposentadoria-especial-para-profissionais-de-bombeiros-civis\/#breadcrumb\"},\"inLanguage\":\"pt-BR\",\"potentialAction\":[{\"@type\":\"ReadAction\",\"target\":[\"https:\/\/conasep.org.br\/noticias\/inclusao-do-plp-no-239-2025-no-plp-no-42-2023-visa-acelerar-reconhecimento-da-aposentadoria-especial-para-profissionais-de-bombeiros-civis\/\"]}]},{\"@type\":\"ImageObject\",\"inLanguage\":\"pt-BR\",\"@id\":\"https:\/\/conasep.org.br\/noticias\/inclusao-do-plp-no-239-2025-no-plp-no-42-2023-visa-acelerar-reconhecimento-da-aposentadoria-especial-para-profissionais-de-bombeiros-civis\/#primaryimage\",\"url\":\"https:\/\/conasep.org.br\/noticias\/wp-content\/uploads\/2025\/10\/img20250805100744419-scaled.jpg\",\"contentUrl\":\"https:\/\/conasep.org.br\/noticias\/wp-content\/uploads\/2025\/10\/img20250805100744419-scaled.jpg\",\"width\":2560,\"height\":1578},{\"@type\":\"BreadcrumbList\",\"@id\":\"https:\/\/conasep.org.br\/noticias\/inclusao-do-plp-no-239-2025-no-plp-no-42-2023-visa-acelerar-reconhecimento-da-aposentadoria-especial-para-profissionais-de-bombeiros-civis\/#breadcrumb\",\"itemListElement\":[{\"@type\":\"ListItem\",\"position\":1,\"name\":\"In\u00edcio\",\"item\":\"https:\/\/www.conasep.org.br\/noticias\/\"},{\"@type\":\"ListItem\",\"position\":2,\"name\":\"Inclus\u00e3o do PLP n\u00ba 239\/2025 no PLP n\u00ba 42\/2023 visa acelerar reconhecimento da aposentadoria especial para profissionais de Bombeiros Civis\"}]},{\"@type\":\"WebSite\",\"@id\":\"https:\/\/www.conasep.org.br\/noticias\/#website\",\"url\":\"https:\/\/www.conasep.org.br\/noticias\/\",\"name\":\"Noticias Conasep\",\"description\":\"Os melhores conte\u00fados\",\"potentialAction\":[{\"@type\":\"SearchAction\",\"target\":{\"@type\":\"EntryPoint\",\"urlTemplate\":\"https:\/\/www.conasep.org.br\/noticias\/?s={search_term_string}\"},\"query-input\":{\"@type\":\"PropertyValueSpecification\",\"valueRequired\":true,\"valueName\":\"search_term_string\"}}],\"inLanguage\":\"pt-BR\"},{\"@type\":\"Person\",\"@id\":\"https:\/\/www.conasep.org.br\/noticias\/#\/schema\/person\/96e446b120d85d108e7ebeb7d82a2c44\",\"name\":\"CONASEP\",\"image\":{\"@type\":\"ImageObject\",\"inLanguage\":\"pt-BR\",\"@id\":\"https:\/\/www.conasep.org.br\/noticias\/#\/schema\/person\/image\/\",\"url\":\"https:\/\/secure.gravatar.com\/avatar\/17258e04e8f7917cf6d5fea9e29eedbd?s=96&d=mm&r=g\",\"contentUrl\":\"https:\/\/secure.gravatar.com\/avatar\/17258e04e8f7917cf6d5fea9e29eedbd?s=96&d=mm&r=g\",\"caption\":\"CONASEP\"},\"url\":\"https:\/\/conasep.org.br\/noticias\/author\/conasep\/\"}]}<\/script>\n<!-- \/ Yoast SEO plugin. -->","yoast_head_json":{"title":"Inclus\u00e3o do PLP n\u00ba 239\/2025 no PLP n\u00ba 42\/2023 visa acelerar reconhecimento da aposentadoria especial para profissionais de Bombeiros Civis - Noticias Conasep","robots":{"index":"index","follow":"follow","max-snippet":"max-snippet:-1","max-image-preview":"max-image-preview:large","max-video-preview":"max-video-preview:-1"},"canonical":"https:\/\/conasep.org.br\/noticias\/inclusao-do-plp-no-239-2025-no-plp-no-42-2023-visa-acelerar-reconhecimento-da-aposentadoria-especial-para-profissionais-de-bombeiros-civis\/","og_locale":"pt_BR","og_type":"article","og_title":"Inclus\u00e3o do PLP n\u00ba 239\/2025 no PLP n\u00ba 42\/2023 visa acelerar reconhecimento da aposentadoria especial para profissionais de Bombeiros Civis - Noticias Conasep","og_description":"A deputada federal Ros\u00e2ngela Reis (PL\/MG) apresentou o Projeto de Lei Complementar n\u00ba 239\/2025, que disp\u00f5e sobre crit\u00e9rios diferenciados de aposentadoria especial para segurados do Regime Geral de Previd\u00eancia Social (RGPS) expostos a risco vital. O projeto, elaborado a partir de um pedido t\u00e9cnico e institucional do Conselho Nacional da Seguran\u00e7a Privada \u2013 CONASEP, tem como objetivo garantir tratamento previdenci\u00e1rio justo aos profissionais que arriscam diariamente suas vidas em atividades de emerg\u00eancia civil \u2014 como bombeiros civis, brigadistas particulares, brigadistas florestais, socorristas e condutores de ambul\u00e2ncia. Agora, a inten\u00e7\u00e3o \u00e9 incluir o conte\u00fado do PLP 239\/2025 no PLP n\u00ba 42\/2023, que j\u00e1 tramita na C\u00e2mara dos Deputados e trata de mat\u00e9ria correlata, permitindo que as categorias contempladas possam aproveitar o tr\u00e2mite legislativo j\u00e1 em andamento. A estrat\u00e9gia busca agilizar a an\u00e1lise e aprova\u00e7\u00e3o da proposta, evitando a duplicidade de mat\u00e9rias e fortalecendo o debate em torno do reconhecimento da aposentadoria especial por risco vital permanente. Prote\u00e7\u00e3o \u00e0queles que salvam vidas O PLP 239\/2025 prop\u00f5e altera\u00e7\u00f5es na Lei n\u00ba 8.213\/1991, que regula os planos de benef\u00edcios da Previd\u00eancia Social, para estender a concess\u00e3o da aposentadoria especial a trabalhadores que exercem atividades com exposi\u00e7\u00e3o habitual e permanente a risco de morte ou les\u00e3o grave \u00e0 integridade f\u00edsica e \u00e0 sa\u00fade. A medida contempla fun\u00e7\u00f5es definidas no artigo 193 da CLT, como as de resposta e coordena\u00e7\u00e3o de emerg\u00eancias e sinistros, resgate e salvamento de pessoas, busca e salvamento aqu\u00e1tico, terrestre ou a\u00e9reo, atendimento pr\u00e9-hospitalar e condu\u00e7\u00e3o de ambul\u00e2ncias. Esses profissionais enfrentam riscos reais e cont\u00ednuos, n\u00e3o apenas eventuais, conforme reconhecido por normas t\u00e9cnicas e pela jurisprud\u00eancia do Superior Tribunal de Justi\u00e7a (Tema 1031), que reconhece o risco \u00e0 vida como agente nocivo aut\u00f4nomo para fins de aposentadoria especial. Reconhecimento t\u00e9cnico e institucional O projeto contou com a contribui\u00e7\u00e3o t\u00e9cnica do especialista em seguran\u00e7a do trabalho, Sr. Nicolas Sambrana dos Santos, e do Dr. Ismar Cabral Menezes, Juiz Federal do Trabalho aposentado e advogado especialista em Direito Trabalhista, que refor\u00e7aram a seguran\u00e7a jur\u00eddica e constitucional da proposta. A iniciativa tamb\u00e9m se baseia na Nota T\u00e9cnica \u201cReconhecimento da Aposentadoria Especial por Risco Vital Permanente para Bombeiros Civis, Brigadistas Particulares e Brigadistas Florestais\u201d, elaborada pela Bombeira Civil Mestre Viviania Silva, com apoio t\u00e9cnico e institucional do CONASEP. Essa nota t\u00e9cnica demonstra, com base em legisla\u00e7\u00e3o, normas regulamentadoras e decis\u00f5es judiciais, que essas atividades configuram trabalho especial, devido \u00e0 exposi\u00e7\u00e3o inevit\u00e1vel ao risco de morte \u2014 condi\u00e7\u00e3o que n\u00e3o pode ser eliminada nem mesmo pelo uso de Equipamentos de Prote\u00e7\u00e3o Individual (EPI). Justi\u00e7a social e valoriza\u00e7\u00e3o profissional Na justificativa, a deputada Ros\u00e2ngela Reis ressalta que a proposta representa um ato de justi\u00e7a social e reconhecimento profissional. Os profissionais de emerg\u00eancia civil s\u00e3o os primeiros a enfrentar o perigo em situa\u00e7\u00f5es de inc\u00eandios, desastres, soterramentos, afogamentos ou acidentes, arriscando-se para proteger a vida alheia. O CONASEP, entidade nacional que representa o setor de seguran\u00e7a privada e emerg\u00eancia civil, destaca que a aposentadoria especial n\u00e3o \u00e9 privil\u00e9gio, mas um dever do Estado com quem enfrenta riscos extremos em prol da coletividade. \u201cMais do que um benef\u00edcio previdenci\u00e1rio, trata-se de um tributo \u00e0 coragem, \u00e0 abnega\u00e7\u00e3o e ao sacrif\u00edcio daqueles que est\u00e3o nas linhas invis\u00edveis da seguran\u00e7a e da emerg\u00eancia civil\u201d, afirma o texto. Pr\u00f3ximos passos Com a proposta de incorpora\u00e7\u00e3o do PLP 239\/2025 ao PLP 42\/2023, busca-se fortalecer o debate unificado sobre o tema e acelerar a tramita\u00e7\u00e3o no Congresso Nacional. A iniciativa pretende garantir que a categoria dos profissionais de emerg\u00eancia civil, que h\u00e1 anos luta por reconhecimento e dignidade, possa finalmente ter o direito \u00e0 aposentadoria especial reconhecido por lei. Veja a Integra:","og_url":"https:\/\/conasep.org.br\/noticias\/inclusao-do-plp-no-239-2025-no-plp-no-42-2023-visa-acelerar-reconhecimento-da-aposentadoria-especial-para-profissionais-de-bombeiros-civis\/","og_site_name":"Noticias Conasep","article_published_time":"2025-11-06T21:42:05+00:00","og_image":[{"width":2560,"height":1578,"url":"https:\/\/conasep.org.br\/noticias\/wp-content\/uploads\/2025\/10\/img20250805100744419-scaled.jpg","type":"image\/jpeg"}],"author":"CONASEP","twitter_card":"summary_large_image","twitter_misc":{"Escrito por":"CONASEP","Est. tempo de leitura":"4 minutos"},"schema":{"@context":"https:\/\/schema.org","@graph":[{"@type":"WebPage","@id":"https:\/\/conasep.org.br\/noticias\/inclusao-do-plp-no-239-2025-no-plp-no-42-2023-visa-acelerar-reconhecimento-da-aposentadoria-especial-para-profissionais-de-bombeiros-civis\/","url":"https:\/\/conasep.org.br\/noticias\/inclusao-do-plp-no-239-2025-no-plp-no-42-2023-visa-acelerar-reconhecimento-da-aposentadoria-especial-para-profissionais-de-bombeiros-civis\/","name":"Inclus\u00e3o do PLP n\u00ba 239\/2025 no PLP n\u00ba 42\/2023 visa acelerar reconhecimento da aposentadoria especial para profissionais de Bombeiros Civis - Noticias Conasep","isPartOf":{"@id":"https:\/\/www.conasep.org.br\/noticias\/#website"},"primaryImageOfPage":{"@id":"https:\/\/conasep.org.br\/noticias\/inclusao-do-plp-no-239-2025-no-plp-no-42-2023-visa-acelerar-reconhecimento-da-aposentadoria-especial-para-profissionais-de-bombeiros-civis\/#primaryimage"},"image":{"@id":"https:\/\/conasep.org.br\/noticias\/inclusao-do-plp-no-239-2025-no-plp-no-42-2023-visa-acelerar-reconhecimento-da-aposentadoria-especial-para-profissionais-de-bombeiros-civis\/#primaryimage"},"thumbnailUrl":"https:\/\/conasep.org.br\/noticias\/wp-content\/uploads\/2025\/10\/img20250805100744419-scaled.jpg","datePublished":"2025-11-06T21:42:05+00:00","author":{"@id":"https:\/\/www.conasep.org.br\/noticias\/#\/schema\/person\/96e446b120d85d108e7ebeb7d82a2c44"},"breadcrumb":{"@id":"https:\/\/conasep.org.br\/noticias\/inclusao-do-plp-no-239-2025-no-plp-no-42-2023-visa-acelerar-reconhecimento-da-aposentadoria-especial-para-profissionais-de-bombeiros-civis\/#breadcrumb"},"inLanguage":"pt-BR","potentialAction":[{"@type":"ReadAction","target":["https:\/\/conasep.org.br\/noticias\/inclusao-do-plp-no-239-2025-no-plp-no-42-2023-visa-acelerar-reconhecimento-da-aposentadoria-especial-para-profissionais-de-bombeiros-civis\/"]}]},{"@type":"ImageObject","inLanguage":"pt-BR","@id":"https:\/\/conasep.org.br\/noticias\/inclusao-do-plp-no-239-2025-no-plp-no-42-2023-visa-acelerar-reconhecimento-da-aposentadoria-especial-para-profissionais-de-bombeiros-civis\/#primaryimage","url":"https:\/\/conasep.org.br\/noticias\/wp-content\/uploads\/2025\/10\/img20250805100744419-scaled.jpg","contentUrl":"https:\/\/conasep.org.br\/noticias\/wp-content\/uploads\/2025\/10\/img20250805100744419-scaled.jpg","width":2560,"height":1578},{"@type":"BreadcrumbList","@id":"https:\/\/conasep.org.br\/noticias\/inclusao-do-plp-no-239-2025-no-plp-no-42-2023-visa-acelerar-reconhecimento-da-aposentadoria-especial-para-profissionais-de-bombeiros-civis\/#breadcrumb","itemListElement":[{"@type":"ListItem","position":1,"name":"In\u00edcio","item":"https:\/\/www.conasep.org.br\/noticias\/"},{"@type":"ListItem","position":2,"name":"Inclus\u00e3o do PLP n\u00ba 239\/2025 no PLP n\u00ba 42\/2023 visa acelerar reconhecimento da aposentadoria especial para profissionais de Bombeiros Civis"}]},{"@type":"WebSite","@id":"https:\/\/www.conasep.org.br\/noticias\/#website","url":"https:\/\/www.conasep.org.br\/noticias\/","name":"Noticias Conasep","description":"Os melhores conte\u00fados","potentialAction":[{"@type":"SearchAction","target":{"@type":"EntryPoint","urlTemplate":"https:\/\/www.conasep.org.br\/noticias\/?s={search_term_string}"},"query-input":{"@type":"PropertyValueSpecification","valueRequired":true,"valueName":"search_term_string"}}],"inLanguage":"pt-BR"},{"@type":"Person","@id":"https:\/\/www.conasep.org.br\/noticias\/#\/schema\/person\/96e446b120d85d108e7ebeb7d82a2c44","name":"CONASEP","image":{"@type":"ImageObject","inLanguage":"pt-BR","@id":"https:\/\/www.conasep.org.br\/noticias\/#\/schema\/person\/image\/","url":"https:\/\/secure.gravatar.com\/avatar\/17258e04e8f7917cf6d5fea9e29eedbd?s=96&d=mm&r=g","contentUrl":"https:\/\/secure.gravatar.com\/avatar\/17258e04e8f7917cf6d5fea9e29eedbd?s=96&d=mm&r=g","caption":"CONASEP"},"url":"https:\/\/conasep.org.br\/noticias\/author\/conasep\/"}]}},"_links":{"self":[{"href":"https:\/\/conasep.org.br\/noticias\/wp-json\/wp\/v2\/posts\/1973","targetHints":{"allow":["GET"]}}],"collection":[{"href":"https:\/\/conasep.org.br\/noticias\/wp-json\/wp\/v2\/posts"}],"about":[{"href":"https:\/\/conasep.org.br\/noticias\/wp-json\/wp\/v2\/types\/post"}],"author":[{"embeddable":true,"href":"https:\/\/conasep.org.br\/noticias\/wp-json\/wp\/v2\/users\/6"}],"replies":[{"embeddable":true,"href":"https:\/\/conasep.org.br\/noticias\/wp-json\/wp\/v2\/comments?post=1973"}],"version-history":[{"count":1,"href":"https:\/\/conasep.org.br\/noticias\/wp-json\/wp\/v2\/posts\/1973\/revisions"}],"predecessor-version":[{"id":1976,"href":"https:\/\/conasep.org.br\/noticias\/wp-json\/wp\/v2\/posts\/1973\/revisions\/1976"}],"wp:featuredmedia":[{"embeddable":true,"href":"https:\/\/conasep.org.br\/noticias\/wp-json\/wp\/v2\/media\/1924"}],"wp:attachment":[{"href":"https:\/\/conasep.org.br\/noticias\/wp-json\/wp\/v2\/media?parent=1973"}],"wp:term":[{"taxonomy":"category","embeddable":true,"href":"https:\/\/conasep.org.br\/noticias\/wp-json\/wp\/v2\/categories?post=1973"},{"taxonomy":"post_tag","embeddable":true,"href":"https:\/\/conasep.org.br\/noticias\/wp-json\/wp\/v2\/tags?post=1973"}],"curies":[{"name":"wp","href":"https:\/\/api.w.org\/{rel}","templated":true}]}}