{"id":1977,"date":"2025-11-07T20:22:32","date_gmt":"2025-11-07T20:22:32","guid":{"rendered":"https:\/\/conasep.org.br\/noticias\/?p=1977"},"modified":"2025-11-07T20:33:38","modified_gmt":"2025-11-07T20:33:38","slug":"deputada-rosangela-reis-protocola-requerimento-de-apensacao-ao-plp-42-2023-para-estender-a-aposentadoria-especial-os-bombeiros-civis","status":"publish","type":"post","link":"https:\/\/conasep.org.br\/noticias\/deputada-rosangela-reis-protocola-requerimento-de-apensacao-ao-plp-42-2023-para-estender-a-aposentadoria-especial-os-bombeiros-civis\/","title":{"rendered":"Deputada Ros\u00e2ngela Reis protocola Requerimento de Apensa\u00e7\u00e3o ao PLP 42\/2023 para estender a aposentadoria especial os Bombeiros Civis."},"content":{"rendered":"\n<p>A Deputada Federal <strong><a href=\"https:\/\/www.camara.leg.br\/deputados\/220620\">Ros\u00e2ngela Reis (PL\/MG)<\/a><\/strong> protocolou na C\u00e2mara dos Deputados o <strong><a href=\"https:\/\/www.camara.leg.br\/proposicoesWeb\/fichadetramitacao?idProposicao=2582857\">Requerimento de Apensa\u00e7\u00e3o n\u00ba 4716\/2025<\/a><\/strong>, que solicita a <strong>tramita\u00e7\u00e3o conjunta<\/strong> do <strong><a href=\"https:\/\/www.camara.leg.br\/proposicoesWeb\/fichadetramitacao?idProposicao=2582512\">Projeto de Lei Complementar (PLP) n\u00ba 239\/2025<\/a><\/strong>, de sua autoria, com o <strong><a href=\"https:\/\/www.camara.leg.br\/proposicoesWeb\/fichadetramitacao?idProposicao=2350914\">PLP n\u00ba 42\/2023<\/a><\/strong>, de autoria do Deputado <strong>Alberto Fraga (PL\/DF)<\/strong>. O objetivo da parlamentar \u00e9 <strong>unificar a discuss\u00e3o legislativa<\/strong> sobre a <strong>aposentadoria especial<\/strong> de trabalhadores que exercem atividades em condi\u00e7\u00f5es que coloquem em risco a <strong>vida, a sa\u00fade e a integridade f\u00edsica<\/strong>, garantindo maior coer\u00eancia t\u00e9cnica e fortalecimento da prote\u00e7\u00e3o previdenci\u00e1ria dessas categorias.<\/p>\n\n\n\n<p>O <strong><a href=\"https:\/\/www.camara.leg.br\/proposicoesWeb\/fichadetramitacao?idProposicao=2582512\">PLP n\u00ba 239\/2025<\/a><\/strong> prop\u00f5e altera\u00e7\u00f5es na <strong>Lei n\u00ba 8.213\/1991<\/strong> (Lei dos Planos de Benef\u00edcios da Previd\u00eancia Social), para incluir <strong>crit\u00e9rios diferenciados de aposentadoria especial<\/strong> aos segurados do <strong>Regime Geral de Previd\u00eancia Social (RGPS)<\/strong> que atuem sob <strong>risco vital permanente<\/strong> \u2014 ou seja, em fun\u00e7\u00f5es em que o perigo de morte ou les\u00e3o grave \u00e9 inerente e constante \u00e0 natureza do trabalho. A medida abrange <strong>bombeiros civis, brigadistas, socorristas, condutores de ambul\u00e2ncia, salva-vidas, mergulhadores de resgate e profissionais de emerg\u00eancia civil<\/strong>, reconhecendo o car\u00e1ter essencial e o alto grau de exposi\u00e7\u00e3o dessas atividades, que exigem preparo t\u00e9cnico, coragem e dedica\u00e7\u00e3o extrema.<\/p>\n\n\n\n<p>Por sua vez, o <strong><a href=\"https:\/\/www.camara.leg.br\/proposicoesWeb\/fichadetramitacao?idProposicao=2350914\">PLP n\u00ba 42\/2023<\/a><\/strong>, de autoria do Deputado Alberto Fraga, regulamenta o <strong>art. 201, \u00a71\u00ba, inciso II, da Constitui\u00e7\u00e3o Federal<\/strong>, ao dispor sobre os <strong>requisitos e crit\u00e9rios diferenciados para a concess\u00e3o de aposentadoria especial<\/strong> aos benefici\u00e1rios do RGPS cujas atividades sejam exercidas sob condi\u00e7\u00f5es especiais que prejudiquem a sa\u00fade ou a integridade f\u00edsica. O projeto j\u00e1 conta com outros apensados (PLPs 245\/2019, 174\/2023 e 231\/2023) e encontra-se em avan\u00e7ada tramita\u00e7\u00e3o, tendo parecer favor\u00e1vel na <strong>Comiss\u00e3o de Previd\u00eancia, Assist\u00eancia Social, Inf\u00e2ncia, Adolesc\u00eancia e Fam\u00edlia<\/strong>, sob relatoria do Deputado <strong>Pastor Eurico (PL\/PE)<\/strong>.<\/p>\n\n\n\n<p>Com o <strong><a href=\"https:\/\/www.camara.leg.br\/proposicoesWeb\/fichadetramitacao?idProposicao=2582857\">Requerimento de Apensa\u00e7\u00e3o n\u00ba 4716\/2025<\/a><\/strong>, a deputada Ros\u00e2ngela Reis busca <strong>integrar o <a href=\"https:\/\/www.camara.leg.br\/proposicoesWeb\/fichadetramitacao?idProposicao=2582512\">PLP 239\/2025<\/a> ao conjunto de proposi\u00e7\u00f5es que tratam da aposentadoria especial<\/strong>, permitindo que o tema seja analisado de forma <strong>ampla, t\u00e9cnica e harm\u00f4nica<\/strong>, sob um mesmo processo legislativo. Segundo a parlamentar, \u201ca unifica\u00e7\u00e3o da tramita\u00e7\u00e3o representa um passo importante para garantir justi\u00e7a previdenci\u00e1ria aos profissionais que enfrentam diariamente o risco de morte em suas fun\u00e7\u00f5es. S\u00e3o homens e mulheres que colocam suas vidas em perigo para salvar outras, e a legisla\u00e7\u00e3o precisa reconhecer essa condi\u00e7\u00e3o com um tratamento diferenciado e digno\u201d.<\/p>\n\n\n\n<p>Ros\u00e2ngela Reis destacou que tanto o <strong><a href=\"https:\/\/www.camara.leg.br\/proposicoesWeb\/fichadetramitacao?idProposicao=2582512\">PLP 239\/2025<\/a><\/strong> quanto o <strong>Requerimento de Apensa\u00e7\u00e3o<\/strong> foram apresentados <strong>em atendimento a um pleito institucional do Conselho Nacional da Seguran\u00e7a Privada \u2013 CONASEP<\/strong>, entidade nacional que atua em defesa e valoriza\u00e7\u00e3o dos profissionais da seguran\u00e7a privada, emerg\u00eancia civil e setores correlatos. O <strong>CONASEP<\/strong>, sob a presid\u00eancia do <strong>Sr. Alan Hassem Salvatierra<\/strong>, tem sido protagonista na formula\u00e7\u00e3o de propostas t\u00e9cnicas e jur\u00eddicas voltadas \u00e0 prote\u00e7\u00e3o previdenci\u00e1ria dessas categorias, desenvolvendo estudos, notas t\u00e9cnicas e articula\u00e7\u00f5es junto ao Congresso Nacional que embasam a necessidade de reconhecimento da <strong>aposentadoria especial por risco vital<\/strong>.<\/p>\n\n\n\n<p>O Conselho, por meio de seu presidente, tem refor\u00e7ado a import\u00e2ncia de o Parlamento adotar uma abordagem <strong>abrangente e humanizada<\/strong>, que reconhe\u00e7a o desgaste f\u00edsico e psicol\u00f3gico enfrentado por bombeiros civis, brigadistas e socorristas. \u201cEsses profissionais atuam em ambientes de alt\u00edssimo risco, muitas vezes sem a visibilidade que merecem. O <a href=\"https:\/\/www.camara.leg.br\/proposicoesWeb\/fichadetramitacao?idProposicao=2582512\">PLP 239\/2025<\/a> traz justi\u00e7a e equidade a uma categoria que h\u00e1 anos reivindica o reconhecimento de seu papel essencial para a sociedade\u201d, ressaltou <strong>Alan Hassem Salvatierra<\/strong> em nota t\u00e9cnica enviada \u00e0 C\u00e2mara.<\/p>\n\n\n\n<p>Ao reconhecer o <strong>Conselho Nacional da Seguran\u00e7a Privada (CONASEP)<\/strong> como <strong>pilar t\u00e9cnico e institucional<\/strong> na constru\u00e7\u00e3o dessa proposta, a deputada Ros\u00e2ngela Reis reafirma o compromisso com a valoriza\u00e7\u00e3o dos profissionais que zelam pela vida e pela seguran\u00e7a dos cidad\u00e3os brasileiros. A expectativa \u00e9 que, com o <strong>apensamento ao <a href=\"https:\/\/www.camara.leg.br\/proposicoesWeb\/fichadetramitacao?idProposicao=2350914\">PLP 42\/2023<\/a><\/strong>, o tema avance de forma mais c\u00e9lere e integrada nas comiss\u00f5es e no plen\u00e1rio, consolidando um <strong>marco legal unificado para a aposentadoria especial<\/strong> de todos os trabalhadores expostos a condi\u00e7\u00f5es extremas de risco e periculosidade.<\/p>\n\n\n\n<div data-wp-interactive=\"core\/file\" class=\"wp-block-file\"><object data-wp-bind--hidden=\"!state.hasPdfPreview\" hidden class=\"wp-block-file__embed\" data=\"https:\/\/conasep.org.br\/noticias\/wp-content\/uploads\/2025\/11\/REQ-4716-2025.pdf\" type=\"application\/pdf\" style=\"width:100%;height:600px\" aria-label=\"Incorporado de REQ-4716-2025.\"><\/object><a id=\"wp-block-file--media-7188cd52-3f95-43a7-9514-ec253df08d12\" href=\"https:\/\/conasep.org.br\/noticias\/wp-content\/uploads\/2025\/11\/REQ-4716-2025.pdf\">REQ-4716-2025<\/a><a href=\"https:\/\/conasep.org.br\/noticias\/wp-content\/uploads\/2025\/11\/REQ-4716-2025.pdf\" class=\"wp-block-file__button wp-element-button\" download aria-describedby=\"wp-block-file--media-7188cd52-3f95-43a7-9514-ec253df08d12\">Baixar<\/a><\/div>\n","protected":false},"excerpt":{"rendered":"<p>A Deputada Federal Ros\u00e2ngela Reis (PL\/MG) protocolou na C\u00e2mara dos Deputados o Requerimento de Apensa\u00e7\u00e3o n\u00ba 4716\/2025, que solicita a tramita\u00e7\u00e3o conjunta do Projeto de Lei Complementar (PLP) n\u00ba 239\/2025, de sua autoria, com o PLP n\u00ba 42\/2023, de autoria do Deputado Alberto Fraga (PL\/DF). O objetivo da parlamentar \u00e9 unificar a discuss\u00e3o legislativa sobre a aposentadoria especial de trabalhadores que exercem atividades em condi\u00e7\u00f5es que coloquem em risco a vida, a sa\u00fade e a integridade f\u00edsica, garantindo maior coer\u00eancia t\u00e9cnica e fortalecimento da prote\u00e7\u00e3o previdenci\u00e1ria dessas categorias. O PLP n\u00ba 239\/2025 prop\u00f5e altera\u00e7\u00f5es na Lei n\u00ba 8.213\/1991 (Lei dos Planos de Benef\u00edcios da Previd\u00eancia Social), para incluir crit\u00e9rios diferenciados de aposentadoria especial aos segurados do Regime Geral de Previd\u00eancia Social (RGPS) que atuem sob risco vital permanente \u2014 ou seja, em fun\u00e7\u00f5es em que o perigo de morte ou les\u00e3o grave \u00e9 inerente e constante \u00e0 natureza do trabalho. A medida abrange bombeiros civis, brigadistas, socorristas, condutores de ambul\u00e2ncia, salva-vidas, mergulhadores de resgate e profissionais de emerg\u00eancia civil, reconhecendo o car\u00e1ter essencial e o alto grau de exposi\u00e7\u00e3o dessas atividades, que exigem preparo t\u00e9cnico, coragem e dedica\u00e7\u00e3o extrema. Por sua vez, o PLP n\u00ba 42\/2023, de autoria do Deputado Alberto Fraga, regulamenta o art. 201, \u00a71\u00ba, inciso II, da Constitui\u00e7\u00e3o Federal, ao dispor sobre os requisitos e crit\u00e9rios diferenciados para a concess\u00e3o de aposentadoria especial aos benefici\u00e1rios do RGPS cujas atividades sejam exercidas sob condi\u00e7\u00f5es especiais que prejudiquem a sa\u00fade ou a integridade f\u00edsica. O projeto j\u00e1 conta com outros apensados (PLPs 245\/2019, 174\/2023 e 231\/2023) e encontra-se em avan\u00e7ada tramita\u00e7\u00e3o, tendo parecer favor\u00e1vel na Comiss\u00e3o de Previd\u00eancia, Assist\u00eancia Social, Inf\u00e2ncia, Adolesc\u00eancia e Fam\u00edlia, sob relatoria do Deputado Pastor Eurico (PL\/PE). Com o Requerimento de Apensa\u00e7\u00e3o n\u00ba 4716\/2025, a deputada Ros\u00e2ngela Reis busca integrar o PLP 239\/2025 ao conjunto de proposi\u00e7\u00f5es que tratam da aposentadoria especial, permitindo que o tema seja analisado de forma ampla, t\u00e9cnica e harm\u00f4nica, sob um mesmo processo legislativo. Segundo a parlamentar, \u201ca unifica\u00e7\u00e3o da tramita\u00e7\u00e3o representa um passo importante para garantir justi\u00e7a previdenci\u00e1ria aos profissionais que enfrentam diariamente o risco de morte em suas fun\u00e7\u00f5es. S\u00e3o homens e mulheres que colocam suas vidas em perigo para salvar outras, e a legisla\u00e7\u00e3o precisa reconhecer essa condi\u00e7\u00e3o com um tratamento diferenciado e digno\u201d. Ros\u00e2ngela Reis destacou que tanto o PLP 239\/2025 quanto o Requerimento de Apensa\u00e7\u00e3o foram apresentados em atendimento a um pleito institucional do Conselho Nacional da Seguran\u00e7a Privada \u2013 CONASEP, entidade nacional que atua em defesa e valoriza\u00e7\u00e3o dos profissionais da seguran\u00e7a privada, emerg\u00eancia civil e setores correlatos. O CONASEP, sob a presid\u00eancia do Sr. Alan Hassem Salvatierra, tem sido protagonista na formula\u00e7\u00e3o de propostas t\u00e9cnicas e jur\u00eddicas voltadas \u00e0 prote\u00e7\u00e3o previdenci\u00e1ria dessas categorias, desenvolvendo estudos, notas t\u00e9cnicas e articula\u00e7\u00f5es junto ao Congresso Nacional que embasam a necessidade de reconhecimento da aposentadoria especial por risco vital. O Conselho, por meio de seu presidente, tem refor\u00e7ado a import\u00e2ncia de o Parlamento adotar uma abordagem abrangente e humanizada, que reconhe\u00e7a o desgaste f\u00edsico e psicol\u00f3gico enfrentado por bombeiros civis, brigadistas e socorristas. \u201cEsses profissionais atuam em ambientes de alt\u00edssimo risco, muitas vezes sem a visibilidade que merecem. O PLP 239\/2025 traz justi\u00e7a e equidade a uma categoria que h\u00e1 anos reivindica o reconhecimento de seu papel essencial para a sociedade\u201d, ressaltou Alan Hassem Salvatierra em nota t\u00e9cnica enviada \u00e0 C\u00e2mara. Ao reconhecer o Conselho Nacional da Seguran\u00e7a Privada (CONASEP) como pilar t\u00e9cnico e institucional na constru\u00e7\u00e3o dessa proposta, a deputada Ros\u00e2ngela Reis reafirma o compromisso com a valoriza\u00e7\u00e3o dos profissionais que zelam pela vida e pela seguran\u00e7a dos cidad\u00e3os brasileiros. A expectativa \u00e9 que, com o apensamento ao PLP 42\/2023, o tema avance de forma mais c\u00e9lere e integrada nas comiss\u00f5es e no plen\u00e1rio, consolidando um marco legal unificado para a aposentadoria especial de todos os trabalhadores expostos a condi\u00e7\u00f5es extremas de risco e periculosidade.<\/p>\n","protected":false},"author":6,"featured_media":1978,"comment_status":"open","ping_status":"open","sticky":false,"template":"","format":"standard","meta":{"footnotes":""},"categories":[31,41,42,46,30],"tags":[],"class_list":["post-1977","post","type-post","status-publish","format-standard","has-post-thumbnail","hentry","category-bombeiro-civil","category-conasep","category-direito-do-trabalho","category-noticias","category-politica"],"yoast_head":"<!-- This site is optimized with the Yoast SEO plugin v24.8.1 - https:\/\/yoast.com\/wordpress\/plugins\/seo\/ -->\n<title>Deputada Ros\u00e2ngela Reis protocola Requerimento de Apensa\u00e7\u00e3o ao PLP 42\/2023 para estender a aposentadoria especial os Bombeiros Civis. - Noticias Conasep<\/title>\n<meta name=\"robots\" content=\"index, follow, max-snippet:-1, max-image-preview:large, max-video-preview:-1\" \/>\n<link rel=\"canonical\" href=\"https:\/\/conasep.org.br\/noticias\/deputada-rosangela-reis-protocola-requerimento-de-apensacao-ao-plp-42-2023-para-estender-a-aposentadoria-especial-os-bombeiros-civis\/\" \/>\n<meta property=\"og:locale\" content=\"pt_BR\" \/>\n<meta property=\"og:type\" content=\"article\" \/>\n<meta property=\"og:title\" content=\"Deputada Ros\u00e2ngela Reis protocola Requerimento de Apensa\u00e7\u00e3o ao PLP 42\/2023 para estender a aposentadoria especial os Bombeiros Civis. - Noticias Conasep\" \/>\n<meta property=\"og:description\" content=\"A Deputada Federal Ros\u00e2ngela Reis (PL\/MG) protocolou na C\u00e2mara dos Deputados o Requerimento de Apensa\u00e7\u00e3o n\u00ba 4716\/2025, que solicita a tramita\u00e7\u00e3o conjunta do Projeto de Lei Complementar (PLP) n\u00ba 239\/2025, de sua autoria, com o PLP n\u00ba 42\/2023, de autoria do Deputado Alberto Fraga (PL\/DF). O objetivo da parlamentar \u00e9 unificar a discuss\u00e3o legislativa sobre a aposentadoria especial de trabalhadores que exercem atividades em condi\u00e7\u00f5es que coloquem em risco a vida, a sa\u00fade e a integridade f\u00edsica, garantindo maior coer\u00eancia t\u00e9cnica e fortalecimento da prote\u00e7\u00e3o previdenci\u00e1ria dessas categorias. O PLP n\u00ba 239\/2025 prop\u00f5e altera\u00e7\u00f5es na Lei n\u00ba 8.213\/1991 (Lei dos Planos de Benef\u00edcios da Previd\u00eancia Social), para incluir crit\u00e9rios diferenciados de aposentadoria especial aos segurados do Regime Geral de Previd\u00eancia Social (RGPS) que atuem sob risco vital permanente \u2014 ou seja, em fun\u00e7\u00f5es em que o perigo de morte ou les\u00e3o grave \u00e9 inerente e constante \u00e0 natureza do trabalho. A medida abrange bombeiros civis, brigadistas, socorristas, condutores de ambul\u00e2ncia, salva-vidas, mergulhadores de resgate e profissionais de emerg\u00eancia civil, reconhecendo o car\u00e1ter essencial e o alto grau de exposi\u00e7\u00e3o dessas atividades, que exigem preparo t\u00e9cnico, coragem e dedica\u00e7\u00e3o extrema. Por sua vez, o PLP n\u00ba 42\/2023, de autoria do Deputado Alberto Fraga, regulamenta o art. 201, \u00a71\u00ba, inciso II, da Constitui\u00e7\u00e3o Federal, ao dispor sobre os requisitos e crit\u00e9rios diferenciados para a concess\u00e3o de aposentadoria especial aos benefici\u00e1rios do RGPS cujas atividades sejam exercidas sob condi\u00e7\u00f5es especiais que prejudiquem a sa\u00fade ou a integridade f\u00edsica. O projeto j\u00e1 conta com outros apensados (PLPs 245\/2019, 174\/2023 e 231\/2023) e encontra-se em avan\u00e7ada tramita\u00e7\u00e3o, tendo parecer favor\u00e1vel na Comiss\u00e3o de Previd\u00eancia, Assist\u00eancia Social, Inf\u00e2ncia, Adolesc\u00eancia e Fam\u00edlia, sob relatoria do Deputado Pastor Eurico (PL\/PE). Com o Requerimento de Apensa\u00e7\u00e3o n\u00ba 4716\/2025, a deputada Ros\u00e2ngela Reis busca integrar o PLP 239\/2025 ao conjunto de proposi\u00e7\u00f5es que tratam da aposentadoria especial, permitindo que o tema seja analisado de forma ampla, t\u00e9cnica e harm\u00f4nica, sob um mesmo processo legislativo. Segundo a parlamentar, \u201ca unifica\u00e7\u00e3o da tramita\u00e7\u00e3o representa um passo importante para garantir justi\u00e7a previdenci\u00e1ria aos profissionais que enfrentam diariamente o risco de morte em suas fun\u00e7\u00f5es. S\u00e3o homens e mulheres que colocam suas vidas em perigo para salvar outras, e a legisla\u00e7\u00e3o precisa reconhecer essa condi\u00e7\u00e3o com um tratamento diferenciado e digno\u201d. Ros\u00e2ngela Reis destacou que tanto o PLP 239\/2025 quanto o Requerimento de Apensa\u00e7\u00e3o foram apresentados em atendimento a um pleito institucional do Conselho Nacional da Seguran\u00e7a Privada \u2013 CONASEP, entidade nacional que atua em defesa e valoriza\u00e7\u00e3o dos profissionais da seguran\u00e7a privada, emerg\u00eancia civil e setores correlatos. O CONASEP, sob a presid\u00eancia do Sr. Alan Hassem Salvatierra, tem sido protagonista na formula\u00e7\u00e3o de propostas t\u00e9cnicas e jur\u00eddicas voltadas \u00e0 prote\u00e7\u00e3o previdenci\u00e1ria dessas categorias, desenvolvendo estudos, notas t\u00e9cnicas e articula\u00e7\u00f5es junto ao Congresso Nacional que embasam a necessidade de reconhecimento da aposentadoria especial por risco vital. O Conselho, por meio de seu presidente, tem refor\u00e7ado a import\u00e2ncia de o Parlamento adotar uma abordagem abrangente e humanizada, que reconhe\u00e7a o desgaste f\u00edsico e psicol\u00f3gico enfrentado por bombeiros civis, brigadistas e socorristas. \u201cEsses profissionais atuam em ambientes de alt\u00edssimo risco, muitas vezes sem a visibilidade que merecem. O PLP 239\/2025 traz justi\u00e7a e equidade a uma categoria que h\u00e1 anos reivindica o reconhecimento de seu papel essencial para a sociedade\u201d, ressaltou Alan Hassem Salvatierra em nota t\u00e9cnica enviada \u00e0 C\u00e2mara. Ao reconhecer o Conselho Nacional da Seguran\u00e7a Privada (CONASEP) como pilar t\u00e9cnico e institucional na constru\u00e7\u00e3o dessa proposta, a deputada Ros\u00e2ngela Reis reafirma o compromisso com a valoriza\u00e7\u00e3o dos profissionais que zelam pela vida e pela seguran\u00e7a dos cidad\u00e3os brasileiros. A expectativa \u00e9 que, com o apensamento ao PLP 42\/2023, o tema avance de forma mais c\u00e9lere e integrada nas comiss\u00f5es e no plen\u00e1rio, consolidando um marco legal unificado para a aposentadoria especial de todos os trabalhadores expostos a condi\u00e7\u00f5es extremas de risco e periculosidade.\" \/>\n<meta property=\"og:url\" content=\"https:\/\/conasep.org.br\/noticias\/deputada-rosangela-reis-protocola-requerimento-de-apensacao-ao-plp-42-2023-para-estender-a-aposentadoria-especial-os-bombeiros-civis\/\" \/>\n<meta property=\"og:site_name\" content=\"Noticias Conasep\" \/>\n<meta property=\"article:published_time\" content=\"2025-11-07T20:22:32+00:00\" \/>\n<meta property=\"article:modified_time\" content=\"2025-11-07T20:33:38+00:00\" \/>\n<meta property=\"og:image\" content=\"https:\/\/conasep.org.br\/noticias\/wp-content\/uploads\/2025\/11\/1762539580554.png\" \/>\n\t<meta property=\"og:image:width\" content=\"1248\" \/>\n\t<meta property=\"og:image:height\" content=\"832\" \/>\n\t<meta property=\"og:image:type\" content=\"image\/png\" \/>\n<meta name=\"author\" content=\"CONASEP\" \/>\n<meta name=\"twitter:card\" content=\"summary_large_image\" \/>\n<meta name=\"twitter:label1\" content=\"Escrito por\" \/>\n\t<meta name=\"twitter:data1\" content=\"CONASEP\" \/>\n\t<meta name=\"twitter:label2\" content=\"Est. tempo de leitura\" \/>\n\t<meta name=\"twitter:data2\" content=\"4 minutos\" \/>\n<script type=\"application\/ld+json\" class=\"yoast-schema-graph\">{\"@context\":\"https:\/\/schema.org\",\"@graph\":[{\"@type\":\"WebPage\",\"@id\":\"https:\/\/conasep.org.br\/noticias\/deputada-rosangela-reis-protocola-requerimento-de-apensacao-ao-plp-42-2023-para-estender-a-aposentadoria-especial-os-bombeiros-civis\/\",\"url\":\"https:\/\/conasep.org.br\/noticias\/deputada-rosangela-reis-protocola-requerimento-de-apensacao-ao-plp-42-2023-para-estender-a-aposentadoria-especial-os-bombeiros-civis\/\",\"name\":\"Deputada Ros\u00e2ngela Reis protocola Requerimento de Apensa\u00e7\u00e3o ao PLP 42\/2023 para estender a aposentadoria especial os Bombeiros Civis. - Noticias Conasep\",\"isPartOf\":{\"@id\":\"https:\/\/www.conasep.org.br\/noticias\/#website\"},\"primaryImageOfPage\":{\"@id\":\"https:\/\/conasep.org.br\/noticias\/deputada-rosangela-reis-protocola-requerimento-de-apensacao-ao-plp-42-2023-para-estender-a-aposentadoria-especial-os-bombeiros-civis\/#primaryimage\"},\"image\":{\"@id\":\"https:\/\/conasep.org.br\/noticias\/deputada-rosangela-reis-protocola-requerimento-de-apensacao-ao-plp-42-2023-para-estender-a-aposentadoria-especial-os-bombeiros-civis\/#primaryimage\"},\"thumbnailUrl\":\"https:\/\/conasep.org.br\/noticias\/wp-content\/uploads\/2025\/11\/1762539580554.png\",\"datePublished\":\"2025-11-07T20:22:32+00:00\",\"dateModified\":\"2025-11-07T20:33:38+00:00\",\"author\":{\"@id\":\"https:\/\/www.conasep.org.br\/noticias\/#\/schema\/person\/96e446b120d85d108e7ebeb7d82a2c44\"},\"breadcrumb\":{\"@id\":\"https:\/\/conasep.org.br\/noticias\/deputada-rosangela-reis-protocola-requerimento-de-apensacao-ao-plp-42-2023-para-estender-a-aposentadoria-especial-os-bombeiros-civis\/#breadcrumb\"},\"inLanguage\":\"pt-BR\",\"potentialAction\":[{\"@type\":\"ReadAction\",\"target\":[\"https:\/\/conasep.org.br\/noticias\/deputada-rosangela-reis-protocola-requerimento-de-apensacao-ao-plp-42-2023-para-estender-a-aposentadoria-especial-os-bombeiros-civis\/\"]}]},{\"@type\":\"ImageObject\",\"inLanguage\":\"pt-BR\",\"@id\":\"https:\/\/conasep.org.br\/noticias\/deputada-rosangela-reis-protocola-requerimento-de-apensacao-ao-plp-42-2023-para-estender-a-aposentadoria-especial-os-bombeiros-civis\/#primaryimage\",\"url\":\"https:\/\/conasep.org.br\/noticias\/wp-content\/uploads\/2025\/11\/1762539580554.png\",\"contentUrl\":\"https:\/\/conasep.org.br\/noticias\/wp-content\/uploads\/2025\/11\/1762539580554.png\",\"width\":1248,\"height\":832},{\"@type\":\"BreadcrumbList\",\"@id\":\"https:\/\/conasep.org.br\/noticias\/deputada-rosangela-reis-protocola-requerimento-de-apensacao-ao-plp-42-2023-para-estender-a-aposentadoria-especial-os-bombeiros-civis\/#breadcrumb\",\"itemListElement\":[{\"@type\":\"ListItem\",\"position\":1,\"name\":\"In\u00edcio\",\"item\":\"https:\/\/www.conasep.org.br\/noticias\/\"},{\"@type\":\"ListItem\",\"position\":2,\"name\":\"Deputada Ros\u00e2ngela Reis protocola Requerimento de Apensa\u00e7\u00e3o ao PLP 42\/2023 para estender a aposentadoria especial os Bombeiros Civis.\"}]},{\"@type\":\"WebSite\",\"@id\":\"https:\/\/www.conasep.org.br\/noticias\/#website\",\"url\":\"https:\/\/www.conasep.org.br\/noticias\/\",\"name\":\"Noticias Conasep\",\"description\":\"Os melhores conte\u00fados\",\"potentialAction\":[{\"@type\":\"SearchAction\",\"target\":{\"@type\":\"EntryPoint\",\"urlTemplate\":\"https:\/\/www.conasep.org.br\/noticias\/?s={search_term_string}\"},\"query-input\":{\"@type\":\"PropertyValueSpecification\",\"valueRequired\":true,\"valueName\":\"search_term_string\"}}],\"inLanguage\":\"pt-BR\"},{\"@type\":\"Person\",\"@id\":\"https:\/\/www.conasep.org.br\/noticias\/#\/schema\/person\/96e446b120d85d108e7ebeb7d82a2c44\",\"name\":\"CONASEP\",\"image\":{\"@type\":\"ImageObject\",\"inLanguage\":\"pt-BR\",\"@id\":\"https:\/\/www.conasep.org.br\/noticias\/#\/schema\/person\/image\/\",\"url\":\"https:\/\/secure.gravatar.com\/avatar\/17258e04e8f7917cf6d5fea9e29eedbd?s=96&d=mm&r=g\",\"contentUrl\":\"https:\/\/secure.gravatar.com\/avatar\/17258e04e8f7917cf6d5fea9e29eedbd?s=96&d=mm&r=g\",\"caption\":\"CONASEP\"},\"url\":\"https:\/\/conasep.org.br\/noticias\/author\/conasep\/\"}]}<\/script>\n<!-- \/ Yoast SEO plugin. -->","yoast_head_json":{"title":"Deputada Ros\u00e2ngela Reis protocola Requerimento de Apensa\u00e7\u00e3o ao PLP 42\/2023 para estender a aposentadoria especial os Bombeiros Civis. - Noticias Conasep","robots":{"index":"index","follow":"follow","max-snippet":"max-snippet:-1","max-image-preview":"max-image-preview:large","max-video-preview":"max-video-preview:-1"},"canonical":"https:\/\/conasep.org.br\/noticias\/deputada-rosangela-reis-protocola-requerimento-de-apensacao-ao-plp-42-2023-para-estender-a-aposentadoria-especial-os-bombeiros-civis\/","og_locale":"pt_BR","og_type":"article","og_title":"Deputada Ros\u00e2ngela Reis protocola Requerimento de Apensa\u00e7\u00e3o ao PLP 42\/2023 para estender a aposentadoria especial os Bombeiros Civis. - Noticias Conasep","og_description":"A Deputada Federal Ros\u00e2ngela Reis (PL\/MG) protocolou na C\u00e2mara dos Deputados o Requerimento de Apensa\u00e7\u00e3o n\u00ba 4716\/2025, que solicita a tramita\u00e7\u00e3o conjunta do Projeto de Lei Complementar (PLP) n\u00ba 239\/2025, de sua autoria, com o PLP n\u00ba 42\/2023, de autoria do Deputado Alberto Fraga (PL\/DF). O objetivo da parlamentar \u00e9 unificar a discuss\u00e3o legislativa sobre a aposentadoria especial de trabalhadores que exercem atividades em condi\u00e7\u00f5es que coloquem em risco a vida, a sa\u00fade e a integridade f\u00edsica, garantindo maior coer\u00eancia t\u00e9cnica e fortalecimento da prote\u00e7\u00e3o previdenci\u00e1ria dessas categorias. O PLP n\u00ba 239\/2025 prop\u00f5e altera\u00e7\u00f5es na Lei n\u00ba 8.213\/1991 (Lei dos Planos de Benef\u00edcios da Previd\u00eancia Social), para incluir crit\u00e9rios diferenciados de aposentadoria especial aos segurados do Regime Geral de Previd\u00eancia Social (RGPS) que atuem sob risco vital permanente \u2014 ou seja, em fun\u00e7\u00f5es em que o perigo de morte ou les\u00e3o grave \u00e9 inerente e constante \u00e0 natureza do trabalho. A medida abrange bombeiros civis, brigadistas, socorristas, condutores de ambul\u00e2ncia, salva-vidas, mergulhadores de resgate e profissionais de emerg\u00eancia civil, reconhecendo o car\u00e1ter essencial e o alto grau de exposi\u00e7\u00e3o dessas atividades, que exigem preparo t\u00e9cnico, coragem e dedica\u00e7\u00e3o extrema. Por sua vez, o PLP n\u00ba 42\/2023, de autoria do Deputado Alberto Fraga, regulamenta o art. 201, \u00a71\u00ba, inciso II, da Constitui\u00e7\u00e3o Federal, ao dispor sobre os requisitos e crit\u00e9rios diferenciados para a concess\u00e3o de aposentadoria especial aos benefici\u00e1rios do RGPS cujas atividades sejam exercidas sob condi\u00e7\u00f5es especiais que prejudiquem a sa\u00fade ou a integridade f\u00edsica. O projeto j\u00e1 conta com outros apensados (PLPs 245\/2019, 174\/2023 e 231\/2023) e encontra-se em avan\u00e7ada tramita\u00e7\u00e3o, tendo parecer favor\u00e1vel na Comiss\u00e3o de Previd\u00eancia, Assist\u00eancia Social, Inf\u00e2ncia, Adolesc\u00eancia e Fam\u00edlia, sob relatoria do Deputado Pastor Eurico (PL\/PE). Com o Requerimento de Apensa\u00e7\u00e3o n\u00ba 4716\/2025, a deputada Ros\u00e2ngela Reis busca integrar o PLP 239\/2025 ao conjunto de proposi\u00e7\u00f5es que tratam da aposentadoria especial, permitindo que o tema seja analisado de forma ampla, t\u00e9cnica e harm\u00f4nica, sob um mesmo processo legislativo. Segundo a parlamentar, \u201ca unifica\u00e7\u00e3o da tramita\u00e7\u00e3o representa um passo importante para garantir justi\u00e7a previdenci\u00e1ria aos profissionais que enfrentam diariamente o risco de morte em suas fun\u00e7\u00f5es. S\u00e3o homens e mulheres que colocam suas vidas em perigo para salvar outras, e a legisla\u00e7\u00e3o precisa reconhecer essa condi\u00e7\u00e3o com um tratamento diferenciado e digno\u201d. Ros\u00e2ngela Reis destacou que tanto o PLP 239\/2025 quanto o Requerimento de Apensa\u00e7\u00e3o foram apresentados em atendimento a um pleito institucional do Conselho Nacional da Seguran\u00e7a Privada \u2013 CONASEP, entidade nacional que atua em defesa e valoriza\u00e7\u00e3o dos profissionais da seguran\u00e7a privada, emerg\u00eancia civil e setores correlatos. O CONASEP, sob a presid\u00eancia do Sr. Alan Hassem Salvatierra, tem sido protagonista na formula\u00e7\u00e3o de propostas t\u00e9cnicas e jur\u00eddicas voltadas \u00e0 prote\u00e7\u00e3o previdenci\u00e1ria dessas categorias, desenvolvendo estudos, notas t\u00e9cnicas e articula\u00e7\u00f5es junto ao Congresso Nacional que embasam a necessidade de reconhecimento da aposentadoria especial por risco vital. O Conselho, por meio de seu presidente, tem refor\u00e7ado a import\u00e2ncia de o Parlamento adotar uma abordagem abrangente e humanizada, que reconhe\u00e7a o desgaste f\u00edsico e psicol\u00f3gico enfrentado por bombeiros civis, brigadistas e socorristas. \u201cEsses profissionais atuam em ambientes de alt\u00edssimo risco, muitas vezes sem a visibilidade que merecem. O PLP 239\/2025 traz justi\u00e7a e equidade a uma categoria que h\u00e1 anos reivindica o reconhecimento de seu papel essencial para a sociedade\u201d, ressaltou Alan Hassem Salvatierra em nota t\u00e9cnica enviada \u00e0 C\u00e2mara. Ao reconhecer o Conselho Nacional da Seguran\u00e7a Privada (CONASEP) como pilar t\u00e9cnico e institucional na constru\u00e7\u00e3o dessa proposta, a deputada Ros\u00e2ngela Reis reafirma o compromisso com a valoriza\u00e7\u00e3o dos profissionais que zelam pela vida e pela seguran\u00e7a dos cidad\u00e3os brasileiros. A expectativa \u00e9 que, com o apensamento ao PLP 42\/2023, o tema avance de forma mais c\u00e9lere e integrada nas comiss\u00f5es e no plen\u00e1rio, consolidando um marco legal unificado para a aposentadoria especial de todos os trabalhadores expostos a condi\u00e7\u00f5es extremas de risco e periculosidade.","og_url":"https:\/\/conasep.org.br\/noticias\/deputada-rosangela-reis-protocola-requerimento-de-apensacao-ao-plp-42-2023-para-estender-a-aposentadoria-especial-os-bombeiros-civis\/","og_site_name":"Noticias Conasep","article_published_time":"2025-11-07T20:22:32+00:00","article_modified_time":"2025-11-07T20:33:38+00:00","og_image":[{"width":1248,"height":832,"url":"https:\/\/conasep.org.br\/noticias\/wp-content\/uploads\/2025\/11\/1762539580554.png","type":"image\/png"}],"author":"CONASEP","twitter_card":"summary_large_image","twitter_misc":{"Escrito por":"CONASEP","Est. tempo de leitura":"4 minutos"},"schema":{"@context":"https:\/\/schema.org","@graph":[{"@type":"WebPage","@id":"https:\/\/conasep.org.br\/noticias\/deputada-rosangela-reis-protocola-requerimento-de-apensacao-ao-plp-42-2023-para-estender-a-aposentadoria-especial-os-bombeiros-civis\/","url":"https:\/\/conasep.org.br\/noticias\/deputada-rosangela-reis-protocola-requerimento-de-apensacao-ao-plp-42-2023-para-estender-a-aposentadoria-especial-os-bombeiros-civis\/","name":"Deputada Ros\u00e2ngela Reis protocola Requerimento de Apensa\u00e7\u00e3o ao PLP 42\/2023 para estender a aposentadoria especial os Bombeiros Civis. - Noticias Conasep","isPartOf":{"@id":"https:\/\/www.conasep.org.br\/noticias\/#website"},"primaryImageOfPage":{"@id":"https:\/\/conasep.org.br\/noticias\/deputada-rosangela-reis-protocola-requerimento-de-apensacao-ao-plp-42-2023-para-estender-a-aposentadoria-especial-os-bombeiros-civis\/#primaryimage"},"image":{"@id":"https:\/\/conasep.org.br\/noticias\/deputada-rosangela-reis-protocola-requerimento-de-apensacao-ao-plp-42-2023-para-estender-a-aposentadoria-especial-os-bombeiros-civis\/#primaryimage"},"thumbnailUrl":"https:\/\/conasep.org.br\/noticias\/wp-content\/uploads\/2025\/11\/1762539580554.png","datePublished":"2025-11-07T20:22:32+00:00","dateModified":"2025-11-07T20:33:38+00:00","author":{"@id":"https:\/\/www.conasep.org.br\/noticias\/#\/schema\/person\/96e446b120d85d108e7ebeb7d82a2c44"},"breadcrumb":{"@id":"https:\/\/conasep.org.br\/noticias\/deputada-rosangela-reis-protocola-requerimento-de-apensacao-ao-plp-42-2023-para-estender-a-aposentadoria-especial-os-bombeiros-civis\/#breadcrumb"},"inLanguage":"pt-BR","potentialAction":[{"@type":"ReadAction","target":["https:\/\/conasep.org.br\/noticias\/deputada-rosangela-reis-protocola-requerimento-de-apensacao-ao-plp-42-2023-para-estender-a-aposentadoria-especial-os-bombeiros-civis\/"]}]},{"@type":"ImageObject","inLanguage":"pt-BR","@id":"https:\/\/conasep.org.br\/noticias\/deputada-rosangela-reis-protocola-requerimento-de-apensacao-ao-plp-42-2023-para-estender-a-aposentadoria-especial-os-bombeiros-civis\/#primaryimage","url":"https:\/\/conasep.org.br\/noticias\/wp-content\/uploads\/2025\/11\/1762539580554.png","contentUrl":"https:\/\/conasep.org.br\/noticias\/wp-content\/uploads\/2025\/11\/1762539580554.png","width":1248,"height":832},{"@type":"BreadcrumbList","@id":"https:\/\/conasep.org.br\/noticias\/deputada-rosangela-reis-protocola-requerimento-de-apensacao-ao-plp-42-2023-para-estender-a-aposentadoria-especial-os-bombeiros-civis\/#breadcrumb","itemListElement":[{"@type":"ListItem","position":1,"name":"In\u00edcio","item":"https:\/\/www.conasep.org.br\/noticias\/"},{"@type":"ListItem","position":2,"name":"Deputada Ros\u00e2ngela Reis protocola Requerimento de Apensa\u00e7\u00e3o ao PLP 42\/2023 para estender a aposentadoria especial os Bombeiros Civis."}]},{"@type":"WebSite","@id":"https:\/\/www.conasep.org.br\/noticias\/#website","url":"https:\/\/www.conasep.org.br\/noticias\/","name":"Noticias Conasep","description":"Os melhores conte\u00fados","potentialAction":[{"@type":"SearchAction","target":{"@type":"EntryPoint","urlTemplate":"https:\/\/www.conasep.org.br\/noticias\/?s={search_term_string}"},"query-input":{"@type":"PropertyValueSpecification","valueRequired":true,"valueName":"search_term_string"}}],"inLanguage":"pt-BR"},{"@type":"Person","@id":"https:\/\/www.conasep.org.br\/noticias\/#\/schema\/person\/96e446b120d85d108e7ebeb7d82a2c44","name":"CONASEP","image":{"@type":"ImageObject","inLanguage":"pt-BR","@id":"https:\/\/www.conasep.org.br\/noticias\/#\/schema\/person\/image\/","url":"https:\/\/secure.gravatar.com\/avatar\/17258e04e8f7917cf6d5fea9e29eedbd?s=96&d=mm&r=g","contentUrl":"https:\/\/secure.gravatar.com\/avatar\/17258e04e8f7917cf6d5fea9e29eedbd?s=96&d=mm&r=g","caption":"CONASEP"},"url":"https:\/\/conasep.org.br\/noticias\/author\/conasep\/"}]}},"_links":{"self":[{"href":"https:\/\/conasep.org.br\/noticias\/wp-json\/wp\/v2\/posts\/1977","targetHints":{"allow":["GET"]}}],"collection":[{"href":"https:\/\/conasep.org.br\/noticias\/wp-json\/wp\/v2\/posts"}],"about":[{"href":"https:\/\/conasep.org.br\/noticias\/wp-json\/wp\/v2\/types\/post"}],"author":[{"embeddable":true,"href":"https:\/\/conasep.org.br\/noticias\/wp-json\/wp\/v2\/users\/6"}],"replies":[{"embeddable":true,"href":"https:\/\/conasep.org.br\/noticias\/wp-json\/wp\/v2\/comments?post=1977"}],"version-history":[{"count":1,"href":"https:\/\/conasep.org.br\/noticias\/wp-json\/wp\/v2\/posts\/1977\/revisions"}],"predecessor-version":[{"id":1980,"href":"https:\/\/conasep.org.br\/noticias\/wp-json\/wp\/v2\/posts\/1977\/revisions\/1980"}],"wp:featuredmedia":[{"embeddable":true,"href":"https:\/\/conasep.org.br\/noticias\/wp-json\/wp\/v2\/media\/1978"}],"wp:attachment":[{"href":"https:\/\/conasep.org.br\/noticias\/wp-json\/wp\/v2\/media?parent=1977"}],"wp:term":[{"taxonomy":"category","embeddable":true,"href":"https:\/\/conasep.org.br\/noticias\/wp-json\/wp\/v2\/categories?post=1977"},{"taxonomy":"post_tag","embeddable":true,"href":"https:\/\/conasep.org.br\/noticias\/wp-json\/wp\/v2\/tags?post=1977"}],"curies":[{"name":"wp","href":"https:\/\/api.w.org\/{rel}","templated":true}]}}