{"id":1981,"date":"2025-11-14T18:27:02","date_gmt":"2025-11-14T18:27:02","guid":{"rendered":"https:\/\/conasep.org.br\/noticias\/?p=1981"},"modified":"2025-11-14T18:27:02","modified_gmt":"2025-11-14T18:27:02","slug":"cindre-recebe-relatorio-favoravel-ao-pl-2-478-2025-que-reconhece-o-interesse-coletivo-das-atividades-do-conasep-e-dos-bombeiros-civis","status":"publish","type":"post","link":"https:\/\/conasep.org.br\/noticias\/cindre-recebe-relatorio-favoravel-ao-pl-2-478-2025-que-reconhece-o-interesse-coletivo-das-atividades-do-conasep-e-dos-bombeiros-civis\/","title":{"rendered":"CINDRE recebe relat\u00f3rio favor\u00e1vel ao PL 2.478\/2025, que reconhece o interesse coletivo das atividades do CONASEP e dos Bombeiros Civis"},"content":{"rendered":"\n<p>A Comiss\u00e3o de Integra\u00e7\u00e3o Nacional e Desenvolvimento Regional (CINDRE) recebeu, no dia <strong>4 de novembro de 2025<\/strong>, o <strong>Parecer da Relatora<\/strong>, Deputada <strong>Daniela Reinehr (PL\/SC)<\/strong>, referente ao <strong><a href=\"https:\/\/www.camara.leg.br\/proposicoesWeb\/fichadetramitacao?idProposicao=2515590\">Projeto de Lei n\u00ba 2.478, de 2025<\/a><\/strong>, de autoria da Deputada <strong>Ros\u00e2ngela Reis (MG)<\/strong>. O relat\u00f3rio foi protocolado como <strong>PRL n\u00ba 1\/2025 \u2014 CINDRE<\/strong> e aguarda inclus\u00e3o na pauta para vota\u00e7\u00e3o.<\/p>\n\n\n\n<p>O projeto prop\u00f5e o <strong>reconhecimento oficial do relevante interesse coletivo e da import\u00e2ncia social<\/strong> das atividades desempenhadas pelo <strong>Conselho Nacional da Seguran\u00e7a Privada (CONASEP)<\/strong>, seus <strong>Conselhos Comunit\u00e1rios de Seguran\u00e7a Privada (CONSEPRIs)<\/strong> e por seus filiados, incluindo os profissionais <strong>Bombeiros Civis<\/strong>.<\/p>\n\n\n\n<hr class=\"wp-block-separator has-alpha-channel-opacity\"\/>\n\n\n\n<h2 class=\"wp-block-heading\"><strong>O que diz o Projeto de Lei<\/strong><\/h2>\n\n\n\n<p>O PL 2.478\/2025 estabelece que o CONASEP e seus CONSEPRIs s\u00e3o entidades <strong>de direito privado, sem fins lucrativos<\/strong>, com car\u00e1ter:<\/p>\n\n\n\n<ul class=\"wp-block-list\">\n<li><strong>consultivo<\/strong><\/li>\n\n\n\n<li><strong>deliberativo<\/strong><\/li>\n\n\n\n<li><strong>colaborativo<\/strong><\/li>\n\n\n\n<li><strong>de coopera\u00e7\u00e3o volunt\u00e1ria<\/strong><\/li>\n<\/ul>\n\n\n\n<p>A proposta refor\u00e7a que tais entidades atuam no <strong>fortalecimento da seguran\u00e7a privada, comunit\u00e1ria e da prote\u00e7\u00e3o civil<\/strong>, estimulando a integra\u00e7\u00e3o da sociedade com \u00f3rg\u00e3os p\u00fablicos e demais institui\u00e7\u00f5es respons\u00e1veis pela seguran\u00e7a.<\/p>\n\n\n\n<p>O texto ainda lista compet\u00eancias importantes, como:<\/p>\n\n\n\n<ul class=\"wp-block-list\">\n<li>incentivo \u00e0 <strong>participa\u00e7\u00e3o democr\u00e1tica<\/strong> da comunidade em temas de seguran\u00e7a;<\/li>\n\n\n\n<li>proposi\u00e7\u00e3o de <strong>a\u00e7\u00f5es estrat\u00e9gicas e prioridades<\/strong>;<\/li>\n\n\n\n<li>acompanhamento de servi\u00e7os relacionados \u00e0 seguran\u00e7a, prote\u00e7\u00e3o civil e bombeiro civil;<\/li>\n\n\n\n<li>promo\u00e7\u00e3o de <strong>campanhas educativas<\/strong>;<\/li>\n\n\n\n<li>organiza\u00e7\u00e3o de <strong>eventos, debates e capacita\u00e7\u00f5es<\/strong>;<\/li>\n\n\n\n<li>coopera\u00e7\u00e3o com \u00f3rg\u00e3os p\u00fablicos e privados;<\/li>\n\n\n\n<li>possibilidade de <strong>captar recursos<\/strong> por meio de doa\u00e7\u00f5es, conv\u00eanios e termos de coopera\u00e7\u00e3o, seguindo a Lei n\u00ba 13.019\/2014.<\/li>\n<\/ul>\n\n\n\n<p>O projeto tamb\u00e9m reconhece formalmente a nomenclatura <strong>\u201cBombeiro Civil\u201d<\/strong> e descreve suas atribui\u00e7\u00f5es \u2014 preven\u00e7\u00e3o e combate a inc\u00eandio, a\u00e7\u00f5es de busca e salvamento, primeiros socorros e gest\u00e3o de riscos.<\/p>\n\n\n\n<hr class=\"wp-block-separator has-alpha-channel-opacity\"\/>\n\n\n\n<h2 class=\"wp-block-heading\"><strong>Tramita\u00e7\u00e3o na CINDRE<\/strong><\/h2>\n\n\n\n<p>Conforme o relat\u00f3rio, o PL foi distribu\u00eddo \u00e0 Comiss\u00e3o em <strong>12 de junho de 2025<\/strong>.<br>Em <strong>12 de agosto<\/strong>, a Deputada Daniela Reinehr foi designada Relatora.<\/p>\n\n\n\n<p>O prazo regimental para apresenta\u00e7\u00e3o de emendas transcorreu entre <strong>14 e 27 de agosto de 2025<\/strong>, <strong>sem que nenhuma emenda fosse apresentada<\/strong>, o que demonstra converg\u00eancia quanto ao m\u00e9rito.<\/p>\n\n\n\n<hr class=\"wp-block-separator has-alpha-channel-opacity\"\/>\n\n\n\n<h2 class=\"wp-block-heading\"><strong>O voto da Relatora<\/strong><\/h2>\n\n\n\n<p>Em seu voto, a Deputada Daniela Reinehr destacou que o projeto apresenta \u201c<strong>not\u00e1vel relev\u00e2ncia social e institucional<\/strong>\u201d ao reconhecer o papel do CONASEP, dos CONSEPRIs e dos Bombeiros Civis na constru\u00e7\u00e3o de uma seguran\u00e7a mais integrada, participativa e preventiva.<\/p>\n\n\n\n<p>A Relatora ressaltou:<\/p>\n\n\n\n<h3 class=\"wp-block-heading\"><strong>1. Participa\u00e7\u00e3o Social<\/strong><\/h3>\n\n\n\n<p>O PL fortalece o princ\u00edpio constitucional de que a seguran\u00e7a \u00e9 responsabilidade de todos, permitindo que a sociedade participe ativamente da formula\u00e7\u00e3o, avalia\u00e7\u00e3o e acompanhamento das pol\u00edticas de seguran\u00e7a privada e prote\u00e7\u00e3o civil.<\/p>\n\n\n\n<h3 class=\"wp-block-heading\"><strong>2. Coopera\u00e7\u00e3o para Seguran\u00e7a e Prote\u00e7\u00e3o Civil<\/strong><\/h3>\n\n\n\n<p>As entidades atuam como ponte entre popula\u00e7\u00e3o, setor privado e \u00f3rg\u00e3os p\u00fablicos, contribuindo para solu\u00e7\u00f5es conjuntas e fortalecendo o pacto federativo.<\/p>\n\n\n\n<h3 class=\"wp-block-heading\"><strong>3. Valoriza\u00e7\u00e3o dos Bombeiros Civis<\/strong><\/h3>\n\n\n\n<p>A defini\u00e7\u00e3o clara das atribui\u00e7\u00f5es dos Bombeiros Civis fortalece a categoria e garante padr\u00f5es de atua\u00e7\u00e3o que beneficiam a coletividade.<\/p>\n\n\n\n<h3 class=\"wp-block-heading\"><strong>4. Transpar\u00eancia e Marco Regulat\u00f3rio<\/strong><\/h3>\n\n\n\n<p>O texto autoriza o recebimento de recursos dentro das regras do Marco Regulat\u00f3rio das Organiza\u00e7\u00f5es da Sociedade Civil (Lei n\u00ba 13.019\/2014), refor\u00e7ando transpar\u00eancia, legalidade e finalidade p\u00fablica.<\/p>\n\n\n\n<p>A \u00fanica recomenda\u00e7\u00e3o da Relatora \u00e9 que, nas etapas seguintes da tramita\u00e7\u00e3o (CCJC ou Plen\u00e1rio), seja avaliada a retirada de men\u00e7\u00f5es espec\u00edficas a CNPJ, evitando personaliza\u00e7\u00e3o da norma.<\/p>\n\n\n\n<p><strong>Diante disso, seu voto foi pela aprova\u00e7\u00e3o integral do PL 2.478\/2025.<\/strong><\/p>\n\n\n\n<hr class=\"wp-block-separator has-alpha-channel-opacity\"\/>\n\n\n\n<h2 class=\"wp-block-heading\"><strong>Import\u00e2ncia do PL para o pa\u00eds<\/strong><\/h2>\n\n\n\n<p>A aprova\u00e7\u00e3o da proposta representa:<\/p>\n\n\n\n<h3 class=\"wp-block-heading\"><strong>\u2713 Fortalecimento da seguran\u00e7a comunit\u00e1ria<\/strong><\/h3>\n\n\n\n<p>Ao ampliar a participa\u00e7\u00e3o democr\u00e1tica e o controle social.<\/p>\n\n\n\n<h3 class=\"wp-block-heading\"><strong>\u2713 Avan\u00e7o na prote\u00e7\u00e3o civil<\/strong><\/h3>\n\n\n\n<p>Contribuindo para preven\u00e7\u00e3o, mitiga\u00e7\u00e3o e resposta a desastres.<\/p>\n\n\n\n<h3 class=\"wp-block-heading\"><strong>\u2713 Coopera\u00e7\u00e3o p\u00fablico-privada eficiente<\/strong><\/h3>\n\n\n\n<p>Com integra\u00e7\u00e3o e otimiza\u00e7\u00e3o de esfor\u00e7os entre institui\u00e7\u00f5es.<\/p>\n\n\n\n<h3 class=\"wp-block-heading\"><strong>\u2713 Valoriza\u00e7\u00e3o e reconhecimento profissional<\/strong><\/h3>\n\n\n\n<p>Especialmente dos Bombeiros Civis, que ganham maior identidade e seguran\u00e7a jur\u00eddica.<\/p>\n\n\n\n<hr class=\"wp-block-separator has-alpha-channel-opacity\"\/>\n\n\n\n<h2 class=\"wp-block-heading\"><strong>Pr\u00f3ximos passos<\/strong><\/h2>\n\n\n\n<p>O parecer agora <strong>aguarda inclus\u00e3o na pauta da CINDRE<\/strong>. Ap\u00f3s vota\u00e7\u00e3o, seguir\u00e1 para as comiss\u00f5es seguintes, podendo avan\u00e7ar \u00e0 CCJC ou ao Plen\u00e1rio, conforme defini\u00e7\u00e3o da Mesa Diretora.<\/p>\n\n\n\n<p>Veja a integra o Relat\u00f3rio:<\/p>\n\n\n\n<div data-wp-interactive=\"core\/file\" class=\"wp-block-file\"><object data-wp-bind--hidden=\"!state.hasPdfPreview\" hidden class=\"wp-block-file__embed\" data=\"https:\/\/conasep.org.br\/noticias\/wp-content\/uploads\/2025\/11\/Parecer-CINDRE-2025-11-04.pdf\" type=\"application\/pdf\" style=\"width:100%;height:600px\" aria-label=\"Incorporado de Parecer-CINDRE-2025-11-04.\"><\/object><a id=\"wp-block-file--media-6c401ed5-3ce3-4076-8667-e097fe76df88\" href=\"https:\/\/conasep.org.br\/noticias\/wp-content\/uploads\/2025\/11\/Parecer-CINDRE-2025-11-04.pdf\">Parecer-CINDRE-2025-11-04<\/a><a href=\"https:\/\/conasep.org.br\/noticias\/wp-content\/uploads\/2025\/11\/Parecer-CINDRE-2025-11-04.pdf\" class=\"wp-block-file__button wp-element-button\" download aria-describedby=\"wp-block-file--media-6c401ed5-3ce3-4076-8667-e097fe76df88\">Baixar<\/a><\/div>\n","protected":false},"excerpt":{"rendered":"<p>A Comiss\u00e3o de Integra\u00e7\u00e3o Nacional e Desenvolvimento Regional (CINDRE) recebeu, no dia 4 de novembro de 2025, o Parecer da Relatora, Deputada Daniela Reinehr (PL\/SC), referente ao Projeto de Lei n\u00ba 2.478, de 2025, de autoria da Deputada Ros\u00e2ngela Reis (MG). O relat\u00f3rio foi protocolado como PRL n\u00ba 1\/2025 \u2014 CINDRE e aguarda inclus\u00e3o na pauta para vota\u00e7\u00e3o. O projeto prop\u00f5e o reconhecimento oficial do relevante interesse coletivo e da import\u00e2ncia social das atividades desempenhadas pelo Conselho Nacional da Seguran\u00e7a Privada (CONASEP), seus Conselhos Comunit\u00e1rios de Seguran\u00e7a Privada (CONSEPRIs) e por seus filiados, incluindo os profissionais Bombeiros Civis. O que diz o Projeto de Lei O PL 2.478\/2025 estabelece que o CONASEP e seus CONSEPRIs s\u00e3o entidades de direito privado, sem fins lucrativos, com car\u00e1ter: A proposta refor\u00e7a que tais entidades atuam no fortalecimento da seguran\u00e7a privada, comunit\u00e1ria e da prote\u00e7\u00e3o civil, estimulando a integra\u00e7\u00e3o da sociedade com \u00f3rg\u00e3os p\u00fablicos e demais institui\u00e7\u00f5es respons\u00e1veis pela seguran\u00e7a. O texto ainda lista compet\u00eancias importantes, como: O projeto tamb\u00e9m reconhece formalmente a nomenclatura \u201cBombeiro Civil\u201d e descreve suas atribui\u00e7\u00f5es \u2014 preven\u00e7\u00e3o e combate a inc\u00eandio, a\u00e7\u00f5es de busca e salvamento, primeiros socorros e gest\u00e3o de riscos. Tramita\u00e7\u00e3o na CINDRE Conforme o relat\u00f3rio, o PL foi distribu\u00eddo \u00e0 Comiss\u00e3o em 12 de junho de 2025.Em 12 de agosto, a Deputada Daniela Reinehr foi designada Relatora. O prazo regimental para apresenta\u00e7\u00e3o de emendas transcorreu entre 14 e 27 de agosto de 2025, sem que nenhuma emenda fosse apresentada, o que demonstra converg\u00eancia quanto ao m\u00e9rito. O voto da Relatora Em seu voto, a Deputada Daniela Reinehr destacou que o projeto apresenta \u201cnot\u00e1vel relev\u00e2ncia social e institucional\u201d ao reconhecer o papel do CONASEP, dos CONSEPRIs e dos Bombeiros Civis na constru\u00e7\u00e3o de uma seguran\u00e7a mais integrada, participativa e preventiva. A Relatora ressaltou: 1. Participa\u00e7\u00e3o Social O PL fortalece o princ\u00edpio constitucional de que a seguran\u00e7a \u00e9 responsabilidade de todos, permitindo que a sociedade participe ativamente da formula\u00e7\u00e3o, avalia\u00e7\u00e3o e acompanhamento das pol\u00edticas de seguran\u00e7a privada e prote\u00e7\u00e3o civil. 2. Coopera\u00e7\u00e3o para Seguran\u00e7a e Prote\u00e7\u00e3o Civil As entidades atuam como ponte entre popula\u00e7\u00e3o, setor privado e \u00f3rg\u00e3os p\u00fablicos, contribuindo para solu\u00e7\u00f5es conjuntas e fortalecendo o pacto federativo. 3. Valoriza\u00e7\u00e3o dos Bombeiros Civis A defini\u00e7\u00e3o clara das atribui\u00e7\u00f5es dos Bombeiros Civis fortalece a categoria e garante padr\u00f5es de atua\u00e7\u00e3o que beneficiam a coletividade. 4. Transpar\u00eancia e Marco Regulat\u00f3rio O texto autoriza o recebimento de recursos dentro das regras do Marco Regulat\u00f3rio das Organiza\u00e7\u00f5es da Sociedade Civil (Lei n\u00ba 13.019\/2014), refor\u00e7ando transpar\u00eancia, legalidade e finalidade p\u00fablica. A \u00fanica recomenda\u00e7\u00e3o da Relatora \u00e9 que, nas etapas seguintes da tramita\u00e7\u00e3o (CCJC ou Plen\u00e1rio), seja avaliada a retirada de men\u00e7\u00f5es espec\u00edficas a CNPJ, evitando personaliza\u00e7\u00e3o da norma. Diante disso, seu voto foi pela aprova\u00e7\u00e3o integral do PL 2.478\/2025. Import\u00e2ncia do PL para o pa\u00eds A aprova\u00e7\u00e3o da proposta representa: \u2713 Fortalecimento da seguran\u00e7a comunit\u00e1ria Ao ampliar a participa\u00e7\u00e3o democr\u00e1tica e o controle social. \u2713 Avan\u00e7o na prote\u00e7\u00e3o civil Contribuindo para preven\u00e7\u00e3o, mitiga\u00e7\u00e3o e resposta a desastres. \u2713 Coopera\u00e7\u00e3o p\u00fablico-privada eficiente Com integra\u00e7\u00e3o e otimiza\u00e7\u00e3o de esfor\u00e7os entre institui\u00e7\u00f5es. \u2713 Valoriza\u00e7\u00e3o e reconhecimento profissional Especialmente dos Bombeiros Civis, que ganham maior identidade e seguran\u00e7a jur\u00eddica. Pr\u00f3ximos passos O parecer agora aguarda inclus\u00e3o na pauta da CINDRE. Ap\u00f3s vota\u00e7\u00e3o, seguir\u00e1 para as comiss\u00f5es seguintes, podendo avan\u00e7ar \u00e0 CCJC ou ao Plen\u00e1rio, conforme defini\u00e7\u00e3o da Mesa Diretora. Veja a integra o Relat\u00f3rio:<\/p>\n","protected":false},"author":6,"featured_media":1982,"comment_status":"open","ping_status":"open","sticky":false,"template":"","format":"standard","meta":{"footnotes":""},"categories":[46],"tags":[],"class_list":["post-1981","post","type-post","status-publish","format-standard","has-post-thumbnail","hentry","category-noticias"],"yoast_head":"<!-- This site is optimized with the Yoast SEO plugin v24.8.1 - https:\/\/yoast.com\/wordpress\/plugins\/seo\/ -->\n<title>CINDRE recebe relat\u00f3rio favor\u00e1vel ao PL 2.478\/2025, que reconhece o interesse coletivo das atividades do CONASEP e dos Bombeiros Civis - Noticias Conasep<\/title>\n<meta name=\"robots\" content=\"index, follow, max-snippet:-1, max-image-preview:large, max-video-preview:-1\" \/>\n<link rel=\"canonical\" href=\"https:\/\/conasep.org.br\/noticias\/cindre-recebe-relatorio-favoravel-ao-pl-2-478-2025-que-reconhece-o-interesse-coletivo-das-atividades-do-conasep-e-dos-bombeiros-civis\/\" \/>\n<meta property=\"og:locale\" content=\"pt_BR\" \/>\n<meta property=\"og:type\" content=\"article\" \/>\n<meta property=\"og:title\" content=\"CINDRE recebe relat\u00f3rio favor\u00e1vel ao PL 2.478\/2025, que reconhece o interesse coletivo das atividades do CONASEP e dos Bombeiros Civis - Noticias Conasep\" \/>\n<meta property=\"og:description\" content=\"A Comiss\u00e3o de Integra\u00e7\u00e3o Nacional e Desenvolvimento Regional (CINDRE) recebeu, no dia 4 de novembro de 2025, o Parecer da Relatora, Deputada Daniela Reinehr (PL\/SC), referente ao Projeto de Lei n\u00ba 2.478, de 2025, de autoria da Deputada Ros\u00e2ngela Reis (MG). O relat\u00f3rio foi protocolado como PRL n\u00ba 1\/2025 \u2014 CINDRE e aguarda inclus\u00e3o na pauta para vota\u00e7\u00e3o. O projeto prop\u00f5e o reconhecimento oficial do relevante interesse coletivo e da import\u00e2ncia social das atividades desempenhadas pelo Conselho Nacional da Seguran\u00e7a Privada (CONASEP), seus Conselhos Comunit\u00e1rios de Seguran\u00e7a Privada (CONSEPRIs) e por seus filiados, incluindo os profissionais Bombeiros Civis. O que diz o Projeto de Lei O PL 2.478\/2025 estabelece que o CONASEP e seus CONSEPRIs s\u00e3o entidades de direito privado, sem fins lucrativos, com car\u00e1ter: A proposta refor\u00e7a que tais entidades atuam no fortalecimento da seguran\u00e7a privada, comunit\u00e1ria e da prote\u00e7\u00e3o civil, estimulando a integra\u00e7\u00e3o da sociedade com \u00f3rg\u00e3os p\u00fablicos e demais institui\u00e7\u00f5es respons\u00e1veis pela seguran\u00e7a. O texto ainda lista compet\u00eancias importantes, como: O projeto tamb\u00e9m reconhece formalmente a nomenclatura \u201cBombeiro Civil\u201d e descreve suas atribui\u00e7\u00f5es \u2014 preven\u00e7\u00e3o e combate a inc\u00eandio, a\u00e7\u00f5es de busca e salvamento, primeiros socorros e gest\u00e3o de riscos. Tramita\u00e7\u00e3o na CINDRE Conforme o relat\u00f3rio, o PL foi distribu\u00eddo \u00e0 Comiss\u00e3o em 12 de junho de 2025.Em 12 de agosto, a Deputada Daniela Reinehr foi designada Relatora. O prazo regimental para apresenta\u00e7\u00e3o de emendas transcorreu entre 14 e 27 de agosto de 2025, sem que nenhuma emenda fosse apresentada, o que demonstra converg\u00eancia quanto ao m\u00e9rito. O voto da Relatora Em seu voto, a Deputada Daniela Reinehr destacou que o projeto apresenta \u201cnot\u00e1vel relev\u00e2ncia social e institucional\u201d ao reconhecer o papel do CONASEP, dos CONSEPRIs e dos Bombeiros Civis na constru\u00e7\u00e3o de uma seguran\u00e7a mais integrada, participativa e preventiva. A Relatora ressaltou: 1. Participa\u00e7\u00e3o Social O PL fortalece o princ\u00edpio constitucional de que a seguran\u00e7a \u00e9 responsabilidade de todos, permitindo que a sociedade participe ativamente da formula\u00e7\u00e3o, avalia\u00e7\u00e3o e acompanhamento das pol\u00edticas de seguran\u00e7a privada e prote\u00e7\u00e3o civil. 2. Coopera\u00e7\u00e3o para Seguran\u00e7a e Prote\u00e7\u00e3o Civil As entidades atuam como ponte entre popula\u00e7\u00e3o, setor privado e \u00f3rg\u00e3os p\u00fablicos, contribuindo para solu\u00e7\u00f5es conjuntas e fortalecendo o pacto federativo. 3. Valoriza\u00e7\u00e3o dos Bombeiros Civis A defini\u00e7\u00e3o clara das atribui\u00e7\u00f5es dos Bombeiros Civis fortalece a categoria e garante padr\u00f5es de atua\u00e7\u00e3o que beneficiam a coletividade. 4. Transpar\u00eancia e Marco Regulat\u00f3rio O texto autoriza o recebimento de recursos dentro das regras do Marco Regulat\u00f3rio das Organiza\u00e7\u00f5es da Sociedade Civil (Lei n\u00ba 13.019\/2014), refor\u00e7ando transpar\u00eancia, legalidade e finalidade p\u00fablica. A \u00fanica recomenda\u00e7\u00e3o da Relatora \u00e9 que, nas etapas seguintes da tramita\u00e7\u00e3o (CCJC ou Plen\u00e1rio), seja avaliada a retirada de men\u00e7\u00f5es espec\u00edficas a CNPJ, evitando personaliza\u00e7\u00e3o da norma. Diante disso, seu voto foi pela aprova\u00e7\u00e3o integral do PL 2.478\/2025. Import\u00e2ncia do PL para o pa\u00eds A aprova\u00e7\u00e3o da proposta representa: \u2713 Fortalecimento da seguran\u00e7a comunit\u00e1ria Ao ampliar a participa\u00e7\u00e3o democr\u00e1tica e o controle social. \u2713 Avan\u00e7o na prote\u00e7\u00e3o civil Contribuindo para preven\u00e7\u00e3o, mitiga\u00e7\u00e3o e resposta a desastres. \u2713 Coopera\u00e7\u00e3o p\u00fablico-privada eficiente Com integra\u00e7\u00e3o e otimiza\u00e7\u00e3o de esfor\u00e7os entre institui\u00e7\u00f5es. \u2713 Valoriza\u00e7\u00e3o e reconhecimento profissional Especialmente dos Bombeiros Civis, que ganham maior identidade e seguran\u00e7a jur\u00eddica. Pr\u00f3ximos passos O parecer agora aguarda inclus\u00e3o na pauta da CINDRE. Ap\u00f3s vota\u00e7\u00e3o, seguir\u00e1 para as comiss\u00f5es seguintes, podendo avan\u00e7ar \u00e0 CCJC ou ao Plen\u00e1rio, conforme defini\u00e7\u00e3o da Mesa Diretora. Veja a integra o Relat\u00f3rio:\" \/>\n<meta property=\"og:url\" content=\"https:\/\/conasep.org.br\/noticias\/cindre-recebe-relatorio-favoravel-ao-pl-2-478-2025-que-reconhece-o-interesse-coletivo-das-atividades-do-conasep-e-dos-bombeiros-civis\/\" \/>\n<meta property=\"og:site_name\" content=\"Noticias Conasep\" \/>\n<meta property=\"article:published_time\" content=\"2025-11-14T18:27:02+00:00\" \/>\n<meta property=\"og:image\" content=\"https:\/\/conasep.org.br\/noticias\/wp-content\/uploads\/2025\/11\/daniela-reinher-26-10-2025.jpg\" \/>\n\t<meta property=\"og:image:width\" content=\"1024\" \/>\n\t<meta property=\"og:image:height\" content=\"683\" \/>\n\t<meta property=\"og:image:type\" content=\"image\/jpeg\" \/>\n<meta name=\"author\" content=\"CONASEP\" \/>\n<meta name=\"twitter:card\" content=\"summary_large_image\" \/>\n<meta name=\"twitter:label1\" content=\"Escrito por\" \/>\n\t<meta name=\"twitter:data1\" content=\"CONASEP\" \/>\n\t<meta name=\"twitter:label2\" content=\"Est. tempo de leitura\" \/>\n\t<meta name=\"twitter:data2\" content=\"4 minutos\" \/>\n<script type=\"application\/ld+json\" class=\"yoast-schema-graph\">{\"@context\":\"https:\/\/schema.org\",\"@graph\":[{\"@type\":\"WebPage\",\"@id\":\"https:\/\/conasep.org.br\/noticias\/cindre-recebe-relatorio-favoravel-ao-pl-2-478-2025-que-reconhece-o-interesse-coletivo-das-atividades-do-conasep-e-dos-bombeiros-civis\/\",\"url\":\"https:\/\/conasep.org.br\/noticias\/cindre-recebe-relatorio-favoravel-ao-pl-2-478-2025-que-reconhece-o-interesse-coletivo-das-atividades-do-conasep-e-dos-bombeiros-civis\/\",\"name\":\"CINDRE recebe relat\u00f3rio favor\u00e1vel ao PL 2.478\/2025, que reconhece o interesse coletivo das atividades do CONASEP e dos Bombeiros Civis - Noticias Conasep\",\"isPartOf\":{\"@id\":\"https:\/\/www.conasep.org.br\/noticias\/#website\"},\"primaryImageOfPage\":{\"@id\":\"https:\/\/conasep.org.br\/noticias\/cindre-recebe-relatorio-favoravel-ao-pl-2-478-2025-que-reconhece-o-interesse-coletivo-das-atividades-do-conasep-e-dos-bombeiros-civis\/#primaryimage\"},\"image\":{\"@id\":\"https:\/\/conasep.org.br\/noticias\/cindre-recebe-relatorio-favoravel-ao-pl-2-478-2025-que-reconhece-o-interesse-coletivo-das-atividades-do-conasep-e-dos-bombeiros-civis\/#primaryimage\"},\"thumbnailUrl\":\"https:\/\/conasep.org.br\/noticias\/wp-content\/uploads\/2025\/11\/daniela-reinher-26-10-2025.jpg\",\"datePublished\":\"2025-11-14T18:27:02+00:00\",\"author\":{\"@id\":\"https:\/\/www.conasep.org.br\/noticias\/#\/schema\/person\/96e446b120d85d108e7ebeb7d82a2c44\"},\"breadcrumb\":{\"@id\":\"https:\/\/conasep.org.br\/noticias\/cindre-recebe-relatorio-favoravel-ao-pl-2-478-2025-que-reconhece-o-interesse-coletivo-das-atividades-do-conasep-e-dos-bombeiros-civis\/#breadcrumb\"},\"inLanguage\":\"pt-BR\",\"potentialAction\":[{\"@type\":\"ReadAction\",\"target\":[\"https:\/\/conasep.org.br\/noticias\/cindre-recebe-relatorio-favoravel-ao-pl-2-478-2025-que-reconhece-o-interesse-coletivo-das-atividades-do-conasep-e-dos-bombeiros-civis\/\"]}]},{\"@type\":\"ImageObject\",\"inLanguage\":\"pt-BR\",\"@id\":\"https:\/\/conasep.org.br\/noticias\/cindre-recebe-relatorio-favoravel-ao-pl-2-478-2025-que-reconhece-o-interesse-coletivo-das-atividades-do-conasep-e-dos-bombeiros-civis\/#primaryimage\",\"url\":\"https:\/\/conasep.org.br\/noticias\/wp-content\/uploads\/2025\/11\/daniela-reinher-26-10-2025.jpg\",\"contentUrl\":\"https:\/\/conasep.org.br\/noticias\/wp-content\/uploads\/2025\/11\/daniela-reinher-26-10-2025.jpg\",\"width\":1024,\"height\":683},{\"@type\":\"BreadcrumbList\",\"@id\":\"https:\/\/conasep.org.br\/noticias\/cindre-recebe-relatorio-favoravel-ao-pl-2-478-2025-que-reconhece-o-interesse-coletivo-das-atividades-do-conasep-e-dos-bombeiros-civis\/#breadcrumb\",\"itemListElement\":[{\"@type\":\"ListItem\",\"position\":1,\"name\":\"In\u00edcio\",\"item\":\"https:\/\/www.conasep.org.br\/noticias\/\"},{\"@type\":\"ListItem\",\"position\":2,\"name\":\"CINDRE recebe relat\u00f3rio favor\u00e1vel ao PL 2.478\/2025, que reconhece o interesse coletivo das atividades do CONASEP e dos Bombeiros Civis\"}]},{\"@type\":\"WebSite\",\"@id\":\"https:\/\/www.conasep.org.br\/noticias\/#website\",\"url\":\"https:\/\/www.conasep.org.br\/noticias\/\",\"name\":\"Noticias Conasep\",\"description\":\"Os melhores conte\u00fados\",\"potentialAction\":[{\"@type\":\"SearchAction\",\"target\":{\"@type\":\"EntryPoint\",\"urlTemplate\":\"https:\/\/www.conasep.org.br\/noticias\/?s={search_term_string}\"},\"query-input\":{\"@type\":\"PropertyValueSpecification\",\"valueRequired\":true,\"valueName\":\"search_term_string\"}}],\"inLanguage\":\"pt-BR\"},{\"@type\":\"Person\",\"@id\":\"https:\/\/www.conasep.org.br\/noticias\/#\/schema\/person\/96e446b120d85d108e7ebeb7d82a2c44\",\"name\":\"CONASEP\",\"image\":{\"@type\":\"ImageObject\",\"inLanguage\":\"pt-BR\",\"@id\":\"https:\/\/www.conasep.org.br\/noticias\/#\/schema\/person\/image\/\",\"url\":\"https:\/\/secure.gravatar.com\/avatar\/17258e04e8f7917cf6d5fea9e29eedbd?s=96&d=mm&r=g\",\"contentUrl\":\"https:\/\/secure.gravatar.com\/avatar\/17258e04e8f7917cf6d5fea9e29eedbd?s=96&d=mm&r=g\",\"caption\":\"CONASEP\"},\"url\":\"https:\/\/conasep.org.br\/noticias\/author\/conasep\/\"}]}<\/script>\n<!-- \/ Yoast SEO plugin. -->","yoast_head_json":{"title":"CINDRE recebe relat\u00f3rio favor\u00e1vel ao PL 2.478\/2025, que reconhece o interesse coletivo das atividades do CONASEP e dos Bombeiros Civis - Noticias Conasep","robots":{"index":"index","follow":"follow","max-snippet":"max-snippet:-1","max-image-preview":"max-image-preview:large","max-video-preview":"max-video-preview:-1"},"canonical":"https:\/\/conasep.org.br\/noticias\/cindre-recebe-relatorio-favoravel-ao-pl-2-478-2025-que-reconhece-o-interesse-coletivo-das-atividades-do-conasep-e-dos-bombeiros-civis\/","og_locale":"pt_BR","og_type":"article","og_title":"CINDRE recebe relat\u00f3rio favor\u00e1vel ao PL 2.478\/2025, que reconhece o interesse coletivo das atividades do CONASEP e dos Bombeiros Civis - Noticias Conasep","og_description":"A Comiss\u00e3o de Integra\u00e7\u00e3o Nacional e Desenvolvimento Regional (CINDRE) recebeu, no dia 4 de novembro de 2025, o Parecer da Relatora, Deputada Daniela Reinehr (PL\/SC), referente ao Projeto de Lei n\u00ba 2.478, de 2025, de autoria da Deputada Ros\u00e2ngela Reis (MG). O relat\u00f3rio foi protocolado como PRL n\u00ba 1\/2025 \u2014 CINDRE e aguarda inclus\u00e3o na pauta para vota\u00e7\u00e3o. O projeto prop\u00f5e o reconhecimento oficial do relevante interesse coletivo e da import\u00e2ncia social das atividades desempenhadas pelo Conselho Nacional da Seguran\u00e7a Privada (CONASEP), seus Conselhos Comunit\u00e1rios de Seguran\u00e7a Privada (CONSEPRIs) e por seus filiados, incluindo os profissionais Bombeiros Civis. O que diz o Projeto de Lei O PL 2.478\/2025 estabelece que o CONASEP e seus CONSEPRIs s\u00e3o entidades de direito privado, sem fins lucrativos, com car\u00e1ter: A proposta refor\u00e7a que tais entidades atuam no fortalecimento da seguran\u00e7a privada, comunit\u00e1ria e da prote\u00e7\u00e3o civil, estimulando a integra\u00e7\u00e3o da sociedade com \u00f3rg\u00e3os p\u00fablicos e demais institui\u00e7\u00f5es respons\u00e1veis pela seguran\u00e7a. O texto ainda lista compet\u00eancias importantes, como: O projeto tamb\u00e9m reconhece formalmente a nomenclatura \u201cBombeiro Civil\u201d e descreve suas atribui\u00e7\u00f5es \u2014 preven\u00e7\u00e3o e combate a inc\u00eandio, a\u00e7\u00f5es de busca e salvamento, primeiros socorros e gest\u00e3o de riscos. Tramita\u00e7\u00e3o na CINDRE Conforme o relat\u00f3rio, o PL foi distribu\u00eddo \u00e0 Comiss\u00e3o em 12 de junho de 2025.Em 12 de agosto, a Deputada Daniela Reinehr foi designada Relatora. O prazo regimental para apresenta\u00e7\u00e3o de emendas transcorreu entre 14 e 27 de agosto de 2025, sem que nenhuma emenda fosse apresentada, o que demonstra converg\u00eancia quanto ao m\u00e9rito. O voto da Relatora Em seu voto, a Deputada Daniela Reinehr destacou que o projeto apresenta \u201cnot\u00e1vel relev\u00e2ncia social e institucional\u201d ao reconhecer o papel do CONASEP, dos CONSEPRIs e dos Bombeiros Civis na constru\u00e7\u00e3o de uma seguran\u00e7a mais integrada, participativa e preventiva. A Relatora ressaltou: 1. Participa\u00e7\u00e3o Social O PL fortalece o princ\u00edpio constitucional de que a seguran\u00e7a \u00e9 responsabilidade de todos, permitindo que a sociedade participe ativamente da formula\u00e7\u00e3o, avalia\u00e7\u00e3o e acompanhamento das pol\u00edticas de seguran\u00e7a privada e prote\u00e7\u00e3o civil. 2. Coopera\u00e7\u00e3o para Seguran\u00e7a e Prote\u00e7\u00e3o Civil As entidades atuam como ponte entre popula\u00e7\u00e3o, setor privado e \u00f3rg\u00e3os p\u00fablicos, contribuindo para solu\u00e7\u00f5es conjuntas e fortalecendo o pacto federativo. 3. Valoriza\u00e7\u00e3o dos Bombeiros Civis A defini\u00e7\u00e3o clara das atribui\u00e7\u00f5es dos Bombeiros Civis fortalece a categoria e garante padr\u00f5es de atua\u00e7\u00e3o que beneficiam a coletividade. 4. Transpar\u00eancia e Marco Regulat\u00f3rio O texto autoriza o recebimento de recursos dentro das regras do Marco Regulat\u00f3rio das Organiza\u00e7\u00f5es da Sociedade Civil (Lei n\u00ba 13.019\/2014), refor\u00e7ando transpar\u00eancia, legalidade e finalidade p\u00fablica. A \u00fanica recomenda\u00e7\u00e3o da Relatora \u00e9 que, nas etapas seguintes da tramita\u00e7\u00e3o (CCJC ou Plen\u00e1rio), seja avaliada a retirada de men\u00e7\u00f5es espec\u00edficas a CNPJ, evitando personaliza\u00e7\u00e3o da norma. Diante disso, seu voto foi pela aprova\u00e7\u00e3o integral do PL 2.478\/2025. Import\u00e2ncia do PL para o pa\u00eds A aprova\u00e7\u00e3o da proposta representa: \u2713 Fortalecimento da seguran\u00e7a comunit\u00e1ria Ao ampliar a participa\u00e7\u00e3o democr\u00e1tica e o controle social. \u2713 Avan\u00e7o na prote\u00e7\u00e3o civil Contribuindo para preven\u00e7\u00e3o, mitiga\u00e7\u00e3o e resposta a desastres. \u2713 Coopera\u00e7\u00e3o p\u00fablico-privada eficiente Com integra\u00e7\u00e3o e otimiza\u00e7\u00e3o de esfor\u00e7os entre institui\u00e7\u00f5es. \u2713 Valoriza\u00e7\u00e3o e reconhecimento profissional Especialmente dos Bombeiros Civis, que ganham maior identidade e seguran\u00e7a jur\u00eddica. Pr\u00f3ximos passos O parecer agora aguarda inclus\u00e3o na pauta da CINDRE. Ap\u00f3s vota\u00e7\u00e3o, seguir\u00e1 para as comiss\u00f5es seguintes, podendo avan\u00e7ar \u00e0 CCJC ou ao Plen\u00e1rio, conforme defini\u00e7\u00e3o da Mesa Diretora. Veja a integra o Relat\u00f3rio:","og_url":"https:\/\/conasep.org.br\/noticias\/cindre-recebe-relatorio-favoravel-ao-pl-2-478-2025-que-reconhece-o-interesse-coletivo-das-atividades-do-conasep-e-dos-bombeiros-civis\/","og_site_name":"Noticias Conasep","article_published_time":"2025-11-14T18:27:02+00:00","og_image":[{"width":1024,"height":683,"url":"https:\/\/conasep.org.br\/noticias\/wp-content\/uploads\/2025\/11\/daniela-reinher-26-10-2025.jpg","type":"image\/jpeg"}],"author":"CONASEP","twitter_card":"summary_large_image","twitter_misc":{"Escrito por":"CONASEP","Est. tempo de leitura":"4 minutos"},"schema":{"@context":"https:\/\/schema.org","@graph":[{"@type":"WebPage","@id":"https:\/\/conasep.org.br\/noticias\/cindre-recebe-relatorio-favoravel-ao-pl-2-478-2025-que-reconhece-o-interesse-coletivo-das-atividades-do-conasep-e-dos-bombeiros-civis\/","url":"https:\/\/conasep.org.br\/noticias\/cindre-recebe-relatorio-favoravel-ao-pl-2-478-2025-que-reconhece-o-interesse-coletivo-das-atividades-do-conasep-e-dos-bombeiros-civis\/","name":"CINDRE recebe relat\u00f3rio favor\u00e1vel ao PL 2.478\/2025, que reconhece o interesse coletivo das atividades do CONASEP e dos Bombeiros Civis - Noticias Conasep","isPartOf":{"@id":"https:\/\/www.conasep.org.br\/noticias\/#website"},"primaryImageOfPage":{"@id":"https:\/\/conasep.org.br\/noticias\/cindre-recebe-relatorio-favoravel-ao-pl-2-478-2025-que-reconhece-o-interesse-coletivo-das-atividades-do-conasep-e-dos-bombeiros-civis\/#primaryimage"},"image":{"@id":"https:\/\/conasep.org.br\/noticias\/cindre-recebe-relatorio-favoravel-ao-pl-2-478-2025-que-reconhece-o-interesse-coletivo-das-atividades-do-conasep-e-dos-bombeiros-civis\/#primaryimage"},"thumbnailUrl":"https:\/\/conasep.org.br\/noticias\/wp-content\/uploads\/2025\/11\/daniela-reinher-26-10-2025.jpg","datePublished":"2025-11-14T18:27:02+00:00","author":{"@id":"https:\/\/www.conasep.org.br\/noticias\/#\/schema\/person\/96e446b120d85d108e7ebeb7d82a2c44"},"breadcrumb":{"@id":"https:\/\/conasep.org.br\/noticias\/cindre-recebe-relatorio-favoravel-ao-pl-2-478-2025-que-reconhece-o-interesse-coletivo-das-atividades-do-conasep-e-dos-bombeiros-civis\/#breadcrumb"},"inLanguage":"pt-BR","potentialAction":[{"@type":"ReadAction","target":["https:\/\/conasep.org.br\/noticias\/cindre-recebe-relatorio-favoravel-ao-pl-2-478-2025-que-reconhece-o-interesse-coletivo-das-atividades-do-conasep-e-dos-bombeiros-civis\/"]}]},{"@type":"ImageObject","inLanguage":"pt-BR","@id":"https:\/\/conasep.org.br\/noticias\/cindre-recebe-relatorio-favoravel-ao-pl-2-478-2025-que-reconhece-o-interesse-coletivo-das-atividades-do-conasep-e-dos-bombeiros-civis\/#primaryimage","url":"https:\/\/conasep.org.br\/noticias\/wp-content\/uploads\/2025\/11\/daniela-reinher-26-10-2025.jpg","contentUrl":"https:\/\/conasep.org.br\/noticias\/wp-content\/uploads\/2025\/11\/daniela-reinher-26-10-2025.jpg","width":1024,"height":683},{"@type":"BreadcrumbList","@id":"https:\/\/conasep.org.br\/noticias\/cindre-recebe-relatorio-favoravel-ao-pl-2-478-2025-que-reconhece-o-interesse-coletivo-das-atividades-do-conasep-e-dos-bombeiros-civis\/#breadcrumb","itemListElement":[{"@type":"ListItem","position":1,"name":"In\u00edcio","item":"https:\/\/www.conasep.org.br\/noticias\/"},{"@type":"ListItem","position":2,"name":"CINDRE recebe relat\u00f3rio favor\u00e1vel ao PL 2.478\/2025, que reconhece o interesse coletivo das atividades do CONASEP e dos Bombeiros Civis"}]},{"@type":"WebSite","@id":"https:\/\/www.conasep.org.br\/noticias\/#website","url":"https:\/\/www.conasep.org.br\/noticias\/","name":"Noticias Conasep","description":"Os melhores conte\u00fados","potentialAction":[{"@type":"SearchAction","target":{"@type":"EntryPoint","urlTemplate":"https:\/\/www.conasep.org.br\/noticias\/?s={search_term_string}"},"query-input":{"@type":"PropertyValueSpecification","valueRequired":true,"valueName":"search_term_string"}}],"inLanguage":"pt-BR"},{"@type":"Person","@id":"https:\/\/www.conasep.org.br\/noticias\/#\/schema\/person\/96e446b120d85d108e7ebeb7d82a2c44","name":"CONASEP","image":{"@type":"ImageObject","inLanguage":"pt-BR","@id":"https:\/\/www.conasep.org.br\/noticias\/#\/schema\/person\/image\/","url":"https:\/\/secure.gravatar.com\/avatar\/17258e04e8f7917cf6d5fea9e29eedbd?s=96&d=mm&r=g","contentUrl":"https:\/\/secure.gravatar.com\/avatar\/17258e04e8f7917cf6d5fea9e29eedbd?s=96&d=mm&r=g","caption":"CONASEP"},"url":"https:\/\/conasep.org.br\/noticias\/author\/conasep\/"}]}},"_links":{"self":[{"href":"https:\/\/conasep.org.br\/noticias\/wp-json\/wp\/v2\/posts\/1981","targetHints":{"allow":["GET"]}}],"collection":[{"href":"https:\/\/conasep.org.br\/noticias\/wp-json\/wp\/v2\/posts"}],"about":[{"href":"https:\/\/conasep.org.br\/noticias\/wp-json\/wp\/v2\/types\/post"}],"author":[{"embeddable":true,"href":"https:\/\/conasep.org.br\/noticias\/wp-json\/wp\/v2\/users\/6"}],"replies":[{"embeddable":true,"href":"https:\/\/conasep.org.br\/noticias\/wp-json\/wp\/v2\/comments?post=1981"}],"version-history":[{"count":1,"href":"https:\/\/conasep.org.br\/noticias\/wp-json\/wp\/v2\/posts\/1981\/revisions"}],"predecessor-version":[{"id":1984,"href":"https:\/\/conasep.org.br\/noticias\/wp-json\/wp\/v2\/posts\/1981\/revisions\/1984"}],"wp:featuredmedia":[{"embeddable":true,"href":"https:\/\/conasep.org.br\/noticias\/wp-json\/wp\/v2\/media\/1982"}],"wp:attachment":[{"href":"https:\/\/conasep.org.br\/noticias\/wp-json\/wp\/v2\/media?parent=1981"}],"wp:term":[{"taxonomy":"category","embeddable":true,"href":"https:\/\/conasep.org.br\/noticias\/wp-json\/wp\/v2\/categories?post=1981"},{"taxonomy":"post_tag","embeddable":true,"href":"https:\/\/conasep.org.br\/noticias\/wp-json\/wp\/v2\/tags?post=1981"}],"curies":[{"name":"wp","href":"https:\/\/api.w.org\/{rel}","templated":true}]}}