{"id":1986,"date":"2025-11-18T21:45:24","date_gmt":"2025-11-18T21:45:24","guid":{"rendered":"https:\/\/conasep.org.br\/noticias\/?p=1986"},"modified":"2025-11-18T21:45:25","modified_gmt":"2025-11-18T21:45:25","slug":"conasep-ganha-protagonismo-nacional-com-duas-indicacoes-apresentadas-pela-deputada-rosangela-reis-na-camara-dos-deputados","status":"publish","type":"post","link":"https:\/\/conasep.org.br\/noticias\/conasep-ganha-protagonismo-nacional-com-duas-indicacoes-apresentadas-pela-deputada-rosangela-reis-na-camara-dos-deputados\/","title":{"rendered":"CONASEP ganha protagonismo nacional com duas Indica\u00e7\u00f5es apresentadas pela Deputada Ros\u00e2ngela Reis na C\u00e2mara dos Deputados"},"content":{"rendered":"\n<p>A Deputada Federal <strong>Ros\u00e2ngela Reis (PL\/MG)<\/strong> apresentou, no dia 18 de novembro de 2025, <strong>duas Indica\u00e7\u00f5es de grande relev\u00e2ncia nacional<\/strong> voltadas ao fortalecimento da fiscaliza\u00e7\u00e3o, da legalidade e da prote\u00e7\u00e3o trabalhista no setor da seguran\u00e7a privada e bombeiros civis. As medidas atendem a demandas do <strong>Conselho Nacional da Seguran\u00e7a Privada \u2013 CONASEP<\/strong>, entidade que vem atuando de forma intensa no combate \u00e0s irregularidades e na defesa dos profissionais do segmento em todo o pa\u00eds.<\/p>\n\n\n\n<p>As Indica\u00e7\u00f5es protocoladas foram:<\/p>\n\n\n\n<h3 class=\"wp-block-heading\"><strong>\u27a1\ufe0f <a href=\"https:\/\/www.camara.leg.br\/proposicoesWeb\/fichadetramitacao?idProposicao=2582512\">Indica\u00e7\u00e3o n\u00ba 2.813\/2025 \u2014 Ao Minist\u00e9rio da Justi\u00e7a e Seguran\u00e7a P\u00fablica<\/a><\/strong><\/h3>\n\n\n\n<p><em><a href=\"https:\/\/www.camara.leg.br\/proposicoesWeb\/fichadetramitacao?idProposicao=2586367\">Solicita a inclus\u00e3o do CONASEP na Comiss\u00e3o Consultiva para Assuntos de Seguran\u00e7a Privada (CCASP) e a celebra\u00e7\u00e3o de acordo de coopera\u00e7\u00e3o t\u00e9cnica com a Pol\u00edcia Federal.<\/a><\/em><\/p>\n\n\n\n<h3 class=\"wp-block-heading\"><strong>\u27a1\ufe0f <a href=\"https:\/\/www.camara.leg.br\/proposicoesWeb\/fichadetramitacao?idProposicao=2586363\">Indica\u00e7\u00e3o n\u00ba 2.812\/2025 \u2014 \u00c0 Procuradoria-Geral da Rep\u00fablica<\/a><\/strong><\/h3>\n\n\n\n<p><em><a href=\"https:\/\/www.camara.leg.br\/proposicoesWeb\/fichadetramitacao?idProposicao=2586363\">Solicita que o Minist\u00e9rio P\u00fablico do Trabalho avalie acordo de coopera\u00e7\u00e3o t\u00e9cnica com o CONASEP para fortalecer a apura\u00e7\u00e3o de den\u00fancias trabalhistas e o combate ao descumprimento das Conven\u00e7\u00f5es Coletivas de Trabalho<\/a>.<\/em><\/p>\n\n\n\n<hr class=\"wp-block-separator has-alpha-channel-opacity\"\/>\n\n\n\n<h2 class=\"wp-block-heading\"><strong>Indica\u00e7\u00e3o n\u00ba 2.813\/2025 \u2014 Coopera\u00e7\u00e3o entre o CONASEP, MJSP e Pol\u00edcia Federal<\/strong><\/h2>\n\n\n\n<p>Na <strong>Indica\u00e7\u00e3o n\u00ba 2.813\/2025<\/strong>, a deputada sugere ao <strong>Minist\u00e9rio da Justi\u00e7a e Seguran\u00e7a P\u00fablica<\/strong>:<\/p>\n\n\n\n<ul class=\"wp-block-list\">\n<li>A <strong>inclus\u00e3o do CONASEP<\/strong> como membro da <strong>CCASP<\/strong>, \u00f3rg\u00e3o respons\u00e1vel por subsidiar a formula\u00e7\u00e3o das pol\u00edticas de fiscaliza\u00e7\u00e3o da seguran\u00e7a privada no Brasil;<\/li>\n\n\n\n<li>A celebra\u00e7\u00e3o de <strong>acordo de coopera\u00e7\u00e3o t\u00e9cnica entre a Pol\u00edcia Federal e o CONASEP<\/strong>, visando fortalecer a\u00e7\u00f5es de fiscaliza\u00e7\u00e3o, combate \u00e0 clandestinidade e aprimoramento do recebimento e encaminhamento de den\u00fancias.<\/li>\n<\/ul>\n\n\n\n<p>Ros\u00e2ngela Reis ressaltou que o CONASEP, entidade <strong>sem fins lucrativos e sem vi\u00e9s sindical<\/strong>, possui atua\u00e7\u00e3o nacional, expertise t\u00e9cnica e hist\u00f3rico de colabora\u00e7\u00f5es significativas com \u00f3rg\u00e3os p\u00fablicos. A deputada destacou ainda que o Conselho encaminha den\u00fancias formais constantes sobre empresas clandestinas, profissionais n\u00e3o habilitados e outras irregularidades que colocam em risco trabalhadores e a sociedade.<\/p>\n\n\n\n<p>A parlamentar afirma que a participa\u00e7\u00e3o do CONASEP na CCASP \u201cqualifica os debates, fortalece a legalidade e garante maior capilaridade na fiscaliza\u00e7\u00e3o do setor\u201d.<\/p>\n\n\n\n<div data-wp-interactive=\"core\/file\" class=\"wp-block-file\"><object data-wp-bind--hidden=\"!state.hasPdfPreview\" hidden class=\"wp-block-file__embed\" data=\"https:\/\/conasep.org.br\/noticias\/wp-content\/uploads\/2025\/11\/INC-2813-2025.pdf\" type=\"application\/pdf\" style=\"width:100%;height:600px\" aria-label=\"Incorporado de INC-2813-2025.\"><\/object><a id=\"wp-block-file--media-a122a197-4f0e-402a-962e-4667fa6debb2\" href=\"https:\/\/conasep.org.br\/noticias\/wp-content\/uploads\/2025\/11\/INC-2813-2025.pdf\">INC-2813-2025<\/a><a href=\"https:\/\/conasep.org.br\/noticias\/wp-content\/uploads\/2025\/11\/INC-2813-2025.pdf\" class=\"wp-block-file__button wp-element-button\" download aria-describedby=\"wp-block-file--media-a122a197-4f0e-402a-962e-4667fa6debb2\">Baixar<\/a><\/div>\n\n\n\n<hr class=\"wp-block-separator has-alpha-channel-opacity\"\/>\n\n\n\n<h2 class=\"wp-block-heading\"><strong>Indica\u00e7\u00e3o n\u00ba 2.812\/2025 \u2014 Coopera\u00e7\u00e3o entre o CONASEP e o Minist\u00e9rio P\u00fablico do Trabalho<\/strong><\/h2>\n\n\n\n<p>J\u00e1 a <strong>Indica\u00e7\u00e3o n\u00ba 2.812\/2025<\/strong>, encaminhada ao <strong>Procurador-Geral da Rep\u00fablica, Paulo Gonet Branco<\/strong>, solicita que o <strong>Minist\u00e9rio P\u00fablico do Trabalho (MPT)<\/strong> avalie a possibilidade de firmar <strong>acordo de coopera\u00e7\u00e3o t\u00e9cnica com o CONASEP<\/strong>, visando fortalecer:<\/p>\n\n\n\n<ul class=\"wp-block-list\">\n<li>A an\u00e1lise de den\u00fancias trabalhistas;<\/li>\n\n\n\n<li>O cumprimento das <strong>Conven\u00e7\u00f5es Coletivas de Trabalho<\/strong>;<\/li>\n\n\n\n<li>A investiga\u00e7\u00e3o de irregularidades envolvendo vigilantes, seguran\u00e7as e bombeiros civis em todo o pa\u00eds.<\/li>\n<\/ul>\n\n\n\n<p>Ros\u00e2ngela Reis enfatiza que o CONASEP possui vasta capilaridade e re\u00fane <strong>diagn\u00f3sticos precisos<\/strong> sobre viola\u00e7\u00f5es trabalhistas, como:<\/p>\n\n\n\n<ul class=\"wp-block-list\">\n<li>jornadas excessivas sem controle,<\/li>\n\n\n\n<li>aus\u00eancia de registro profissional,<\/li>\n\n\n\n<li>descumprimento de cl\u00e1usulas de CCTs,<\/li>\n\n\n\n<li>uso irregular de m\u00e3o de obra,<\/li>\n\n\n\n<li>pr\u00e1ticas que comprometem sa\u00fade, seguran\u00e7a e dignidade dos profissionais.<\/li>\n<\/ul>\n\n\n\n<p>Para a deputada, a parceria institucional com o MPT permitir\u00e1 maior celeridade e qualifica\u00e7\u00e3o das investiga\u00e7\u00f5es, ampliando a prote\u00e7\u00e3o a milhares de trabalhadores da seguran\u00e7a privada e bombeiros civis.<\/p>\n\n\n\n<div data-wp-interactive=\"core\/file\" class=\"wp-block-file\"><object data-wp-bind--hidden=\"!state.hasPdfPreview\" hidden class=\"wp-block-file__embed\" data=\"https:\/\/conasep.org.br\/noticias\/wp-content\/uploads\/2025\/11\/INC-2812-2025.pdf\" type=\"application\/pdf\" style=\"width:100%;height:600px\" aria-label=\"Incorporado de INC-2812-2025.\"><\/object><a id=\"wp-block-file--media-438899ba-7cf5-47c9-aa44-53a62743b90b\" href=\"https:\/\/conasep.org.br\/noticias\/wp-content\/uploads\/2025\/11\/INC-2812-2025.pdf\">INC-2812-2025<\/a><a href=\"https:\/\/conasep.org.br\/noticias\/wp-content\/uploads\/2025\/11\/INC-2812-2025.pdf\" class=\"wp-block-file__button wp-element-button\" download aria-describedby=\"wp-block-file--media-438899ba-7cf5-47c9-aa44-53a62743b90b\">Baixar<\/a><\/div>\n\n\n\n<hr class=\"wp-block-separator has-alpha-channel-opacity\"\/>\n\n\n\n<h2 class=\"wp-block-heading\"><strong>Fortalecimento nacional do setor com participa\u00e7\u00e3o ativa do CONASEP<\/strong><\/h2>\n\n\n\n<p>As duas Indica\u00e7\u00f5es refor\u00e7am a relev\u00e2ncia do <strong>CONASEP<\/strong> como entidade t\u00e9cnica de alcance nacional e refer\u00eancia na defesa da legalidade e dos direitos dos profissionais de seguran\u00e7a privada e bombeiros civis. O protagonismo da entidade na articula\u00e7\u00e3o com o Poder P\u00fablico tem contribu\u00eddo para avan\u00e7os significativos, especialmente no combate \u00e0 clandestinidade, na identifica\u00e7\u00e3o de irregularidades e no fornecimento de informa\u00e7\u00f5es qualificadas aos \u00f3rg\u00e3os de fiscaliza\u00e7\u00e3o.<\/p>\n","protected":false},"excerpt":{"rendered":"<p>A Deputada Federal Ros\u00e2ngela Reis (PL\/MG) apresentou, no dia 18 de novembro de 2025, duas Indica\u00e7\u00f5es de grande relev\u00e2ncia nacional voltadas ao fortalecimento da fiscaliza\u00e7\u00e3o, da legalidade e da prote\u00e7\u00e3o trabalhista no setor da seguran\u00e7a privada e bombeiros civis. As medidas atendem a demandas do Conselho Nacional da Seguran\u00e7a Privada \u2013 CONASEP, entidade que vem atuando de forma intensa no combate \u00e0s irregularidades e na defesa dos profissionais do segmento em todo o pa\u00eds. As Indica\u00e7\u00f5es protocoladas foram: \u27a1\ufe0f Indica\u00e7\u00e3o n\u00ba 2.813\/2025 \u2014 Ao Minist\u00e9rio da Justi\u00e7a e Seguran\u00e7a P\u00fablica Solicita a inclus\u00e3o do CONASEP na Comiss\u00e3o Consultiva para Assuntos de Seguran\u00e7a Privada (CCASP) e a celebra\u00e7\u00e3o de acordo de coopera\u00e7\u00e3o t\u00e9cnica com a Pol\u00edcia Federal. \u27a1\ufe0f Indica\u00e7\u00e3o n\u00ba 2.812\/2025 \u2014 \u00c0 Procuradoria-Geral da Rep\u00fablica Solicita que o Minist\u00e9rio P\u00fablico do Trabalho avalie acordo de coopera\u00e7\u00e3o t\u00e9cnica com o CONASEP para fortalecer a apura\u00e7\u00e3o de den\u00fancias trabalhistas e o combate ao descumprimento das Conven\u00e7\u00f5es Coletivas de Trabalho. Indica\u00e7\u00e3o n\u00ba 2.813\/2025 \u2014 Coopera\u00e7\u00e3o entre o CONASEP, MJSP e Pol\u00edcia Federal Na Indica\u00e7\u00e3o n\u00ba 2.813\/2025, a deputada sugere ao Minist\u00e9rio da Justi\u00e7a e Seguran\u00e7a P\u00fablica: Ros\u00e2ngela Reis ressaltou que o CONASEP, entidade sem fins lucrativos e sem vi\u00e9s sindical, possui atua\u00e7\u00e3o nacional, expertise t\u00e9cnica e hist\u00f3rico de colabora\u00e7\u00f5es significativas com \u00f3rg\u00e3os p\u00fablicos. A deputada destacou ainda que o Conselho encaminha den\u00fancias formais constantes sobre empresas clandestinas, profissionais n\u00e3o habilitados e outras irregularidades que colocam em risco trabalhadores e a sociedade. A parlamentar afirma que a participa\u00e7\u00e3o do CONASEP na CCASP \u201cqualifica os debates, fortalece a legalidade e garante maior capilaridade na fiscaliza\u00e7\u00e3o do setor\u201d. Indica\u00e7\u00e3o n\u00ba 2.812\/2025 \u2014 Coopera\u00e7\u00e3o entre o CONASEP e o Minist\u00e9rio P\u00fablico do Trabalho J\u00e1 a Indica\u00e7\u00e3o n\u00ba 2.812\/2025, encaminhada ao Procurador-Geral da Rep\u00fablica, Paulo Gonet Branco, solicita que o Minist\u00e9rio P\u00fablico do Trabalho (MPT) avalie a possibilidade de firmar acordo de coopera\u00e7\u00e3o t\u00e9cnica com o CONASEP, visando fortalecer: Ros\u00e2ngela Reis enfatiza que o CONASEP possui vasta capilaridade e re\u00fane diagn\u00f3sticos precisos sobre viola\u00e7\u00f5es trabalhistas, como: Para a deputada, a parceria institucional com o MPT permitir\u00e1 maior celeridade e qualifica\u00e7\u00e3o das investiga\u00e7\u00f5es, ampliando a prote\u00e7\u00e3o a milhares de trabalhadores da seguran\u00e7a privada e bombeiros civis. Fortalecimento nacional do setor com participa\u00e7\u00e3o ativa do CONASEP As duas Indica\u00e7\u00f5es refor\u00e7am a relev\u00e2ncia do CONASEP como entidade t\u00e9cnica de alcance nacional e refer\u00eancia na defesa da legalidade e dos direitos dos profissionais de seguran\u00e7a privada e bombeiros civis. O protagonismo da entidade na articula\u00e7\u00e3o com o Poder P\u00fablico tem contribu\u00eddo para avan\u00e7os significativos, especialmente no combate \u00e0 clandestinidade, na identifica\u00e7\u00e3o de irregularidades e no fornecimento de informa\u00e7\u00f5es qualificadas aos \u00f3rg\u00e3os de fiscaliza\u00e7\u00e3o.<\/p>\n","protected":false},"author":6,"featured_media":1593,"comment_status":"open","ping_status":"open","sticky":false,"template":"","format":"standard","meta":{"footnotes":""},"categories":[46],"tags":[],"class_list":["post-1986","post","type-post","status-publish","format-standard","has-post-thumbnail","hentry","category-noticias"],"yoast_head":"<!-- This site is optimized with the Yoast SEO plugin v24.8.1 - https:\/\/yoast.com\/wordpress\/plugins\/seo\/ -->\n<title>CONASEP ganha protagonismo nacional com duas Indica\u00e7\u00f5es apresentadas pela Deputada Ros\u00e2ngela Reis na C\u00e2mara dos Deputados - Noticias Conasep<\/title>\n<meta name=\"robots\" content=\"index, follow, max-snippet:-1, max-image-preview:large, max-video-preview:-1\" \/>\n<link rel=\"canonical\" href=\"https:\/\/conasep.org.br\/noticias\/conasep-ganha-protagonismo-nacional-com-duas-indicacoes-apresentadas-pela-deputada-rosangela-reis-na-camara-dos-deputados\/\" \/>\n<meta property=\"og:locale\" content=\"pt_BR\" \/>\n<meta property=\"og:type\" content=\"article\" \/>\n<meta property=\"og:title\" content=\"CONASEP ganha protagonismo nacional com duas Indica\u00e7\u00f5es apresentadas pela Deputada Ros\u00e2ngela Reis na C\u00e2mara dos Deputados - Noticias Conasep\" \/>\n<meta property=\"og:description\" content=\"A Deputada Federal Ros\u00e2ngela Reis (PL\/MG) apresentou, no dia 18 de novembro de 2025, duas Indica\u00e7\u00f5es de grande relev\u00e2ncia nacional voltadas ao fortalecimento da fiscaliza\u00e7\u00e3o, da legalidade e da prote\u00e7\u00e3o trabalhista no setor da seguran\u00e7a privada e bombeiros civis. As medidas atendem a demandas do Conselho Nacional da Seguran\u00e7a Privada \u2013 CONASEP, entidade que vem atuando de forma intensa no combate \u00e0s irregularidades e na defesa dos profissionais do segmento em todo o pa\u00eds. As Indica\u00e7\u00f5es protocoladas foram: \u27a1\ufe0f Indica\u00e7\u00e3o n\u00ba 2.813\/2025 \u2014 Ao Minist\u00e9rio da Justi\u00e7a e Seguran\u00e7a P\u00fablica Solicita a inclus\u00e3o do CONASEP na Comiss\u00e3o Consultiva para Assuntos de Seguran\u00e7a Privada (CCASP) e a celebra\u00e7\u00e3o de acordo de coopera\u00e7\u00e3o t\u00e9cnica com a Pol\u00edcia Federal. \u27a1\ufe0f Indica\u00e7\u00e3o n\u00ba 2.812\/2025 \u2014 \u00c0 Procuradoria-Geral da Rep\u00fablica Solicita que o Minist\u00e9rio P\u00fablico do Trabalho avalie acordo de coopera\u00e7\u00e3o t\u00e9cnica com o CONASEP para fortalecer a apura\u00e7\u00e3o de den\u00fancias trabalhistas e o combate ao descumprimento das Conven\u00e7\u00f5es Coletivas de Trabalho. Indica\u00e7\u00e3o n\u00ba 2.813\/2025 \u2014 Coopera\u00e7\u00e3o entre o CONASEP, MJSP e Pol\u00edcia Federal Na Indica\u00e7\u00e3o n\u00ba 2.813\/2025, a deputada sugere ao Minist\u00e9rio da Justi\u00e7a e Seguran\u00e7a P\u00fablica: Ros\u00e2ngela Reis ressaltou que o CONASEP, entidade sem fins lucrativos e sem vi\u00e9s sindical, possui atua\u00e7\u00e3o nacional, expertise t\u00e9cnica e hist\u00f3rico de colabora\u00e7\u00f5es significativas com \u00f3rg\u00e3os p\u00fablicos. A deputada destacou ainda que o Conselho encaminha den\u00fancias formais constantes sobre empresas clandestinas, profissionais n\u00e3o habilitados e outras irregularidades que colocam em risco trabalhadores e a sociedade. A parlamentar afirma que a participa\u00e7\u00e3o do CONASEP na CCASP \u201cqualifica os debates, fortalece a legalidade e garante maior capilaridade na fiscaliza\u00e7\u00e3o do setor\u201d. Indica\u00e7\u00e3o n\u00ba 2.812\/2025 \u2014 Coopera\u00e7\u00e3o entre o CONASEP e o Minist\u00e9rio P\u00fablico do Trabalho J\u00e1 a Indica\u00e7\u00e3o n\u00ba 2.812\/2025, encaminhada ao Procurador-Geral da Rep\u00fablica, Paulo Gonet Branco, solicita que o Minist\u00e9rio P\u00fablico do Trabalho (MPT) avalie a possibilidade de firmar acordo de coopera\u00e7\u00e3o t\u00e9cnica com o CONASEP, visando fortalecer: Ros\u00e2ngela Reis enfatiza que o CONASEP possui vasta capilaridade e re\u00fane diagn\u00f3sticos precisos sobre viola\u00e7\u00f5es trabalhistas, como: Para a deputada, a parceria institucional com o MPT permitir\u00e1 maior celeridade e qualifica\u00e7\u00e3o das investiga\u00e7\u00f5es, ampliando a prote\u00e7\u00e3o a milhares de trabalhadores da seguran\u00e7a privada e bombeiros civis. Fortalecimento nacional do setor com participa\u00e7\u00e3o ativa do CONASEP As duas Indica\u00e7\u00f5es refor\u00e7am a relev\u00e2ncia do CONASEP como entidade t\u00e9cnica de alcance nacional e refer\u00eancia na defesa da legalidade e dos direitos dos profissionais de seguran\u00e7a privada e bombeiros civis. O protagonismo da entidade na articula\u00e7\u00e3o com o Poder P\u00fablico tem contribu\u00eddo para avan\u00e7os significativos, especialmente no combate \u00e0 clandestinidade, na identifica\u00e7\u00e3o de irregularidades e no fornecimento de informa\u00e7\u00f5es qualificadas aos \u00f3rg\u00e3os de fiscaliza\u00e7\u00e3o.\" \/>\n<meta property=\"og:url\" content=\"https:\/\/conasep.org.br\/noticias\/conasep-ganha-protagonismo-nacional-com-duas-indicacoes-apresentadas-pela-deputada-rosangela-reis-na-camara-dos-deputados\/\" \/>\n<meta property=\"og:site_name\" content=\"Noticias Conasep\" \/>\n<meta property=\"article:published_time\" content=\"2025-11-18T21:45:24+00:00\" \/>\n<meta property=\"article:modified_time\" content=\"2025-11-18T21:45:25+00:00\" \/>\n<meta property=\"og:image\" content=\"https:\/\/conasep.org.br\/noticias\/wp-content\/uploads\/2025\/03\/WhatsApp-Image-2025-03-25-at-18.46.15.jpeg\" \/>\n\t<meta property=\"og:image:width\" content=\"1124\" \/>\n\t<meta property=\"og:image:height\" content=\"750\" \/>\n\t<meta property=\"og:image:type\" content=\"image\/jpeg\" \/>\n<meta name=\"author\" content=\"CONASEP\" \/>\n<meta name=\"twitter:card\" content=\"summary_large_image\" \/>\n<meta name=\"twitter:label1\" content=\"Escrito por\" \/>\n\t<meta name=\"twitter:data1\" content=\"CONASEP\" \/>\n\t<meta name=\"twitter:label2\" content=\"Est. tempo de leitura\" \/>\n\t<meta name=\"twitter:data2\" content=\"4 minutos\" \/>\n<script type=\"application\/ld+json\" class=\"yoast-schema-graph\">{\"@context\":\"https:\/\/schema.org\",\"@graph\":[{\"@type\":\"WebPage\",\"@id\":\"https:\/\/conasep.org.br\/noticias\/conasep-ganha-protagonismo-nacional-com-duas-indicacoes-apresentadas-pela-deputada-rosangela-reis-na-camara-dos-deputados\/\",\"url\":\"https:\/\/conasep.org.br\/noticias\/conasep-ganha-protagonismo-nacional-com-duas-indicacoes-apresentadas-pela-deputada-rosangela-reis-na-camara-dos-deputados\/\",\"name\":\"CONASEP ganha protagonismo nacional com duas Indica\u00e7\u00f5es apresentadas pela Deputada Ros\u00e2ngela Reis na C\u00e2mara dos Deputados - Noticias Conasep\",\"isPartOf\":{\"@id\":\"https:\/\/www.conasep.org.br\/noticias\/#website\"},\"primaryImageOfPage\":{\"@id\":\"https:\/\/conasep.org.br\/noticias\/conasep-ganha-protagonismo-nacional-com-duas-indicacoes-apresentadas-pela-deputada-rosangela-reis-na-camara-dos-deputados\/#primaryimage\"},\"image\":{\"@id\":\"https:\/\/conasep.org.br\/noticias\/conasep-ganha-protagonismo-nacional-com-duas-indicacoes-apresentadas-pela-deputada-rosangela-reis-na-camara-dos-deputados\/#primaryimage\"},\"thumbnailUrl\":\"https:\/\/conasep.org.br\/noticias\/wp-content\/uploads\/2025\/03\/WhatsApp-Image-2025-03-25-at-18.46.15.jpeg\",\"datePublished\":\"2025-11-18T21:45:24+00:00\",\"dateModified\":\"2025-11-18T21:45:25+00:00\",\"author\":{\"@id\":\"https:\/\/www.conasep.org.br\/noticias\/#\/schema\/person\/96e446b120d85d108e7ebeb7d82a2c44\"},\"breadcrumb\":{\"@id\":\"https:\/\/conasep.org.br\/noticias\/conasep-ganha-protagonismo-nacional-com-duas-indicacoes-apresentadas-pela-deputada-rosangela-reis-na-camara-dos-deputados\/#breadcrumb\"},\"inLanguage\":\"pt-BR\",\"potentialAction\":[{\"@type\":\"ReadAction\",\"target\":[\"https:\/\/conasep.org.br\/noticias\/conasep-ganha-protagonismo-nacional-com-duas-indicacoes-apresentadas-pela-deputada-rosangela-reis-na-camara-dos-deputados\/\"]}]},{\"@type\":\"ImageObject\",\"inLanguage\":\"pt-BR\",\"@id\":\"https:\/\/conasep.org.br\/noticias\/conasep-ganha-protagonismo-nacional-com-duas-indicacoes-apresentadas-pela-deputada-rosangela-reis-na-camara-dos-deputados\/#primaryimage\",\"url\":\"https:\/\/conasep.org.br\/noticias\/wp-content\/uploads\/2025\/03\/WhatsApp-Image-2025-03-25-at-18.46.15.jpeg\",\"contentUrl\":\"https:\/\/conasep.org.br\/noticias\/wp-content\/uploads\/2025\/03\/WhatsApp-Image-2025-03-25-at-18.46.15.jpeg\",\"width\":1124,\"height\":750},{\"@type\":\"BreadcrumbList\",\"@id\":\"https:\/\/conasep.org.br\/noticias\/conasep-ganha-protagonismo-nacional-com-duas-indicacoes-apresentadas-pela-deputada-rosangela-reis-na-camara-dos-deputados\/#breadcrumb\",\"itemListElement\":[{\"@type\":\"ListItem\",\"position\":1,\"name\":\"In\u00edcio\",\"item\":\"https:\/\/www.conasep.org.br\/noticias\/\"},{\"@type\":\"ListItem\",\"position\":2,\"name\":\"CONASEP ganha protagonismo nacional com duas Indica\u00e7\u00f5es apresentadas pela Deputada Ros\u00e2ngela Reis na C\u00e2mara dos Deputados\"}]},{\"@type\":\"WebSite\",\"@id\":\"https:\/\/www.conasep.org.br\/noticias\/#website\",\"url\":\"https:\/\/www.conasep.org.br\/noticias\/\",\"name\":\"Noticias Conasep\",\"description\":\"Os melhores conte\u00fados\",\"potentialAction\":[{\"@type\":\"SearchAction\",\"target\":{\"@type\":\"EntryPoint\",\"urlTemplate\":\"https:\/\/www.conasep.org.br\/noticias\/?s={search_term_string}\"},\"query-input\":{\"@type\":\"PropertyValueSpecification\",\"valueRequired\":true,\"valueName\":\"search_term_string\"}}],\"inLanguage\":\"pt-BR\"},{\"@type\":\"Person\",\"@id\":\"https:\/\/www.conasep.org.br\/noticias\/#\/schema\/person\/96e446b120d85d108e7ebeb7d82a2c44\",\"name\":\"CONASEP\",\"image\":{\"@type\":\"ImageObject\",\"inLanguage\":\"pt-BR\",\"@id\":\"https:\/\/www.conasep.org.br\/noticias\/#\/schema\/person\/image\/\",\"url\":\"https:\/\/secure.gravatar.com\/avatar\/17258e04e8f7917cf6d5fea9e29eedbd?s=96&d=mm&r=g\",\"contentUrl\":\"https:\/\/secure.gravatar.com\/avatar\/17258e04e8f7917cf6d5fea9e29eedbd?s=96&d=mm&r=g\",\"caption\":\"CONASEP\"},\"url\":\"https:\/\/conasep.org.br\/noticias\/author\/conasep\/\"}]}<\/script>\n<!-- \/ Yoast SEO plugin. -->","yoast_head_json":{"title":"CONASEP ganha protagonismo nacional com duas Indica\u00e7\u00f5es apresentadas pela Deputada Ros\u00e2ngela Reis na C\u00e2mara dos Deputados - Noticias Conasep","robots":{"index":"index","follow":"follow","max-snippet":"max-snippet:-1","max-image-preview":"max-image-preview:large","max-video-preview":"max-video-preview:-1"},"canonical":"https:\/\/conasep.org.br\/noticias\/conasep-ganha-protagonismo-nacional-com-duas-indicacoes-apresentadas-pela-deputada-rosangela-reis-na-camara-dos-deputados\/","og_locale":"pt_BR","og_type":"article","og_title":"CONASEP ganha protagonismo nacional com duas Indica\u00e7\u00f5es apresentadas pela Deputada Ros\u00e2ngela Reis na C\u00e2mara dos Deputados - Noticias Conasep","og_description":"A Deputada Federal Ros\u00e2ngela Reis (PL\/MG) apresentou, no dia 18 de novembro de 2025, duas Indica\u00e7\u00f5es de grande relev\u00e2ncia nacional voltadas ao fortalecimento da fiscaliza\u00e7\u00e3o, da legalidade e da prote\u00e7\u00e3o trabalhista no setor da seguran\u00e7a privada e bombeiros civis. As medidas atendem a demandas do Conselho Nacional da Seguran\u00e7a Privada \u2013 CONASEP, entidade que vem atuando de forma intensa no combate \u00e0s irregularidades e na defesa dos profissionais do segmento em todo o pa\u00eds. As Indica\u00e7\u00f5es protocoladas foram: \u27a1\ufe0f Indica\u00e7\u00e3o n\u00ba 2.813\/2025 \u2014 Ao Minist\u00e9rio da Justi\u00e7a e Seguran\u00e7a P\u00fablica Solicita a inclus\u00e3o do CONASEP na Comiss\u00e3o Consultiva para Assuntos de Seguran\u00e7a Privada (CCASP) e a celebra\u00e7\u00e3o de acordo de coopera\u00e7\u00e3o t\u00e9cnica com a Pol\u00edcia Federal. \u27a1\ufe0f Indica\u00e7\u00e3o n\u00ba 2.812\/2025 \u2014 \u00c0 Procuradoria-Geral da Rep\u00fablica Solicita que o Minist\u00e9rio P\u00fablico do Trabalho avalie acordo de coopera\u00e7\u00e3o t\u00e9cnica com o CONASEP para fortalecer a apura\u00e7\u00e3o de den\u00fancias trabalhistas e o combate ao descumprimento das Conven\u00e7\u00f5es Coletivas de Trabalho. Indica\u00e7\u00e3o n\u00ba 2.813\/2025 \u2014 Coopera\u00e7\u00e3o entre o CONASEP, MJSP e Pol\u00edcia Federal Na Indica\u00e7\u00e3o n\u00ba 2.813\/2025, a deputada sugere ao Minist\u00e9rio da Justi\u00e7a e Seguran\u00e7a P\u00fablica: Ros\u00e2ngela Reis ressaltou que o CONASEP, entidade sem fins lucrativos e sem vi\u00e9s sindical, possui atua\u00e7\u00e3o nacional, expertise t\u00e9cnica e hist\u00f3rico de colabora\u00e7\u00f5es significativas com \u00f3rg\u00e3os p\u00fablicos. A deputada destacou ainda que o Conselho encaminha den\u00fancias formais constantes sobre empresas clandestinas, profissionais n\u00e3o habilitados e outras irregularidades que colocam em risco trabalhadores e a sociedade. A parlamentar afirma que a participa\u00e7\u00e3o do CONASEP na CCASP \u201cqualifica os debates, fortalece a legalidade e garante maior capilaridade na fiscaliza\u00e7\u00e3o do setor\u201d. Indica\u00e7\u00e3o n\u00ba 2.812\/2025 \u2014 Coopera\u00e7\u00e3o entre o CONASEP e o Minist\u00e9rio P\u00fablico do Trabalho J\u00e1 a Indica\u00e7\u00e3o n\u00ba 2.812\/2025, encaminhada ao Procurador-Geral da Rep\u00fablica, Paulo Gonet Branco, solicita que o Minist\u00e9rio P\u00fablico do Trabalho (MPT) avalie a possibilidade de firmar acordo de coopera\u00e7\u00e3o t\u00e9cnica com o CONASEP, visando fortalecer: Ros\u00e2ngela Reis enfatiza que o CONASEP possui vasta capilaridade e re\u00fane diagn\u00f3sticos precisos sobre viola\u00e7\u00f5es trabalhistas, como: Para a deputada, a parceria institucional com o MPT permitir\u00e1 maior celeridade e qualifica\u00e7\u00e3o das investiga\u00e7\u00f5es, ampliando a prote\u00e7\u00e3o a milhares de trabalhadores da seguran\u00e7a privada e bombeiros civis. Fortalecimento nacional do setor com participa\u00e7\u00e3o ativa do CONASEP As duas Indica\u00e7\u00f5es refor\u00e7am a relev\u00e2ncia do CONASEP como entidade t\u00e9cnica de alcance nacional e refer\u00eancia na defesa da legalidade e dos direitos dos profissionais de seguran\u00e7a privada e bombeiros civis. O protagonismo da entidade na articula\u00e7\u00e3o com o Poder P\u00fablico tem contribu\u00eddo para avan\u00e7os significativos, especialmente no combate \u00e0 clandestinidade, na identifica\u00e7\u00e3o de irregularidades e no fornecimento de informa\u00e7\u00f5es qualificadas aos \u00f3rg\u00e3os de fiscaliza\u00e7\u00e3o.","og_url":"https:\/\/conasep.org.br\/noticias\/conasep-ganha-protagonismo-nacional-com-duas-indicacoes-apresentadas-pela-deputada-rosangela-reis-na-camara-dos-deputados\/","og_site_name":"Noticias Conasep","article_published_time":"2025-11-18T21:45:24+00:00","article_modified_time":"2025-11-18T21:45:25+00:00","og_image":[{"width":1124,"height":750,"url":"https:\/\/conasep.org.br\/noticias\/wp-content\/uploads\/2025\/03\/WhatsApp-Image-2025-03-25-at-18.46.15.jpeg","type":"image\/jpeg"}],"author":"CONASEP","twitter_card":"summary_large_image","twitter_misc":{"Escrito por":"CONASEP","Est. tempo de leitura":"4 minutos"},"schema":{"@context":"https:\/\/schema.org","@graph":[{"@type":"WebPage","@id":"https:\/\/conasep.org.br\/noticias\/conasep-ganha-protagonismo-nacional-com-duas-indicacoes-apresentadas-pela-deputada-rosangela-reis-na-camara-dos-deputados\/","url":"https:\/\/conasep.org.br\/noticias\/conasep-ganha-protagonismo-nacional-com-duas-indicacoes-apresentadas-pela-deputada-rosangela-reis-na-camara-dos-deputados\/","name":"CONASEP ganha protagonismo nacional com duas Indica\u00e7\u00f5es apresentadas pela Deputada Ros\u00e2ngela Reis na C\u00e2mara dos Deputados - Noticias Conasep","isPartOf":{"@id":"https:\/\/www.conasep.org.br\/noticias\/#website"},"primaryImageOfPage":{"@id":"https:\/\/conasep.org.br\/noticias\/conasep-ganha-protagonismo-nacional-com-duas-indicacoes-apresentadas-pela-deputada-rosangela-reis-na-camara-dos-deputados\/#primaryimage"},"image":{"@id":"https:\/\/conasep.org.br\/noticias\/conasep-ganha-protagonismo-nacional-com-duas-indicacoes-apresentadas-pela-deputada-rosangela-reis-na-camara-dos-deputados\/#primaryimage"},"thumbnailUrl":"https:\/\/conasep.org.br\/noticias\/wp-content\/uploads\/2025\/03\/WhatsApp-Image-2025-03-25-at-18.46.15.jpeg","datePublished":"2025-11-18T21:45:24+00:00","dateModified":"2025-11-18T21:45:25+00:00","author":{"@id":"https:\/\/www.conasep.org.br\/noticias\/#\/schema\/person\/96e446b120d85d108e7ebeb7d82a2c44"},"breadcrumb":{"@id":"https:\/\/conasep.org.br\/noticias\/conasep-ganha-protagonismo-nacional-com-duas-indicacoes-apresentadas-pela-deputada-rosangela-reis-na-camara-dos-deputados\/#breadcrumb"},"inLanguage":"pt-BR","potentialAction":[{"@type":"ReadAction","target":["https:\/\/conasep.org.br\/noticias\/conasep-ganha-protagonismo-nacional-com-duas-indicacoes-apresentadas-pela-deputada-rosangela-reis-na-camara-dos-deputados\/"]}]},{"@type":"ImageObject","inLanguage":"pt-BR","@id":"https:\/\/conasep.org.br\/noticias\/conasep-ganha-protagonismo-nacional-com-duas-indicacoes-apresentadas-pela-deputada-rosangela-reis-na-camara-dos-deputados\/#primaryimage","url":"https:\/\/conasep.org.br\/noticias\/wp-content\/uploads\/2025\/03\/WhatsApp-Image-2025-03-25-at-18.46.15.jpeg","contentUrl":"https:\/\/conasep.org.br\/noticias\/wp-content\/uploads\/2025\/03\/WhatsApp-Image-2025-03-25-at-18.46.15.jpeg","width":1124,"height":750},{"@type":"BreadcrumbList","@id":"https:\/\/conasep.org.br\/noticias\/conasep-ganha-protagonismo-nacional-com-duas-indicacoes-apresentadas-pela-deputada-rosangela-reis-na-camara-dos-deputados\/#breadcrumb","itemListElement":[{"@type":"ListItem","position":1,"name":"In\u00edcio","item":"https:\/\/www.conasep.org.br\/noticias\/"},{"@type":"ListItem","position":2,"name":"CONASEP ganha protagonismo nacional com duas Indica\u00e7\u00f5es apresentadas pela Deputada Ros\u00e2ngela Reis na C\u00e2mara dos Deputados"}]},{"@type":"WebSite","@id":"https:\/\/www.conasep.org.br\/noticias\/#website","url":"https:\/\/www.conasep.org.br\/noticias\/","name":"Noticias Conasep","description":"Os melhores conte\u00fados","potentialAction":[{"@type":"SearchAction","target":{"@type":"EntryPoint","urlTemplate":"https:\/\/www.conasep.org.br\/noticias\/?s={search_term_string}"},"query-input":{"@type":"PropertyValueSpecification","valueRequired":true,"valueName":"search_term_string"}}],"inLanguage":"pt-BR"},{"@type":"Person","@id":"https:\/\/www.conasep.org.br\/noticias\/#\/schema\/person\/96e446b120d85d108e7ebeb7d82a2c44","name":"CONASEP","image":{"@type":"ImageObject","inLanguage":"pt-BR","@id":"https:\/\/www.conasep.org.br\/noticias\/#\/schema\/person\/image\/","url":"https:\/\/secure.gravatar.com\/avatar\/17258e04e8f7917cf6d5fea9e29eedbd?s=96&d=mm&r=g","contentUrl":"https:\/\/secure.gravatar.com\/avatar\/17258e04e8f7917cf6d5fea9e29eedbd?s=96&d=mm&r=g","caption":"CONASEP"},"url":"https:\/\/conasep.org.br\/noticias\/author\/conasep\/"}]}},"_links":{"self":[{"href":"https:\/\/conasep.org.br\/noticias\/wp-json\/wp\/v2\/posts\/1986","targetHints":{"allow":["GET"]}}],"collection":[{"href":"https:\/\/conasep.org.br\/noticias\/wp-json\/wp\/v2\/posts"}],"about":[{"href":"https:\/\/conasep.org.br\/noticias\/wp-json\/wp\/v2\/types\/post"}],"author":[{"embeddable":true,"href":"https:\/\/conasep.org.br\/noticias\/wp-json\/wp\/v2\/users\/6"}],"replies":[{"embeddable":true,"href":"https:\/\/conasep.org.br\/noticias\/wp-json\/wp\/v2\/comments?post=1986"}],"version-history":[{"count":1,"href":"https:\/\/conasep.org.br\/noticias\/wp-json\/wp\/v2\/posts\/1986\/revisions"}],"predecessor-version":[{"id":1989,"href":"https:\/\/conasep.org.br\/noticias\/wp-json\/wp\/v2\/posts\/1986\/revisions\/1989"}],"wp:featuredmedia":[{"embeddable":true,"href":"https:\/\/conasep.org.br\/noticias\/wp-json\/wp\/v2\/media\/1593"}],"wp:attachment":[{"href":"https:\/\/conasep.org.br\/noticias\/wp-json\/wp\/v2\/media?parent=1986"}],"wp:term":[{"taxonomy":"category","embeddable":true,"href":"https:\/\/conasep.org.br\/noticias\/wp-json\/wp\/v2\/categories?post=1986"},{"taxonomy":"post_tag","embeddable":true,"href":"https:\/\/conasep.org.br\/noticias\/wp-json\/wp\/v2\/tags?post=1986"}],"curies":[{"name":"wp","href":"https:\/\/api.w.org\/{rel}","templated":true}]}}