{"id":1990,"date":"2025-11-22T17:40:34","date_gmt":"2025-11-22T17:40:34","guid":{"rendered":"https:\/\/conasep.org.br\/noticias\/?p=1990"},"modified":"2025-11-22T17:40:34","modified_gmt":"2025-11-22T17:40:34","slug":"projeto-de-lei-essencial-para-a-protecao-da-seguranca-privada-de-autoria-do-conasep-e-aprovado-na-ccj-da-camara-dos-deputados","status":"publish","type":"post","link":"https:\/\/conasep.org.br\/noticias\/projeto-de-lei-essencial-para-a-protecao-da-seguranca-privada-de-autoria-do-conasep-e-aprovado-na-ccj-da-camara-dos-deputados\/","title":{"rendered":"PROJETO DE LEI ESSENCIAL PARA A PROTE\u00c7\u00c3O DA SEGURAN\u00c7A PRIVADA, DE AUTORIA DO CONASEP, \u00c9 APROVADO NA CCJ DA C\u00c2MARA DOS DEPUTADOS"},"content":{"rendered":"\n<p>A Comiss\u00e3o de Constitui\u00e7\u00e3o e Justi\u00e7a e de Cidadania (CCJ) da C\u00e2mara dos Deputados aprovou, nesta ter\u00e7a-feira (18\/11\/2025), o <a href=\"https:\/\/www.camara.leg.br\/proposicoesWeb\/fichadetramitacao?idProposicao=2407337\">Projeto de Lei n\u00ba <strong>5.744\/2023<\/strong><\/a>, proposi\u00e7\u00e3o constru\u00edda <strong><a href=\"https:\/\/www.camara.leg.br\/proposicoesWeb\/fichadetramitacao?idProposicao=2395614&amp;ord=1\">a partir da Sugest\u00e3o Legislativa n\u00ba 30\/2023<\/a><\/strong>, apresentada pelo <strong>Conselho Nacional de Seguran\u00e7a Privada \u2013 CONASEP<\/strong> \u00e0 Comiss\u00e3o de Legisla\u00e7\u00e3o Participativa (CLP). A iniciativa, originalmente de autoria do CONASEP, representa um marco hist\u00f3rico para a categoria da seguran\u00e7a privada no Brasil.<\/p>\n\n\n\n<p>O PL 5.744\/2023 altera o C\u00f3digo Penal e a Lei de Crimes Hediondos para <strong>endurecer as penas para homic\u00eddio e les\u00e3o corporal praticados contra agentes da seguran\u00e7a privada<\/strong>, no exerc\u00edcio da atividade ou em raz\u00e3o dela, estendendo a prote\u00e7\u00e3o tamb\u00e9m a c\u00f4njuges, companheiros e parentes \u2013 inclusive por afinidade \u2013 at\u00e9 o terceiro grau.<\/p>\n\n\n\n<p>A mat\u00e9ria foi relatada pelo Deputado <strong>Capit\u00e3o Alden<\/strong>, que destacou expressamente o papel fundamental do CONASEP na constru\u00e7\u00e3o t\u00e9cnica da proposta, reconhecendo o trabalho da entidade e sua dedica\u00e7\u00e3o em defesa dos profissionais da seguran\u00e7a privada. Em seu voto, o relator elogiou a Sugest\u00e3o n\u00ba 30\/2023 apresentada pelo CONASEP, ressaltando que a seguran\u00e7a privada \u00e9 \u201c<strong>aliada essencial da seguran\u00e7a p\u00fablica<\/strong>\u201d, atuando diariamente na prote\u00e7\u00e3o de vidas e patrim\u00f4nios e enfrentando riscos cada vez maiores.<\/p>\n\n\n\n<p>O projeto aprovado pela CCJ consolida importantes avan\u00e7os:<br>\u2013 Reconhecimento legislativo da atividade de seguran\u00e7a privada como categoria que merece <strong>prote\u00e7\u00e3o penal refor\u00e7ada<\/strong>;<br>\u2013 Inclus\u00e3o da seguran\u00e7a privada no rol das profiss\u00f5es com tratamento penal mais rigoroso;<br>\u2013 Corre\u00e7\u00e3o de distor\u00e7\u00f5es jur\u00eddicas, como a amplia\u00e7\u00e3o da prote\u00e7\u00e3o a parentes por afinidade;<br>\u2013 Equipara\u00e7\u00e3o da prote\u00e7\u00e3o legal aos agentes da seguran\u00e7a privada \u00e0s demais for\u00e7as de seguran\u00e7a.<\/p>\n\n\n\n<figure class=\"wp-block-video\"><video controls src=\"https:\/\/conasep.org.br\/noticias\/wp-content\/uploads\/2025\/11\/50c8052aaea15dc975ad1c398ad2e20e.mp4\"><\/video><\/figure>\n\n\n\n<p>Com a aprova\u00e7\u00e3o na CCJ, \u00faltima comiss\u00e3o de m\u00e9rito, o projeto segue agora para aprecia\u00e7\u00e3o no Plen\u00e1rio da C\u00e2mara. A conquista representa <strong>um passo decisivo para fortalecer a seguran\u00e7a jur\u00eddica e a prote\u00e7\u00e3o dos profissionais<\/strong>, que diariamente arriscam suas vidas para proteger a sociedade.<\/p>\n\n\n\n<p>O CONASEP reafirma seu compromisso com a valoriza\u00e7\u00e3o da categoria e celebra esta vit\u00f3ria constru\u00edda com di\u00e1logo, t\u00e9cnica e participa\u00e7\u00e3o ativa no processo legislativo. Este \u00e9 mais um avan\u00e7o hist\u00f3rico que demonstra a for\u00e7a e a representatividade do setor da seguran\u00e7a privada em todo o Brasil.<\/p>\n","protected":false},"excerpt":{"rendered":"<p>A Comiss\u00e3o de Constitui\u00e7\u00e3o e Justi\u00e7a e de Cidadania (CCJ) da C\u00e2mara dos Deputados aprovou, nesta ter\u00e7a-feira (18\/11\/2025), o Projeto de Lei n\u00ba 5.744\/2023, proposi\u00e7\u00e3o constru\u00edda a partir da Sugest\u00e3o Legislativa n\u00ba 30\/2023, apresentada pelo Conselho Nacional de Seguran\u00e7a Privada \u2013 CONASEP \u00e0 Comiss\u00e3o de Legisla\u00e7\u00e3o Participativa (CLP). A iniciativa, originalmente de autoria do CONASEP, representa um marco hist\u00f3rico para a categoria da seguran\u00e7a privada no Brasil. O PL 5.744\/2023 altera o C\u00f3digo Penal e a Lei de Crimes Hediondos para endurecer as penas para homic\u00eddio e les\u00e3o corporal praticados contra agentes da seguran\u00e7a privada, no exerc\u00edcio da atividade ou em raz\u00e3o dela, estendendo a prote\u00e7\u00e3o tamb\u00e9m a c\u00f4njuges, companheiros e parentes \u2013 inclusive por afinidade \u2013 at\u00e9 o terceiro grau. A mat\u00e9ria foi relatada pelo Deputado Capit\u00e3o Alden, que destacou expressamente o papel fundamental do CONASEP na constru\u00e7\u00e3o t\u00e9cnica da proposta, reconhecendo o trabalho da entidade e sua dedica\u00e7\u00e3o em defesa dos profissionais da seguran\u00e7a privada. Em seu voto, o relator elogiou a Sugest\u00e3o n\u00ba 30\/2023 apresentada pelo CONASEP, ressaltando que a seguran\u00e7a privada \u00e9 \u201caliada essencial da seguran\u00e7a p\u00fablica\u201d, atuando diariamente na prote\u00e7\u00e3o de vidas e patrim\u00f4nios e enfrentando riscos cada vez maiores. O projeto aprovado pela CCJ consolida importantes avan\u00e7os:\u2013 Reconhecimento legislativo da atividade de seguran\u00e7a privada como categoria que merece prote\u00e7\u00e3o penal refor\u00e7ada;\u2013 Inclus\u00e3o da seguran\u00e7a privada no rol das profiss\u00f5es com tratamento penal mais rigoroso;\u2013 Corre\u00e7\u00e3o de distor\u00e7\u00f5es jur\u00eddicas, como a amplia\u00e7\u00e3o da prote\u00e7\u00e3o a parentes por afinidade;\u2013 Equipara\u00e7\u00e3o da prote\u00e7\u00e3o legal aos agentes da seguran\u00e7a privada \u00e0s demais for\u00e7as de seguran\u00e7a. Com a aprova\u00e7\u00e3o na CCJ, \u00faltima comiss\u00e3o de m\u00e9rito, o projeto segue agora para aprecia\u00e7\u00e3o no Plen\u00e1rio da C\u00e2mara. A conquista representa um passo decisivo para fortalecer a seguran\u00e7a jur\u00eddica e a prote\u00e7\u00e3o dos profissionais, que diariamente arriscam suas vidas para proteger a sociedade. O CONASEP reafirma seu compromisso com a valoriza\u00e7\u00e3o da categoria e celebra esta vit\u00f3ria constru\u00edda com di\u00e1logo, t\u00e9cnica e participa\u00e7\u00e3o ativa no processo legislativo. Este \u00e9 mais um avan\u00e7o hist\u00f3rico que demonstra a for\u00e7a e a representatividade do setor da seguran\u00e7a privada em todo o Brasil.<\/p>\n","protected":false},"author":6,"featured_media":1682,"comment_status":"open","ping_status":"open","sticky":false,"template":"","format":"standard","meta":{"footnotes":""},"categories":[46],"tags":[],"class_list":["post-1990","post","type-post","status-publish","format-standard","has-post-thumbnail","hentry","category-noticias"],"yoast_head":"<!-- This site is optimized with the Yoast SEO plugin v24.8.1 - https:\/\/yoast.com\/wordpress\/plugins\/seo\/ -->\n<title>PROJETO DE LEI ESSENCIAL PARA A PROTE\u00c7\u00c3O DA SEGURAN\u00c7A PRIVADA, DE AUTORIA DO CONASEP, \u00c9 APROVADO NA CCJ DA C\u00c2MARA DOS DEPUTADOS - Noticias Conasep<\/title>\n<meta name=\"robots\" content=\"index, follow, max-snippet:-1, max-image-preview:large, max-video-preview:-1\" \/>\n<link rel=\"canonical\" href=\"https:\/\/conasep.org.br\/noticias\/projeto-de-lei-essencial-para-a-protecao-da-seguranca-privada-de-autoria-do-conasep-e-aprovado-na-ccj-da-camara-dos-deputados\/\" \/>\n<meta property=\"og:locale\" content=\"pt_BR\" \/>\n<meta property=\"og:type\" content=\"article\" \/>\n<meta property=\"og:title\" content=\"PROJETO DE LEI ESSENCIAL PARA A PROTE\u00c7\u00c3O DA SEGURAN\u00c7A PRIVADA, DE AUTORIA DO CONASEP, \u00c9 APROVADO NA CCJ DA C\u00c2MARA DOS DEPUTADOS - Noticias Conasep\" \/>\n<meta property=\"og:description\" content=\"A Comiss\u00e3o de Constitui\u00e7\u00e3o e Justi\u00e7a e de Cidadania (CCJ) da C\u00e2mara dos Deputados aprovou, nesta ter\u00e7a-feira (18\/11\/2025), o Projeto de Lei n\u00ba 5.744\/2023, proposi\u00e7\u00e3o constru\u00edda a partir da Sugest\u00e3o Legislativa n\u00ba 30\/2023, apresentada pelo Conselho Nacional de Seguran\u00e7a Privada \u2013 CONASEP \u00e0 Comiss\u00e3o de Legisla\u00e7\u00e3o Participativa (CLP). A iniciativa, originalmente de autoria do CONASEP, representa um marco hist\u00f3rico para a categoria da seguran\u00e7a privada no Brasil. O PL 5.744\/2023 altera o C\u00f3digo Penal e a Lei de Crimes Hediondos para endurecer as penas para homic\u00eddio e les\u00e3o corporal praticados contra agentes da seguran\u00e7a privada, no exerc\u00edcio da atividade ou em raz\u00e3o dela, estendendo a prote\u00e7\u00e3o tamb\u00e9m a c\u00f4njuges, companheiros e parentes \u2013 inclusive por afinidade \u2013 at\u00e9 o terceiro grau. A mat\u00e9ria foi relatada pelo Deputado Capit\u00e3o Alden, que destacou expressamente o papel fundamental do CONASEP na constru\u00e7\u00e3o t\u00e9cnica da proposta, reconhecendo o trabalho da entidade e sua dedica\u00e7\u00e3o em defesa dos profissionais da seguran\u00e7a privada. Em seu voto, o relator elogiou a Sugest\u00e3o n\u00ba 30\/2023 apresentada pelo CONASEP, ressaltando que a seguran\u00e7a privada \u00e9 \u201caliada essencial da seguran\u00e7a p\u00fablica\u201d, atuando diariamente na prote\u00e7\u00e3o de vidas e patrim\u00f4nios e enfrentando riscos cada vez maiores. O projeto aprovado pela CCJ consolida importantes avan\u00e7os:\u2013 Reconhecimento legislativo da atividade de seguran\u00e7a privada como categoria que merece prote\u00e7\u00e3o penal refor\u00e7ada;\u2013 Inclus\u00e3o da seguran\u00e7a privada no rol das profiss\u00f5es com tratamento penal mais rigoroso;\u2013 Corre\u00e7\u00e3o de distor\u00e7\u00f5es jur\u00eddicas, como a amplia\u00e7\u00e3o da prote\u00e7\u00e3o a parentes por afinidade;\u2013 Equipara\u00e7\u00e3o da prote\u00e7\u00e3o legal aos agentes da seguran\u00e7a privada \u00e0s demais for\u00e7as de seguran\u00e7a. Com a aprova\u00e7\u00e3o na CCJ, \u00faltima comiss\u00e3o de m\u00e9rito, o projeto segue agora para aprecia\u00e7\u00e3o no Plen\u00e1rio da C\u00e2mara. A conquista representa um passo decisivo para fortalecer a seguran\u00e7a jur\u00eddica e a prote\u00e7\u00e3o dos profissionais, que diariamente arriscam suas vidas para proteger a sociedade. O CONASEP reafirma seu compromisso com a valoriza\u00e7\u00e3o da categoria e celebra esta vit\u00f3ria constru\u00edda com di\u00e1logo, t\u00e9cnica e participa\u00e7\u00e3o ativa no processo legislativo. Este \u00e9 mais um avan\u00e7o hist\u00f3rico que demonstra a for\u00e7a e a representatividade do setor da seguran\u00e7a privada em todo o Brasil.\" \/>\n<meta property=\"og:url\" content=\"https:\/\/conasep.org.br\/noticias\/projeto-de-lei-essencial-para-a-protecao-da-seguranca-privada-de-autoria-do-conasep-e-aprovado-na-ccj-da-camara-dos-deputados\/\" \/>\n<meta property=\"og:site_name\" content=\"Noticias Conasep\" \/>\n<meta property=\"article:published_time\" content=\"2025-11-22T17:40:34+00:00\" \/>\n<meta property=\"og:image\" content=\"https:\/\/conasep.org.br\/noticias\/wp-content\/uploads\/2025\/05\/WhatsApp-Image-2025-05-21-at-19.37.24-1.jpeg\" \/>\n\t<meta property=\"og:image:width\" content=\"1296\" \/>\n\t<meta property=\"og:image:height\" content=\"864\" \/>\n\t<meta property=\"og:image:type\" content=\"image\/jpeg\" \/>\n<meta name=\"author\" content=\"CONASEP\" \/>\n<meta name=\"twitter:card\" content=\"summary_large_image\" \/>\n<meta name=\"twitter:label1\" content=\"Escrito por\" \/>\n\t<meta name=\"twitter:data1\" content=\"CONASEP\" \/>\n\t<meta name=\"twitter:label2\" content=\"Est. tempo de leitura\" \/>\n\t<meta name=\"twitter:data2\" content=\"3 minutos\" \/>\n<script type=\"application\/ld+json\" class=\"yoast-schema-graph\">{\"@context\":\"https:\/\/schema.org\",\"@graph\":[{\"@type\":\"WebPage\",\"@id\":\"https:\/\/conasep.org.br\/noticias\/projeto-de-lei-essencial-para-a-protecao-da-seguranca-privada-de-autoria-do-conasep-e-aprovado-na-ccj-da-camara-dos-deputados\/\",\"url\":\"https:\/\/conasep.org.br\/noticias\/projeto-de-lei-essencial-para-a-protecao-da-seguranca-privada-de-autoria-do-conasep-e-aprovado-na-ccj-da-camara-dos-deputados\/\",\"name\":\"PROJETO DE LEI ESSENCIAL PARA A PROTE\u00c7\u00c3O DA SEGURAN\u00c7A PRIVADA, DE AUTORIA DO CONASEP, \u00c9 APROVADO NA CCJ DA C\u00c2MARA DOS DEPUTADOS - Noticias Conasep\",\"isPartOf\":{\"@id\":\"https:\/\/www.conasep.org.br\/noticias\/#website\"},\"primaryImageOfPage\":{\"@id\":\"https:\/\/conasep.org.br\/noticias\/projeto-de-lei-essencial-para-a-protecao-da-seguranca-privada-de-autoria-do-conasep-e-aprovado-na-ccj-da-camara-dos-deputados\/#primaryimage\"},\"image\":{\"@id\":\"https:\/\/conasep.org.br\/noticias\/projeto-de-lei-essencial-para-a-protecao-da-seguranca-privada-de-autoria-do-conasep-e-aprovado-na-ccj-da-camara-dos-deputados\/#primaryimage\"},\"thumbnailUrl\":\"https:\/\/conasep.org.br\/noticias\/wp-content\/uploads\/2025\/05\/WhatsApp-Image-2025-05-21-at-19.37.24-1.jpeg\",\"datePublished\":\"2025-11-22T17:40:34+00:00\",\"author\":{\"@id\":\"https:\/\/www.conasep.org.br\/noticias\/#\/schema\/person\/96e446b120d85d108e7ebeb7d82a2c44\"},\"breadcrumb\":{\"@id\":\"https:\/\/conasep.org.br\/noticias\/projeto-de-lei-essencial-para-a-protecao-da-seguranca-privada-de-autoria-do-conasep-e-aprovado-na-ccj-da-camara-dos-deputados\/#breadcrumb\"},\"inLanguage\":\"pt-BR\",\"potentialAction\":[{\"@type\":\"ReadAction\",\"target\":[\"https:\/\/conasep.org.br\/noticias\/projeto-de-lei-essencial-para-a-protecao-da-seguranca-privada-de-autoria-do-conasep-e-aprovado-na-ccj-da-camara-dos-deputados\/\"]}]},{\"@type\":\"ImageObject\",\"inLanguage\":\"pt-BR\",\"@id\":\"https:\/\/conasep.org.br\/noticias\/projeto-de-lei-essencial-para-a-protecao-da-seguranca-privada-de-autoria-do-conasep-e-aprovado-na-ccj-da-camara-dos-deputados\/#primaryimage\",\"url\":\"https:\/\/conasep.org.br\/noticias\/wp-content\/uploads\/2025\/05\/WhatsApp-Image-2025-05-21-at-19.37.24-1.jpeg\",\"contentUrl\":\"https:\/\/conasep.org.br\/noticias\/wp-content\/uploads\/2025\/05\/WhatsApp-Image-2025-05-21-at-19.37.24-1.jpeg\",\"width\":1296,\"height\":864},{\"@type\":\"BreadcrumbList\",\"@id\":\"https:\/\/conasep.org.br\/noticias\/projeto-de-lei-essencial-para-a-protecao-da-seguranca-privada-de-autoria-do-conasep-e-aprovado-na-ccj-da-camara-dos-deputados\/#breadcrumb\",\"itemListElement\":[{\"@type\":\"ListItem\",\"position\":1,\"name\":\"In\u00edcio\",\"item\":\"https:\/\/www.conasep.org.br\/noticias\/\"},{\"@type\":\"ListItem\",\"position\":2,\"name\":\"PROJETO DE LEI ESSENCIAL PARA A PROTE\u00c7\u00c3O DA SEGURAN\u00c7A PRIVADA, DE AUTORIA DO CONASEP, \u00c9 APROVADO NA CCJ DA C\u00c2MARA DOS DEPUTADOS\"}]},{\"@type\":\"WebSite\",\"@id\":\"https:\/\/www.conasep.org.br\/noticias\/#website\",\"url\":\"https:\/\/www.conasep.org.br\/noticias\/\",\"name\":\"Noticias Conasep\",\"description\":\"Os melhores conte\u00fados\",\"potentialAction\":[{\"@type\":\"SearchAction\",\"target\":{\"@type\":\"EntryPoint\",\"urlTemplate\":\"https:\/\/www.conasep.org.br\/noticias\/?s={search_term_string}\"},\"query-input\":{\"@type\":\"PropertyValueSpecification\",\"valueRequired\":true,\"valueName\":\"search_term_string\"}}],\"inLanguage\":\"pt-BR\"},{\"@type\":\"Person\",\"@id\":\"https:\/\/www.conasep.org.br\/noticias\/#\/schema\/person\/96e446b120d85d108e7ebeb7d82a2c44\",\"name\":\"CONASEP\",\"image\":{\"@type\":\"ImageObject\",\"inLanguage\":\"pt-BR\",\"@id\":\"https:\/\/www.conasep.org.br\/noticias\/#\/schema\/person\/image\/\",\"url\":\"https:\/\/secure.gravatar.com\/avatar\/17258e04e8f7917cf6d5fea9e29eedbd?s=96&d=mm&r=g\",\"contentUrl\":\"https:\/\/secure.gravatar.com\/avatar\/17258e04e8f7917cf6d5fea9e29eedbd?s=96&d=mm&r=g\",\"caption\":\"CONASEP\"},\"url\":\"https:\/\/conasep.org.br\/noticias\/author\/conasep\/\"}]}<\/script>\n<!-- \/ Yoast SEO plugin. -->","yoast_head_json":{"title":"PROJETO DE LEI ESSENCIAL PARA A PROTE\u00c7\u00c3O DA SEGURAN\u00c7A PRIVADA, DE AUTORIA DO CONASEP, \u00c9 APROVADO NA CCJ DA C\u00c2MARA DOS DEPUTADOS - Noticias Conasep","robots":{"index":"index","follow":"follow","max-snippet":"max-snippet:-1","max-image-preview":"max-image-preview:large","max-video-preview":"max-video-preview:-1"},"canonical":"https:\/\/conasep.org.br\/noticias\/projeto-de-lei-essencial-para-a-protecao-da-seguranca-privada-de-autoria-do-conasep-e-aprovado-na-ccj-da-camara-dos-deputados\/","og_locale":"pt_BR","og_type":"article","og_title":"PROJETO DE LEI ESSENCIAL PARA A PROTE\u00c7\u00c3O DA SEGURAN\u00c7A PRIVADA, DE AUTORIA DO CONASEP, \u00c9 APROVADO NA CCJ DA C\u00c2MARA DOS DEPUTADOS - Noticias Conasep","og_description":"A Comiss\u00e3o de Constitui\u00e7\u00e3o e Justi\u00e7a e de Cidadania (CCJ) da C\u00e2mara dos Deputados aprovou, nesta ter\u00e7a-feira (18\/11\/2025), o Projeto de Lei n\u00ba 5.744\/2023, proposi\u00e7\u00e3o constru\u00edda a partir da Sugest\u00e3o Legislativa n\u00ba 30\/2023, apresentada pelo Conselho Nacional de Seguran\u00e7a Privada \u2013 CONASEP \u00e0 Comiss\u00e3o de Legisla\u00e7\u00e3o Participativa (CLP). A iniciativa, originalmente de autoria do CONASEP, representa um marco hist\u00f3rico para a categoria da seguran\u00e7a privada no Brasil. O PL 5.744\/2023 altera o C\u00f3digo Penal e a Lei de Crimes Hediondos para endurecer as penas para homic\u00eddio e les\u00e3o corporal praticados contra agentes da seguran\u00e7a privada, no exerc\u00edcio da atividade ou em raz\u00e3o dela, estendendo a prote\u00e7\u00e3o tamb\u00e9m a c\u00f4njuges, companheiros e parentes \u2013 inclusive por afinidade \u2013 at\u00e9 o terceiro grau. A mat\u00e9ria foi relatada pelo Deputado Capit\u00e3o Alden, que destacou expressamente o papel fundamental do CONASEP na constru\u00e7\u00e3o t\u00e9cnica da proposta, reconhecendo o trabalho da entidade e sua dedica\u00e7\u00e3o em defesa dos profissionais da seguran\u00e7a privada. Em seu voto, o relator elogiou a Sugest\u00e3o n\u00ba 30\/2023 apresentada pelo CONASEP, ressaltando que a seguran\u00e7a privada \u00e9 \u201caliada essencial da seguran\u00e7a p\u00fablica\u201d, atuando diariamente na prote\u00e7\u00e3o de vidas e patrim\u00f4nios e enfrentando riscos cada vez maiores. O projeto aprovado pela CCJ consolida importantes avan\u00e7os:\u2013 Reconhecimento legislativo da atividade de seguran\u00e7a privada como categoria que merece prote\u00e7\u00e3o penal refor\u00e7ada;\u2013 Inclus\u00e3o da seguran\u00e7a privada no rol das profiss\u00f5es com tratamento penal mais rigoroso;\u2013 Corre\u00e7\u00e3o de distor\u00e7\u00f5es jur\u00eddicas, como a amplia\u00e7\u00e3o da prote\u00e7\u00e3o a parentes por afinidade;\u2013 Equipara\u00e7\u00e3o da prote\u00e7\u00e3o legal aos agentes da seguran\u00e7a privada \u00e0s demais for\u00e7as de seguran\u00e7a. Com a aprova\u00e7\u00e3o na CCJ, \u00faltima comiss\u00e3o de m\u00e9rito, o projeto segue agora para aprecia\u00e7\u00e3o no Plen\u00e1rio da C\u00e2mara. A conquista representa um passo decisivo para fortalecer a seguran\u00e7a jur\u00eddica e a prote\u00e7\u00e3o dos profissionais, que diariamente arriscam suas vidas para proteger a sociedade. O CONASEP reafirma seu compromisso com a valoriza\u00e7\u00e3o da categoria e celebra esta vit\u00f3ria constru\u00edda com di\u00e1logo, t\u00e9cnica e participa\u00e7\u00e3o ativa no processo legislativo. Este \u00e9 mais um avan\u00e7o hist\u00f3rico que demonstra a for\u00e7a e a representatividade do setor da seguran\u00e7a privada em todo o Brasil.","og_url":"https:\/\/conasep.org.br\/noticias\/projeto-de-lei-essencial-para-a-protecao-da-seguranca-privada-de-autoria-do-conasep-e-aprovado-na-ccj-da-camara-dos-deputados\/","og_site_name":"Noticias Conasep","article_published_time":"2025-11-22T17:40:34+00:00","og_image":[{"width":1296,"height":864,"url":"https:\/\/conasep.org.br\/noticias\/wp-content\/uploads\/2025\/05\/WhatsApp-Image-2025-05-21-at-19.37.24-1.jpeg","type":"image\/jpeg"}],"author":"CONASEP","twitter_card":"summary_large_image","twitter_misc":{"Escrito por":"CONASEP","Est. tempo de leitura":"3 minutos"},"schema":{"@context":"https:\/\/schema.org","@graph":[{"@type":"WebPage","@id":"https:\/\/conasep.org.br\/noticias\/projeto-de-lei-essencial-para-a-protecao-da-seguranca-privada-de-autoria-do-conasep-e-aprovado-na-ccj-da-camara-dos-deputados\/","url":"https:\/\/conasep.org.br\/noticias\/projeto-de-lei-essencial-para-a-protecao-da-seguranca-privada-de-autoria-do-conasep-e-aprovado-na-ccj-da-camara-dos-deputados\/","name":"PROJETO DE LEI ESSENCIAL PARA A PROTE\u00c7\u00c3O DA SEGURAN\u00c7A PRIVADA, DE AUTORIA DO CONASEP, \u00c9 APROVADO NA CCJ DA C\u00c2MARA DOS DEPUTADOS - Noticias Conasep","isPartOf":{"@id":"https:\/\/www.conasep.org.br\/noticias\/#website"},"primaryImageOfPage":{"@id":"https:\/\/conasep.org.br\/noticias\/projeto-de-lei-essencial-para-a-protecao-da-seguranca-privada-de-autoria-do-conasep-e-aprovado-na-ccj-da-camara-dos-deputados\/#primaryimage"},"image":{"@id":"https:\/\/conasep.org.br\/noticias\/projeto-de-lei-essencial-para-a-protecao-da-seguranca-privada-de-autoria-do-conasep-e-aprovado-na-ccj-da-camara-dos-deputados\/#primaryimage"},"thumbnailUrl":"https:\/\/conasep.org.br\/noticias\/wp-content\/uploads\/2025\/05\/WhatsApp-Image-2025-05-21-at-19.37.24-1.jpeg","datePublished":"2025-11-22T17:40:34+00:00","author":{"@id":"https:\/\/www.conasep.org.br\/noticias\/#\/schema\/person\/96e446b120d85d108e7ebeb7d82a2c44"},"breadcrumb":{"@id":"https:\/\/conasep.org.br\/noticias\/projeto-de-lei-essencial-para-a-protecao-da-seguranca-privada-de-autoria-do-conasep-e-aprovado-na-ccj-da-camara-dos-deputados\/#breadcrumb"},"inLanguage":"pt-BR","potentialAction":[{"@type":"ReadAction","target":["https:\/\/conasep.org.br\/noticias\/projeto-de-lei-essencial-para-a-protecao-da-seguranca-privada-de-autoria-do-conasep-e-aprovado-na-ccj-da-camara-dos-deputados\/"]}]},{"@type":"ImageObject","inLanguage":"pt-BR","@id":"https:\/\/conasep.org.br\/noticias\/projeto-de-lei-essencial-para-a-protecao-da-seguranca-privada-de-autoria-do-conasep-e-aprovado-na-ccj-da-camara-dos-deputados\/#primaryimage","url":"https:\/\/conasep.org.br\/noticias\/wp-content\/uploads\/2025\/05\/WhatsApp-Image-2025-05-21-at-19.37.24-1.jpeg","contentUrl":"https:\/\/conasep.org.br\/noticias\/wp-content\/uploads\/2025\/05\/WhatsApp-Image-2025-05-21-at-19.37.24-1.jpeg","width":1296,"height":864},{"@type":"BreadcrumbList","@id":"https:\/\/conasep.org.br\/noticias\/projeto-de-lei-essencial-para-a-protecao-da-seguranca-privada-de-autoria-do-conasep-e-aprovado-na-ccj-da-camara-dos-deputados\/#breadcrumb","itemListElement":[{"@type":"ListItem","position":1,"name":"In\u00edcio","item":"https:\/\/www.conasep.org.br\/noticias\/"},{"@type":"ListItem","position":2,"name":"PROJETO DE LEI ESSENCIAL PARA A PROTE\u00c7\u00c3O DA SEGURAN\u00c7A PRIVADA, DE AUTORIA DO CONASEP, \u00c9 APROVADO NA CCJ DA C\u00c2MARA DOS DEPUTADOS"}]},{"@type":"WebSite","@id":"https:\/\/www.conasep.org.br\/noticias\/#website","url":"https:\/\/www.conasep.org.br\/noticias\/","name":"Noticias Conasep","description":"Os melhores conte\u00fados","potentialAction":[{"@type":"SearchAction","target":{"@type":"EntryPoint","urlTemplate":"https:\/\/www.conasep.org.br\/noticias\/?s={search_term_string}"},"query-input":{"@type":"PropertyValueSpecification","valueRequired":true,"valueName":"search_term_string"}}],"inLanguage":"pt-BR"},{"@type":"Person","@id":"https:\/\/www.conasep.org.br\/noticias\/#\/schema\/person\/96e446b120d85d108e7ebeb7d82a2c44","name":"CONASEP","image":{"@type":"ImageObject","inLanguage":"pt-BR","@id":"https:\/\/www.conasep.org.br\/noticias\/#\/schema\/person\/image\/","url":"https:\/\/secure.gravatar.com\/avatar\/17258e04e8f7917cf6d5fea9e29eedbd?s=96&d=mm&r=g","contentUrl":"https:\/\/secure.gravatar.com\/avatar\/17258e04e8f7917cf6d5fea9e29eedbd?s=96&d=mm&r=g","caption":"CONASEP"},"url":"https:\/\/conasep.org.br\/noticias\/author\/conasep\/"}]}},"_links":{"self":[{"href":"https:\/\/conasep.org.br\/noticias\/wp-json\/wp\/v2\/posts\/1990","targetHints":{"allow":["GET"]}}],"collection":[{"href":"https:\/\/conasep.org.br\/noticias\/wp-json\/wp\/v2\/posts"}],"about":[{"href":"https:\/\/conasep.org.br\/noticias\/wp-json\/wp\/v2\/types\/post"}],"author":[{"embeddable":true,"href":"https:\/\/conasep.org.br\/noticias\/wp-json\/wp\/v2\/users\/6"}],"replies":[{"embeddable":true,"href":"https:\/\/conasep.org.br\/noticias\/wp-json\/wp\/v2\/comments?post=1990"}],"version-history":[{"count":1,"href":"https:\/\/conasep.org.br\/noticias\/wp-json\/wp\/v2\/posts\/1990\/revisions"}],"predecessor-version":[{"id":1993,"href":"https:\/\/conasep.org.br\/noticias\/wp-json\/wp\/v2\/posts\/1990\/revisions\/1993"}],"wp:featuredmedia":[{"embeddable":true,"href":"https:\/\/conasep.org.br\/noticias\/wp-json\/wp\/v2\/media\/1682"}],"wp:attachment":[{"href":"https:\/\/conasep.org.br\/noticias\/wp-json\/wp\/v2\/media?parent=1990"}],"wp:term":[{"taxonomy":"category","embeddable":true,"href":"https:\/\/conasep.org.br\/noticias\/wp-json\/wp\/v2\/categories?post=1990"},{"taxonomy":"post_tag","embeddable":true,"href":"https:\/\/conasep.org.br\/noticias\/wp-json\/wp\/v2\/tags?post=1990"}],"curies":[{"name":"wp","href":"https:\/\/api.w.org\/{rel}","templated":true}]}}