{"id":1994,"date":"2025-11-25T23:42:01","date_gmt":"2025-11-25T23:42:01","guid":{"rendered":"https:\/\/conasep.org.br\/noticias\/?p=1994"},"modified":"2025-11-25T23:42:01","modified_gmt":"2025-11-25T23:42:01","slug":"capitao-alden-apresenta-dois-importantes-requerimentos-na-cspcco-para-fortalecer-fiscalizacao-na-seguranca-privada-e-bombeiros-civis-e-protecao-trabalhista-da-categoria","status":"publish","type":"post","link":"https:\/\/conasep.org.br\/noticias\/capitao-alden-apresenta-dois-importantes-requerimentos-na-cspcco-para-fortalecer-fiscalizacao-na-seguranca-privada-e-bombeiros-civis-e-protecao-trabalhista-da-categoria\/","title":{"rendered":"Capit\u00e3o Alden apresenta dois importantes requerimentos na CSPCCO para fortalecer fiscaliza\u00e7\u00e3o na Seguran\u00e7a Privada e Bombeiros Civis e prote\u00e7\u00e3o trabalhista da categoria"},"content":{"rendered":"\n<p>O Deputado Federal <strong><a href=\"https:\/\/www.camara.leg.br\/deputados\/220690\">Capit\u00e3o Alden (PL\/BA)<\/a><\/strong> apresentou, nesta ter\u00e7a-feira (25), dois relevantes requerimentos na <strong>Comiss\u00e3o de Seguran\u00e7a P\u00fablica e Combate ao Crime Organizado (CSPCCO)<\/strong> da C\u00e2mara dos Deputados, ambos voltados ao fortalecimento institucional do setor de seguran\u00e7a privada e \u00e0 prote\u00e7\u00e3o dos profissionais que atuam em todo o pa\u00eds.<\/p>\n\n\n\n<p>Os documentos \u2014 <a href=\"https:\/\/www.camara.leg.br\/proposicoesWeb\/fichadetramitacao?idProposicao=2587769\"><strong>Requerimento n\u00ba 509\/2025<\/strong> <\/a>e <strong><a href=\"https:\/\/www.camara.leg.br\/proposicoesWeb\/fichadetramitacao?idProposicao=2587770\">Requerimento n\u00ba 510\/2025<\/a><\/strong> \u2014 refor\u00e7am a import\u00e2ncia do <strong>Conselho Nacional da Seguran\u00e7a Privada (CONASEP)<\/strong> como entidade t\u00e9cnica capaz de auxiliar o Poder P\u00fablico em a\u00e7\u00f5es de fiscaliza\u00e7\u00e3o, recebimento de den\u00fancias e combate \u00e0 clandestinidade que ainda afeta o segmento.<\/p>\n\n\n\n<hr class=\"wp-block-separator has-alpha-channel-opacity\"\/>\n\n\n\n<h2 class=\"wp-block-heading\"><strong><a href=\"https:\/\/www.camara.leg.br\/proposicoesWeb\/fichadetramitacao?idProposicao=2587770\">REQ 510\/2025 \u2014 Inclus\u00e3o do CONASEP na CCASP e coopera\u00e7\u00e3o com a Pol\u00edcia Federal<\/a><\/strong><\/h2>\n\n\n\n<p>No primeiro requerimento, Capit\u00e3o Alden solicita que a CSPCCO encaminhe ao <strong>Poder Executivo<\/strong> uma <strong>Indica\u00e7\u00e3o<\/strong> propondo duas medidas estrat\u00e9gicas:<\/p>\n\n\n\n<h3 class=\"wp-block-heading\"><strong>1. Inclus\u00e3o do CONASEP como membro da Comiss\u00e3o Consultiva para Assuntos de Seguran\u00e7a Privada (CCASP)<\/strong><\/h3>\n\n\n\n<p>A CCASP \u00e9 o principal colegiado federal respons\u00e1vel por discutir, avaliar e orientar pol\u00edticas voltadas ao setor. A participa\u00e7\u00e3o do CONASEP ampliaria a representatividade da categoria e fortaleceria o di\u00e1logo t\u00e9cnico com o Minist\u00e9rio da Justi\u00e7a.<\/p>\n\n\n\n<h3 class=\"wp-block-heading\"><strong>2. Celebra\u00e7\u00e3o de acordo de coopera\u00e7\u00e3o t\u00e9cnica entre o CONASEP e a Pol\u00edcia Federal<\/strong><\/h3>\n\n\n\n<p>O objetivo \u00e9 permitir que a entidade auxilie formalmente a PF em atividades como:<\/p>\n\n\n\n<ul class=\"wp-block-list\">\n<li>fiscaliza\u00e7\u00e3o;<\/li>\n\n\n\n<li>coleta de informa\u00e7\u00f5es;<\/li>\n\n\n\n<li>encaminhamento de den\u00fancias;<\/li>\n\n\n\n<li>combate a empresas clandestinas e a servi\u00e7os prestados por profissionais n\u00e3o habilitados.<\/li>\n<\/ul>\n\n\n\n<p>A justificativa destaca que o CONASEP j\u00e1 colabora h\u00e1 anos com \u00f3rg\u00e3os p\u00fablicos, acumulando vasto hist\u00f3rico de encaminhamento de den\u00fancias envolvendo irregularidades graves no setor, o que demonstra sua <strong>capilaridade, expertise t\u00e9cnica e papel institucional<\/strong> no fortalecimento da seguran\u00e7a privada em \u00e2mbito nacional.<br>REQ-510-2025-CSPCCO<\/p>\n\n\n\n<p>Veja o Requerimento:<\/p>\n\n\n\n<div data-wp-interactive=\"core\/file\" class=\"wp-block-file\"><object data-wp-bind--hidden=\"!state.hasPdfPreview\" hidden class=\"wp-block-file__embed\" data=\"https:\/\/conasep.org.br\/noticias\/wp-content\/uploads\/2025\/11\/REQ-510-2025-CSPCCO.pdf\" type=\"application\/pdf\" style=\"width:100%;height:600px\" aria-label=\"Incorporado de REQ-510-2025-CSPCCO.\"><\/object><a id=\"wp-block-file--media-ecc99f7c-d3a6-4c54-87fb-5006c2f3cefc\" href=\"https:\/\/conasep.org.br\/noticias\/wp-content\/uploads\/2025\/11\/REQ-510-2025-CSPCCO.pdf\">REQ-510-2025-CSPCCO<\/a><a href=\"https:\/\/conasep.org.br\/noticias\/wp-content\/uploads\/2025\/11\/REQ-510-2025-CSPCCO.pdf\" class=\"wp-block-file__button wp-element-button\" download aria-describedby=\"wp-block-file--media-ecc99f7c-d3a6-4c54-87fb-5006c2f3cefc\">Baixar<\/a><\/div>\n\n\n\n<hr class=\"wp-block-separator has-alpha-channel-opacity\"\/>\n\n\n\n<h2 class=\"wp-block-heading\"><strong><a href=\"https:\/\/www.camara.leg.br\/proposicoesWeb\/fichadetramitacao?idProposicao=2587769\">REQ 509\/2025 \u2014 Encaminhamento ao Minist\u00e9rio P\u00fablico do Trabalho para acordo de coopera\u00e7\u00e3o<\/a><\/strong><\/h2>\n\n\n\n<p>O segundo requerimento apresentado pelo parlamentar solicita que a Comiss\u00e3o encaminhe \u00e0 <strong>Procuradoria-Geral da Rep\u00fablica (PGR)<\/strong> uma Indica\u00e7\u00e3o para que o <strong>Minist\u00e9rio P\u00fablico do Trabalho (MPT)<\/strong> avalie a celebra\u00e7\u00e3o de acordo de coopera\u00e7\u00e3o t\u00e9cnica com o CONASEP.<\/p>\n\n\n\n<p>O foco deste instrumento \u00e9 aprimorar a atua\u00e7\u00e3o institucional na apura\u00e7\u00e3o de:<\/p>\n\n\n\n<ul class=\"wp-block-list\">\n<li><strong>descumprimento de Conven\u00e7\u00f5es Coletivas de Trabalho<\/strong>;<\/li>\n\n\n\n<li><strong>jornadas irregulares<\/strong>;<\/li>\n\n\n\n<li><strong>falta de registro profissional<\/strong>;<\/li>\n\n\n\n<li><strong>viola\u00e7\u00e3o de normas de sa\u00fade e seguran\u00e7a do trabalho<\/strong>;<\/li>\n\n\n\n<li><strong>irregularidades envolvendo vigilantes, seguran\u00e7as privados e bombeiros civis<\/strong>.<\/li>\n<\/ul>\n\n\n\n<p>A justificativa enfatiza que o CONASEP j\u00e1 encaminha h\u00e1 anos <strong>den\u00fancias formais e bem documentadas<\/strong> sobre viola\u00e7\u00f5es trabalhistas disseminadas em v\u00e1rios estados.<br>Tais informa\u00e7\u00f5es refor\u00e7am a necessidade de uma integra\u00e7\u00e3o operacional com o MPT, garantindo:<\/p>\n\n\n\n<ul class=\"wp-block-list\">\n<li>maior celeridade nas investiga\u00e7\u00f5es;<\/li>\n\n\n\n<li>qualifica\u00e7\u00e3o t\u00e9cnica das an\u00e1lises;<\/li>\n\n\n\n<li>prote\u00e7\u00e3o efetiva aos trabalhadores;<\/li>\n\n\n\n<li>fortalecimento da fiscaliza\u00e7\u00e3o trabalhista em n\u00edvel nacional.<br>REQ-509-2025-CSPCCO<\/li>\n<\/ul>\n\n\n\n<p>Veja o requerimento na integra:<\/p>\n\n\n\n<div data-wp-interactive=\"core\/file\" class=\"wp-block-file\"><object data-wp-bind--hidden=\"!state.hasPdfPreview\" hidden class=\"wp-block-file__embed\" data=\"https:\/\/conasep.org.br\/noticias\/wp-content\/uploads\/2025\/11\/REQ-509-2025-CSPCCO.pdf\" type=\"application\/pdf\" style=\"width:100%;height:600px\" aria-label=\"Incorporado de REQ-509-2025-CSPCCO.\"><\/object><a id=\"wp-block-file--media-deffc4d7-f438-4209-aa17-7f1b744bfd27\" href=\"https:\/\/conasep.org.br\/noticias\/wp-content\/uploads\/2025\/11\/REQ-509-2025-CSPCCO.pdf\">REQ-509-2025-CSPCCO<\/a><a href=\"https:\/\/conasep.org.br\/noticias\/wp-content\/uploads\/2025\/11\/REQ-509-2025-CSPCCO.pdf\" class=\"wp-block-file__button wp-element-button\" download aria-describedby=\"wp-block-file--media-deffc4d7-f438-4209-aa17-7f1b744bfd27\">Baixar<\/a><\/div>\n\n\n\n<hr class=\"wp-block-separator has-alpha-channel-opacity\"\/>\n\n\n\n<h2 class=\"wp-block-heading\"><strong>Fortalecimento do setor e defesa dos profissionais<\/strong><\/h2>\n\n\n\n<p>Os dois requerimentos apresentados por Capit\u00e3o Alden apontam para uma \u00fanica dire\u00e7\u00e3o: <strong>fortalecer a legalidade, a transpar\u00eancia e a prote\u00e7\u00e3o dos trabalhadores da seguran\u00e7a privada e dos bombeiros civis<\/strong>.<\/p>\n\n\n\n<p>Com as propostas, o deputado busca:<\/p>\n\n\n\n<ul class=\"wp-block-list\">\n<li>ampliar a interlocu\u00e7\u00e3o institucional;<\/li>\n\n\n\n<li>fortalecer a atua\u00e7\u00e3o da Pol\u00edcia Federal e do MPT;<\/li>\n\n\n\n<li>contribuir para pol\u00edticas p\u00fablicas mais modernas, responsivas e integradas;<\/li>\n\n\n\n<li>garantir que irregularidades sejam combatidas com efici\u00eancia.<\/li>\n<\/ul>\n\n\n\n<p>As iniciativas refor\u00e7am o reconhecimento do papel do <strong>CONASEP<\/strong> como entidade nacional de apoio t\u00e9cnico, atuante no enfrentamento de ilegalidades e no aprimoramento das pr\u00e1ticas do setor.<\/p>\n","protected":false},"excerpt":{"rendered":"<p>O Deputado Federal Capit\u00e3o Alden (PL\/BA) apresentou, nesta ter\u00e7a-feira (25), dois relevantes requerimentos na Comiss\u00e3o de Seguran\u00e7a P\u00fablica e Combate ao Crime Organizado (CSPCCO) da C\u00e2mara dos Deputados, ambos voltados ao fortalecimento institucional do setor de seguran\u00e7a privada e \u00e0 prote\u00e7\u00e3o dos profissionais que atuam em todo o pa\u00eds. Os documentos \u2014 Requerimento n\u00ba 509\/2025 e Requerimento n\u00ba 510\/2025 \u2014 refor\u00e7am a import\u00e2ncia do Conselho Nacional da Seguran\u00e7a Privada (CONASEP) como entidade t\u00e9cnica capaz de auxiliar o Poder P\u00fablico em a\u00e7\u00f5es de fiscaliza\u00e7\u00e3o, recebimento de den\u00fancias e combate \u00e0 clandestinidade que ainda afeta o segmento. REQ 510\/2025 \u2014 Inclus\u00e3o do CONASEP na CCASP e coopera\u00e7\u00e3o com a Pol\u00edcia Federal No primeiro requerimento, Capit\u00e3o Alden solicita que a CSPCCO encaminhe ao Poder Executivo uma Indica\u00e7\u00e3o propondo duas medidas estrat\u00e9gicas: 1. Inclus\u00e3o do CONASEP como membro da Comiss\u00e3o Consultiva para Assuntos de Seguran\u00e7a Privada (CCASP) A CCASP \u00e9 o principal colegiado federal respons\u00e1vel por discutir, avaliar e orientar pol\u00edticas voltadas ao setor. A participa\u00e7\u00e3o do CONASEP ampliaria a representatividade da categoria e fortaleceria o di\u00e1logo t\u00e9cnico com o Minist\u00e9rio da Justi\u00e7a. 2. Celebra\u00e7\u00e3o de acordo de coopera\u00e7\u00e3o t\u00e9cnica entre o CONASEP e a Pol\u00edcia Federal O objetivo \u00e9 permitir que a entidade auxilie formalmente a PF em atividades como: A justificativa destaca que o CONASEP j\u00e1 colabora h\u00e1 anos com \u00f3rg\u00e3os p\u00fablicos, acumulando vasto hist\u00f3rico de encaminhamento de den\u00fancias envolvendo irregularidades graves no setor, o que demonstra sua capilaridade, expertise t\u00e9cnica e papel institucional no fortalecimento da seguran\u00e7a privada em \u00e2mbito nacional.REQ-510-2025-CSPCCO Veja o Requerimento: REQ 509\/2025 \u2014 Encaminhamento ao Minist\u00e9rio P\u00fablico do Trabalho para acordo de coopera\u00e7\u00e3o O segundo requerimento apresentado pelo parlamentar solicita que a Comiss\u00e3o encaminhe \u00e0 Procuradoria-Geral da Rep\u00fablica (PGR) uma Indica\u00e7\u00e3o para que o Minist\u00e9rio P\u00fablico do Trabalho (MPT) avalie a celebra\u00e7\u00e3o de acordo de coopera\u00e7\u00e3o t\u00e9cnica com o CONASEP. O foco deste instrumento \u00e9 aprimorar a atua\u00e7\u00e3o institucional na apura\u00e7\u00e3o de: A justificativa enfatiza que o CONASEP j\u00e1 encaminha h\u00e1 anos den\u00fancias formais e bem documentadas sobre viola\u00e7\u00f5es trabalhistas disseminadas em v\u00e1rios estados.Tais informa\u00e7\u00f5es refor\u00e7am a necessidade de uma integra\u00e7\u00e3o operacional com o MPT, garantindo: Veja o requerimento na integra: Fortalecimento do setor e defesa dos profissionais Os dois requerimentos apresentados por Capit\u00e3o Alden apontam para uma \u00fanica dire\u00e7\u00e3o: fortalecer a legalidade, a transpar\u00eancia e a prote\u00e7\u00e3o dos trabalhadores da seguran\u00e7a privada e dos bombeiros civis. Com as propostas, o deputado busca: As iniciativas refor\u00e7am o reconhecimento do papel do CONASEP como entidade nacional de apoio t\u00e9cnico, atuante no enfrentamento de ilegalidades e no aprimoramento das pr\u00e1ticas do setor.<\/p>\n","protected":false},"author":6,"featured_media":1682,"comment_status":"open","ping_status":"open","sticky":false,"template":"","format":"standard","meta":{"footnotes":""},"categories":[46],"tags":[],"class_list":["post-1994","post","type-post","status-publish","format-standard","has-post-thumbnail","hentry","category-noticias"],"yoast_head":"<!-- This site is optimized with the Yoast SEO plugin v24.8.1 - https:\/\/yoast.com\/wordpress\/plugins\/seo\/ -->\n<title>Capit\u00e3o Alden apresenta dois importantes requerimentos na CSPCCO para fortalecer fiscaliza\u00e7\u00e3o na Seguran\u00e7a Privada e Bombeiros Civis e prote\u00e7\u00e3o trabalhista da categoria - Noticias Conasep<\/title>\n<meta name=\"robots\" content=\"index, follow, max-snippet:-1, max-image-preview:large, max-video-preview:-1\" \/>\n<link rel=\"canonical\" href=\"https:\/\/conasep.org.br\/noticias\/capitao-alden-apresenta-dois-importantes-requerimentos-na-cspcco-para-fortalecer-fiscalizacao-na-seguranca-privada-e-bombeiros-civis-e-protecao-trabalhista-da-categoria\/\" \/>\n<meta property=\"og:locale\" content=\"pt_BR\" \/>\n<meta property=\"og:type\" content=\"article\" \/>\n<meta property=\"og:title\" content=\"Capit\u00e3o Alden apresenta dois importantes requerimentos na CSPCCO para fortalecer fiscaliza\u00e7\u00e3o na Seguran\u00e7a Privada e Bombeiros Civis e prote\u00e7\u00e3o trabalhista da categoria - Noticias Conasep\" \/>\n<meta property=\"og:description\" content=\"O Deputado Federal Capit\u00e3o Alden (PL\/BA) apresentou, nesta ter\u00e7a-feira (25), dois relevantes requerimentos na Comiss\u00e3o de Seguran\u00e7a P\u00fablica e Combate ao Crime Organizado (CSPCCO) da C\u00e2mara dos Deputados, ambos voltados ao fortalecimento institucional do setor de seguran\u00e7a privada e \u00e0 prote\u00e7\u00e3o dos profissionais que atuam em todo o pa\u00eds. Os documentos \u2014 Requerimento n\u00ba 509\/2025 e Requerimento n\u00ba 510\/2025 \u2014 refor\u00e7am a import\u00e2ncia do Conselho Nacional da Seguran\u00e7a Privada (CONASEP) como entidade t\u00e9cnica capaz de auxiliar o Poder P\u00fablico em a\u00e7\u00f5es de fiscaliza\u00e7\u00e3o, recebimento de den\u00fancias e combate \u00e0 clandestinidade que ainda afeta o segmento. REQ 510\/2025 \u2014 Inclus\u00e3o do CONASEP na CCASP e coopera\u00e7\u00e3o com a Pol\u00edcia Federal No primeiro requerimento, Capit\u00e3o Alden solicita que a CSPCCO encaminhe ao Poder Executivo uma Indica\u00e7\u00e3o propondo duas medidas estrat\u00e9gicas: 1. Inclus\u00e3o do CONASEP como membro da Comiss\u00e3o Consultiva para Assuntos de Seguran\u00e7a Privada (CCASP) A CCASP \u00e9 o principal colegiado federal respons\u00e1vel por discutir, avaliar e orientar pol\u00edticas voltadas ao setor. A participa\u00e7\u00e3o do CONASEP ampliaria a representatividade da categoria e fortaleceria o di\u00e1logo t\u00e9cnico com o Minist\u00e9rio da Justi\u00e7a. 2. Celebra\u00e7\u00e3o de acordo de coopera\u00e7\u00e3o t\u00e9cnica entre o CONASEP e a Pol\u00edcia Federal O objetivo \u00e9 permitir que a entidade auxilie formalmente a PF em atividades como: A justificativa destaca que o CONASEP j\u00e1 colabora h\u00e1 anos com \u00f3rg\u00e3os p\u00fablicos, acumulando vasto hist\u00f3rico de encaminhamento de den\u00fancias envolvendo irregularidades graves no setor, o que demonstra sua capilaridade, expertise t\u00e9cnica e papel institucional no fortalecimento da seguran\u00e7a privada em \u00e2mbito nacional.REQ-510-2025-CSPCCO Veja o Requerimento: REQ 509\/2025 \u2014 Encaminhamento ao Minist\u00e9rio P\u00fablico do Trabalho para acordo de coopera\u00e7\u00e3o O segundo requerimento apresentado pelo parlamentar solicita que a Comiss\u00e3o encaminhe \u00e0 Procuradoria-Geral da Rep\u00fablica (PGR) uma Indica\u00e7\u00e3o para que o Minist\u00e9rio P\u00fablico do Trabalho (MPT) avalie a celebra\u00e7\u00e3o de acordo de coopera\u00e7\u00e3o t\u00e9cnica com o CONASEP. O foco deste instrumento \u00e9 aprimorar a atua\u00e7\u00e3o institucional na apura\u00e7\u00e3o de: A justificativa enfatiza que o CONASEP j\u00e1 encaminha h\u00e1 anos den\u00fancias formais e bem documentadas sobre viola\u00e7\u00f5es trabalhistas disseminadas em v\u00e1rios estados.Tais informa\u00e7\u00f5es refor\u00e7am a necessidade de uma integra\u00e7\u00e3o operacional com o MPT, garantindo: Veja o requerimento na integra: Fortalecimento do setor e defesa dos profissionais Os dois requerimentos apresentados por Capit\u00e3o Alden apontam para uma \u00fanica dire\u00e7\u00e3o: fortalecer a legalidade, a transpar\u00eancia e a prote\u00e7\u00e3o dos trabalhadores da seguran\u00e7a privada e dos bombeiros civis. Com as propostas, o deputado busca: As iniciativas refor\u00e7am o reconhecimento do papel do CONASEP como entidade nacional de apoio t\u00e9cnico, atuante no enfrentamento de ilegalidades e no aprimoramento das pr\u00e1ticas do setor.\" \/>\n<meta property=\"og:url\" content=\"https:\/\/conasep.org.br\/noticias\/capitao-alden-apresenta-dois-importantes-requerimentos-na-cspcco-para-fortalecer-fiscalizacao-na-seguranca-privada-e-bombeiros-civis-e-protecao-trabalhista-da-categoria\/\" \/>\n<meta property=\"og:site_name\" content=\"Noticias Conasep\" \/>\n<meta property=\"article:published_time\" content=\"2025-11-25T23:42:01+00:00\" \/>\n<meta property=\"og:image\" content=\"https:\/\/conasep.org.br\/noticias\/wp-content\/uploads\/2025\/05\/WhatsApp-Image-2025-05-21-at-19.37.24-1.jpeg\" \/>\n\t<meta property=\"og:image:width\" content=\"1296\" \/>\n\t<meta property=\"og:image:height\" content=\"864\" \/>\n\t<meta property=\"og:image:type\" content=\"image\/jpeg\" \/>\n<meta name=\"author\" content=\"CONASEP\" \/>\n<meta name=\"twitter:card\" content=\"summary_large_image\" \/>\n<meta name=\"twitter:label1\" content=\"Escrito por\" \/>\n\t<meta name=\"twitter:data1\" content=\"CONASEP\" \/>\n\t<meta name=\"twitter:label2\" content=\"Est. tempo de leitura\" \/>\n\t<meta name=\"twitter:data2\" content=\"4 minutos\" \/>\n<script type=\"application\/ld+json\" class=\"yoast-schema-graph\">{\"@context\":\"https:\/\/schema.org\",\"@graph\":[{\"@type\":\"WebPage\",\"@id\":\"https:\/\/conasep.org.br\/noticias\/capitao-alden-apresenta-dois-importantes-requerimentos-na-cspcco-para-fortalecer-fiscalizacao-na-seguranca-privada-e-bombeiros-civis-e-protecao-trabalhista-da-categoria\/\",\"url\":\"https:\/\/conasep.org.br\/noticias\/capitao-alden-apresenta-dois-importantes-requerimentos-na-cspcco-para-fortalecer-fiscalizacao-na-seguranca-privada-e-bombeiros-civis-e-protecao-trabalhista-da-categoria\/\",\"name\":\"Capit\u00e3o Alden apresenta dois importantes requerimentos na CSPCCO para fortalecer fiscaliza\u00e7\u00e3o na Seguran\u00e7a Privada e Bombeiros Civis e prote\u00e7\u00e3o trabalhista da categoria - Noticias Conasep\",\"isPartOf\":{\"@id\":\"https:\/\/www.conasep.org.br\/noticias\/#website\"},\"primaryImageOfPage\":{\"@id\":\"https:\/\/conasep.org.br\/noticias\/capitao-alden-apresenta-dois-importantes-requerimentos-na-cspcco-para-fortalecer-fiscalizacao-na-seguranca-privada-e-bombeiros-civis-e-protecao-trabalhista-da-categoria\/#primaryimage\"},\"image\":{\"@id\":\"https:\/\/conasep.org.br\/noticias\/capitao-alden-apresenta-dois-importantes-requerimentos-na-cspcco-para-fortalecer-fiscalizacao-na-seguranca-privada-e-bombeiros-civis-e-protecao-trabalhista-da-categoria\/#primaryimage\"},\"thumbnailUrl\":\"https:\/\/conasep.org.br\/noticias\/wp-content\/uploads\/2025\/05\/WhatsApp-Image-2025-05-21-at-19.37.24-1.jpeg\",\"datePublished\":\"2025-11-25T23:42:01+00:00\",\"author\":{\"@id\":\"https:\/\/www.conasep.org.br\/noticias\/#\/schema\/person\/96e446b120d85d108e7ebeb7d82a2c44\"},\"breadcrumb\":{\"@id\":\"https:\/\/conasep.org.br\/noticias\/capitao-alden-apresenta-dois-importantes-requerimentos-na-cspcco-para-fortalecer-fiscalizacao-na-seguranca-privada-e-bombeiros-civis-e-protecao-trabalhista-da-categoria\/#breadcrumb\"},\"inLanguage\":\"pt-BR\",\"potentialAction\":[{\"@type\":\"ReadAction\",\"target\":[\"https:\/\/conasep.org.br\/noticias\/capitao-alden-apresenta-dois-importantes-requerimentos-na-cspcco-para-fortalecer-fiscalizacao-na-seguranca-privada-e-bombeiros-civis-e-protecao-trabalhista-da-categoria\/\"]}]},{\"@type\":\"ImageObject\",\"inLanguage\":\"pt-BR\",\"@id\":\"https:\/\/conasep.org.br\/noticias\/capitao-alden-apresenta-dois-importantes-requerimentos-na-cspcco-para-fortalecer-fiscalizacao-na-seguranca-privada-e-bombeiros-civis-e-protecao-trabalhista-da-categoria\/#primaryimage\",\"url\":\"https:\/\/conasep.org.br\/noticias\/wp-content\/uploads\/2025\/05\/WhatsApp-Image-2025-05-21-at-19.37.24-1.jpeg\",\"contentUrl\":\"https:\/\/conasep.org.br\/noticias\/wp-content\/uploads\/2025\/05\/WhatsApp-Image-2025-05-21-at-19.37.24-1.jpeg\",\"width\":1296,\"height\":864},{\"@type\":\"BreadcrumbList\",\"@id\":\"https:\/\/conasep.org.br\/noticias\/capitao-alden-apresenta-dois-importantes-requerimentos-na-cspcco-para-fortalecer-fiscalizacao-na-seguranca-privada-e-bombeiros-civis-e-protecao-trabalhista-da-categoria\/#breadcrumb\",\"itemListElement\":[{\"@type\":\"ListItem\",\"position\":1,\"name\":\"In\u00edcio\",\"item\":\"https:\/\/www.conasep.org.br\/noticias\/\"},{\"@type\":\"ListItem\",\"position\":2,\"name\":\"Capit\u00e3o Alden apresenta dois importantes requerimentos na CSPCCO para fortalecer fiscaliza\u00e7\u00e3o na Seguran\u00e7a Privada e Bombeiros Civis e prote\u00e7\u00e3o trabalhista da categoria\"}]},{\"@type\":\"WebSite\",\"@id\":\"https:\/\/www.conasep.org.br\/noticias\/#website\",\"url\":\"https:\/\/www.conasep.org.br\/noticias\/\",\"name\":\"Noticias Conasep\",\"description\":\"Os melhores conte\u00fados\",\"potentialAction\":[{\"@type\":\"SearchAction\",\"target\":{\"@type\":\"EntryPoint\",\"urlTemplate\":\"https:\/\/www.conasep.org.br\/noticias\/?s={search_term_string}\"},\"query-input\":{\"@type\":\"PropertyValueSpecification\",\"valueRequired\":true,\"valueName\":\"search_term_string\"}}],\"inLanguage\":\"pt-BR\"},{\"@type\":\"Person\",\"@id\":\"https:\/\/www.conasep.org.br\/noticias\/#\/schema\/person\/96e446b120d85d108e7ebeb7d82a2c44\",\"name\":\"CONASEP\",\"image\":{\"@type\":\"ImageObject\",\"inLanguage\":\"pt-BR\",\"@id\":\"https:\/\/www.conasep.org.br\/noticias\/#\/schema\/person\/image\/\",\"url\":\"https:\/\/secure.gravatar.com\/avatar\/17258e04e8f7917cf6d5fea9e29eedbd?s=96&d=mm&r=g\",\"contentUrl\":\"https:\/\/secure.gravatar.com\/avatar\/17258e04e8f7917cf6d5fea9e29eedbd?s=96&d=mm&r=g\",\"caption\":\"CONASEP\"},\"url\":\"https:\/\/conasep.org.br\/noticias\/author\/conasep\/\"}]}<\/script>\n<!-- \/ Yoast SEO plugin. -->","yoast_head_json":{"title":"Capit\u00e3o Alden apresenta dois importantes requerimentos na CSPCCO para fortalecer fiscaliza\u00e7\u00e3o na Seguran\u00e7a Privada e Bombeiros Civis e prote\u00e7\u00e3o trabalhista da categoria - Noticias Conasep","robots":{"index":"index","follow":"follow","max-snippet":"max-snippet:-1","max-image-preview":"max-image-preview:large","max-video-preview":"max-video-preview:-1"},"canonical":"https:\/\/conasep.org.br\/noticias\/capitao-alden-apresenta-dois-importantes-requerimentos-na-cspcco-para-fortalecer-fiscalizacao-na-seguranca-privada-e-bombeiros-civis-e-protecao-trabalhista-da-categoria\/","og_locale":"pt_BR","og_type":"article","og_title":"Capit\u00e3o Alden apresenta dois importantes requerimentos na CSPCCO para fortalecer fiscaliza\u00e7\u00e3o na Seguran\u00e7a Privada e Bombeiros Civis e prote\u00e7\u00e3o trabalhista da categoria - Noticias Conasep","og_description":"O Deputado Federal Capit\u00e3o Alden (PL\/BA) apresentou, nesta ter\u00e7a-feira (25), dois relevantes requerimentos na Comiss\u00e3o de Seguran\u00e7a P\u00fablica e Combate ao Crime Organizado (CSPCCO) da C\u00e2mara dos Deputados, ambos voltados ao fortalecimento institucional do setor de seguran\u00e7a privada e \u00e0 prote\u00e7\u00e3o dos profissionais que atuam em todo o pa\u00eds. Os documentos \u2014 Requerimento n\u00ba 509\/2025 e Requerimento n\u00ba 510\/2025 \u2014 refor\u00e7am a import\u00e2ncia do Conselho Nacional da Seguran\u00e7a Privada (CONASEP) como entidade t\u00e9cnica capaz de auxiliar o Poder P\u00fablico em a\u00e7\u00f5es de fiscaliza\u00e7\u00e3o, recebimento de den\u00fancias e combate \u00e0 clandestinidade que ainda afeta o segmento. REQ 510\/2025 \u2014 Inclus\u00e3o do CONASEP na CCASP e coopera\u00e7\u00e3o com a Pol\u00edcia Federal No primeiro requerimento, Capit\u00e3o Alden solicita que a CSPCCO encaminhe ao Poder Executivo uma Indica\u00e7\u00e3o propondo duas medidas estrat\u00e9gicas: 1. Inclus\u00e3o do CONASEP como membro da Comiss\u00e3o Consultiva para Assuntos de Seguran\u00e7a Privada (CCASP) A CCASP \u00e9 o principal colegiado federal respons\u00e1vel por discutir, avaliar e orientar pol\u00edticas voltadas ao setor. A participa\u00e7\u00e3o do CONASEP ampliaria a representatividade da categoria e fortaleceria o di\u00e1logo t\u00e9cnico com o Minist\u00e9rio da Justi\u00e7a. 2. Celebra\u00e7\u00e3o de acordo de coopera\u00e7\u00e3o t\u00e9cnica entre o CONASEP e a Pol\u00edcia Federal O objetivo \u00e9 permitir que a entidade auxilie formalmente a PF em atividades como: A justificativa destaca que o CONASEP j\u00e1 colabora h\u00e1 anos com \u00f3rg\u00e3os p\u00fablicos, acumulando vasto hist\u00f3rico de encaminhamento de den\u00fancias envolvendo irregularidades graves no setor, o que demonstra sua capilaridade, expertise t\u00e9cnica e papel institucional no fortalecimento da seguran\u00e7a privada em \u00e2mbito nacional.REQ-510-2025-CSPCCO Veja o Requerimento: REQ 509\/2025 \u2014 Encaminhamento ao Minist\u00e9rio P\u00fablico do Trabalho para acordo de coopera\u00e7\u00e3o O segundo requerimento apresentado pelo parlamentar solicita que a Comiss\u00e3o encaminhe \u00e0 Procuradoria-Geral da Rep\u00fablica (PGR) uma Indica\u00e7\u00e3o para que o Minist\u00e9rio P\u00fablico do Trabalho (MPT) avalie a celebra\u00e7\u00e3o de acordo de coopera\u00e7\u00e3o t\u00e9cnica com o CONASEP. O foco deste instrumento \u00e9 aprimorar a atua\u00e7\u00e3o institucional na apura\u00e7\u00e3o de: A justificativa enfatiza que o CONASEP j\u00e1 encaminha h\u00e1 anos den\u00fancias formais e bem documentadas sobre viola\u00e7\u00f5es trabalhistas disseminadas em v\u00e1rios estados.Tais informa\u00e7\u00f5es refor\u00e7am a necessidade de uma integra\u00e7\u00e3o operacional com o MPT, garantindo: Veja o requerimento na integra: Fortalecimento do setor e defesa dos profissionais Os dois requerimentos apresentados por Capit\u00e3o Alden apontam para uma \u00fanica dire\u00e7\u00e3o: fortalecer a legalidade, a transpar\u00eancia e a prote\u00e7\u00e3o dos trabalhadores da seguran\u00e7a privada e dos bombeiros civis. Com as propostas, o deputado busca: As iniciativas refor\u00e7am o reconhecimento do papel do CONASEP como entidade nacional de apoio t\u00e9cnico, atuante no enfrentamento de ilegalidades e no aprimoramento das pr\u00e1ticas do setor.","og_url":"https:\/\/conasep.org.br\/noticias\/capitao-alden-apresenta-dois-importantes-requerimentos-na-cspcco-para-fortalecer-fiscalizacao-na-seguranca-privada-e-bombeiros-civis-e-protecao-trabalhista-da-categoria\/","og_site_name":"Noticias Conasep","article_published_time":"2025-11-25T23:42:01+00:00","og_image":[{"width":1296,"height":864,"url":"https:\/\/conasep.org.br\/noticias\/wp-content\/uploads\/2025\/05\/WhatsApp-Image-2025-05-21-at-19.37.24-1.jpeg","type":"image\/jpeg"}],"author":"CONASEP","twitter_card":"summary_large_image","twitter_misc":{"Escrito por":"CONASEP","Est. tempo de leitura":"4 minutos"},"schema":{"@context":"https:\/\/schema.org","@graph":[{"@type":"WebPage","@id":"https:\/\/conasep.org.br\/noticias\/capitao-alden-apresenta-dois-importantes-requerimentos-na-cspcco-para-fortalecer-fiscalizacao-na-seguranca-privada-e-bombeiros-civis-e-protecao-trabalhista-da-categoria\/","url":"https:\/\/conasep.org.br\/noticias\/capitao-alden-apresenta-dois-importantes-requerimentos-na-cspcco-para-fortalecer-fiscalizacao-na-seguranca-privada-e-bombeiros-civis-e-protecao-trabalhista-da-categoria\/","name":"Capit\u00e3o Alden apresenta dois importantes requerimentos na CSPCCO para fortalecer fiscaliza\u00e7\u00e3o na Seguran\u00e7a Privada e Bombeiros Civis e prote\u00e7\u00e3o trabalhista da categoria - Noticias Conasep","isPartOf":{"@id":"https:\/\/www.conasep.org.br\/noticias\/#website"},"primaryImageOfPage":{"@id":"https:\/\/conasep.org.br\/noticias\/capitao-alden-apresenta-dois-importantes-requerimentos-na-cspcco-para-fortalecer-fiscalizacao-na-seguranca-privada-e-bombeiros-civis-e-protecao-trabalhista-da-categoria\/#primaryimage"},"image":{"@id":"https:\/\/conasep.org.br\/noticias\/capitao-alden-apresenta-dois-importantes-requerimentos-na-cspcco-para-fortalecer-fiscalizacao-na-seguranca-privada-e-bombeiros-civis-e-protecao-trabalhista-da-categoria\/#primaryimage"},"thumbnailUrl":"https:\/\/conasep.org.br\/noticias\/wp-content\/uploads\/2025\/05\/WhatsApp-Image-2025-05-21-at-19.37.24-1.jpeg","datePublished":"2025-11-25T23:42:01+00:00","author":{"@id":"https:\/\/www.conasep.org.br\/noticias\/#\/schema\/person\/96e446b120d85d108e7ebeb7d82a2c44"},"breadcrumb":{"@id":"https:\/\/conasep.org.br\/noticias\/capitao-alden-apresenta-dois-importantes-requerimentos-na-cspcco-para-fortalecer-fiscalizacao-na-seguranca-privada-e-bombeiros-civis-e-protecao-trabalhista-da-categoria\/#breadcrumb"},"inLanguage":"pt-BR","potentialAction":[{"@type":"ReadAction","target":["https:\/\/conasep.org.br\/noticias\/capitao-alden-apresenta-dois-importantes-requerimentos-na-cspcco-para-fortalecer-fiscalizacao-na-seguranca-privada-e-bombeiros-civis-e-protecao-trabalhista-da-categoria\/"]}]},{"@type":"ImageObject","inLanguage":"pt-BR","@id":"https:\/\/conasep.org.br\/noticias\/capitao-alden-apresenta-dois-importantes-requerimentos-na-cspcco-para-fortalecer-fiscalizacao-na-seguranca-privada-e-bombeiros-civis-e-protecao-trabalhista-da-categoria\/#primaryimage","url":"https:\/\/conasep.org.br\/noticias\/wp-content\/uploads\/2025\/05\/WhatsApp-Image-2025-05-21-at-19.37.24-1.jpeg","contentUrl":"https:\/\/conasep.org.br\/noticias\/wp-content\/uploads\/2025\/05\/WhatsApp-Image-2025-05-21-at-19.37.24-1.jpeg","width":1296,"height":864},{"@type":"BreadcrumbList","@id":"https:\/\/conasep.org.br\/noticias\/capitao-alden-apresenta-dois-importantes-requerimentos-na-cspcco-para-fortalecer-fiscalizacao-na-seguranca-privada-e-bombeiros-civis-e-protecao-trabalhista-da-categoria\/#breadcrumb","itemListElement":[{"@type":"ListItem","position":1,"name":"In\u00edcio","item":"https:\/\/www.conasep.org.br\/noticias\/"},{"@type":"ListItem","position":2,"name":"Capit\u00e3o Alden apresenta dois importantes requerimentos na CSPCCO para fortalecer fiscaliza\u00e7\u00e3o na Seguran\u00e7a Privada e Bombeiros Civis e prote\u00e7\u00e3o trabalhista da categoria"}]},{"@type":"WebSite","@id":"https:\/\/www.conasep.org.br\/noticias\/#website","url":"https:\/\/www.conasep.org.br\/noticias\/","name":"Noticias Conasep","description":"Os melhores conte\u00fados","potentialAction":[{"@type":"SearchAction","target":{"@type":"EntryPoint","urlTemplate":"https:\/\/www.conasep.org.br\/noticias\/?s={search_term_string}"},"query-input":{"@type":"PropertyValueSpecification","valueRequired":true,"valueName":"search_term_string"}}],"inLanguage":"pt-BR"},{"@type":"Person","@id":"https:\/\/www.conasep.org.br\/noticias\/#\/schema\/person\/96e446b120d85d108e7ebeb7d82a2c44","name":"CONASEP","image":{"@type":"ImageObject","inLanguage":"pt-BR","@id":"https:\/\/www.conasep.org.br\/noticias\/#\/schema\/person\/image\/","url":"https:\/\/secure.gravatar.com\/avatar\/17258e04e8f7917cf6d5fea9e29eedbd?s=96&d=mm&r=g","contentUrl":"https:\/\/secure.gravatar.com\/avatar\/17258e04e8f7917cf6d5fea9e29eedbd?s=96&d=mm&r=g","caption":"CONASEP"},"url":"https:\/\/conasep.org.br\/noticias\/author\/conasep\/"}]}},"_links":{"self":[{"href":"https:\/\/conasep.org.br\/noticias\/wp-json\/wp\/v2\/posts\/1994","targetHints":{"allow":["GET"]}}],"collection":[{"href":"https:\/\/conasep.org.br\/noticias\/wp-json\/wp\/v2\/posts"}],"about":[{"href":"https:\/\/conasep.org.br\/noticias\/wp-json\/wp\/v2\/types\/post"}],"author":[{"embeddable":true,"href":"https:\/\/conasep.org.br\/noticias\/wp-json\/wp\/v2\/users\/6"}],"replies":[{"embeddable":true,"href":"https:\/\/conasep.org.br\/noticias\/wp-json\/wp\/v2\/comments?post=1994"}],"version-history":[{"count":1,"href":"https:\/\/conasep.org.br\/noticias\/wp-json\/wp\/v2\/posts\/1994\/revisions"}],"predecessor-version":[{"id":1997,"href":"https:\/\/conasep.org.br\/noticias\/wp-json\/wp\/v2\/posts\/1994\/revisions\/1997"}],"wp:featuredmedia":[{"embeddable":true,"href":"https:\/\/conasep.org.br\/noticias\/wp-json\/wp\/v2\/media\/1682"}],"wp:attachment":[{"href":"https:\/\/conasep.org.br\/noticias\/wp-json\/wp\/v2\/media?parent=1994"}],"wp:term":[{"taxonomy":"category","embeddable":true,"href":"https:\/\/conasep.org.br\/noticias\/wp-json\/wp\/v2\/categories?post=1994"},{"taxonomy":"post_tag","embeddable":true,"href":"https:\/\/conasep.org.br\/noticias\/wp-json\/wp\/v2\/tags?post=1994"}],"curies":[{"name":"wp","href":"https:\/\/api.w.org\/{rel}","templated":true}]}}