{"id":1998,"date":"2025-11-26T15:42:42","date_gmt":"2025-11-26T15:42:42","guid":{"rendered":"https:\/\/conasep.org.br\/noticias\/?p=1998"},"modified":"2025-11-26T15:42:42","modified_gmt":"2025-11-26T15:42:42","slug":"deputado-capitao-alden-garante-aprovacao-de-relatorio-do-pl-2-480-2025-na-comissao-de-trabalho-e-atende-pedido-do-conasep-para-incluir-instrutores-no-porte","status":"publish","type":"post","link":"https:\/\/conasep.org.br\/noticias\/deputado-capitao-alden-garante-aprovacao-de-relatorio-do-pl-2-480-2025-na-comissao-de-trabalho-e-atende-pedido-do-conasep-para-incluir-instrutores-no-porte\/","title":{"rendered":"DEPUTADO CAPIT\u00c3O ALDEN GARANTE APROVA\u00c7\u00c3O DE RELAT\u00d3RIO DO PL 2.480\/2025 NA COMISS\u00c3O DE TRABALHO E ATENDE PEDIDO DO CONASEP PARA INCLUIR INSTRUTORES NO PORTE"},"content":{"rendered":"\n<p>A Comiss\u00e3o de Trabalho da C\u00e2mara dos Deputados aprovou, nesta quarta-feira (26\/11\/2025), o relat\u00f3rio do <strong><a href=\"https:\/\/www.camara.leg.br\/proposicoesWeb\/fichadetramitacao?idProposicao=2515592\">Projeto de Lei n\u00ba 2.480\/2025<\/a><\/strong>, elaborado pelo <strong>Deputado Federal Capit\u00e3o Alden (PL\/BA)<\/strong>. A proposta, de autoria da Deputada Ros\u00e2ngela Reis, reconhece nacionalmente a profiss\u00e3o de <strong>vigilante<\/strong> e <strong>agente de seguran\u00e7a privada<\/strong> como atividades de risco, garantindo mais prote\u00e7\u00e3o e valoriza\u00e7\u00e3o a esses profissionais.<\/p>\n\n\n\n<p>A atua\u00e7\u00e3o do <strong>Deputado Capit\u00e3o Alden<\/strong> foi determinante para o avan\u00e7o da mat\u00e9ria. Al\u00e9m de aprimorar o texto com seguran\u00e7a jur\u00eddica e atualiza\u00e7\u00e3o legislativa, o parlamentar <strong>atendeu plenamente a uma solicita\u00e7\u00e3o do Conselho Nacional da Seguran\u00e7a Privada \u2013 CONASEP<\/strong>, que encaminhou pedido formal para que o projeto inclu\u00edsse tamb\u00e9m os <strong>instrutores de seguran\u00e7a privada<\/strong> e os <strong>instrutores de armamento e tiro<\/strong> no rol de profissionais autorizados a solicitar o porte pessoal de arma de fogo.<\/p>\n\n\n\n<p>Com isso, a vers\u00e3o aprovada passou a contemplar toda a cadeia de forma\u00e7\u00e3o e atua\u00e7\u00e3o da seguran\u00e7a privada, fortalecendo um setor essencial e que opera diariamente sob risco elevado.<\/p>\n\n\n\n<hr class=\"wp-block-separator has-alpha-channel-opacity\"\/>\n\n\n\n<h3 class=\"wp-block-heading\"><strong>CAPIT\u00c3O ALDEN: compromisso com a categoria e com a seguran\u00e7a jur\u00eddica<\/strong><\/h3>\n\n\n\n<p>No relat\u00f3rio, Capit\u00e3o Alden destacou que institui\u00e7\u00f5es banc\u00e1rias, empresas, espa\u00e7os de grande circula\u00e7\u00e3o e eventos dependem diretamente da atua\u00e7\u00e3o desses profissionais para garantir ordem, integridade f\u00edsica e prote\u00e7\u00e3o patrimonial. O parlamentar enfatizou que vigilantes, agentes e instrutores enfrentam riscos constantes, inclusive fora do expediente, raz\u00e3o pela qual necessitam de instrumentos legais que ampliem sua seguran\u00e7a.<\/p>\n\n\n\n<p>O substitutivo apresentado pelo deputado n\u00e3o apenas reconhece oficialmente a atividade de risco, como tamb\u00e9m <strong>moderniza a legisla\u00e7\u00e3o<\/strong>, harmonizando o texto com a Lei 14.967\/2024 e com o Estatuto do Desarmamento (Lei 10.826\/2003). Entre os principais avan\u00e7os est\u00e3o:<\/p>\n\n\n\n<ul class=\"wp-block-list\">\n<li>Inclus\u00e3o dos <strong>instrutores de seguran\u00e7a privada<\/strong> e dos <strong>instrutores de armamento e tiro<\/strong>, conforme solicitado pelo CONASEP;<\/li>\n\n\n\n<li>Possibilidade de <strong>porte pessoal<\/strong> mediante comprova\u00e7\u00e3o profissional e requisitos atualizados;<\/li>\n\n\n\n<li>Obrigatoriedade de comunica\u00e7\u00e3o \u00e0 Pol\u00edcia Federal quando houver encerramento do v\u00ednculo empregat\u00edcio;<\/li>\n\n\n\n<li>Previs\u00e3o de <strong>demiss\u00e3o por justa causa<\/strong> caso armas funcionais ou privadas sejam usadas para pr\u00e1ticas il\u00edcitas;<\/li>\n\n\n\n<li>Refor\u00e7o da seguran\u00e7a jur\u00eddica para os profissionais e para as empresas do setor.<\/li>\n<\/ul>\n\n\n\n<hr class=\"wp-block-separator has-alpha-channel-opacity\"\/>\n\n\n\n<h3 class=\"wp-block-heading\"><strong>Reconhecimento nacional e fortalecimento da categoria<\/strong><\/h3>\n\n\n\n<p>O texto aprovado assegura que vigilantes, agentes de seguran\u00e7a privada e instrutores \u2014 tanto os que atuam diretamente na linha de frente quanto os respons\u00e1veis pela forma\u00e7\u00e3o t\u00e9cnica \u2014 passem a ter seus riscos reconhecidos pelo Estado, permitindo maior prote\u00e7\u00e3o individual e mais respaldo institucional.<\/p>\n\n\n\n<p>Segundo Capit\u00e3o Alden, \u201ca seguran\u00e7a privada \u00e9 pilar fundamental da prote\u00e7\u00e3o patrimonial e da integridade de milh\u00f5es de brasileiros. Esses profissionais merecem o devido reconhecimento e as condi\u00e7\u00f5es necess\u00e1rias para exercer suas fun\u00e7\u00f5es com dignidade e seguran\u00e7a\u201d.<\/p>\n\n\n\n<hr class=\"wp-block-separator has-alpha-channel-opacity\"\/>\n\n\n\n<h3 class=\"wp-block-heading\"><strong>Pr\u00f3ximas etapas<\/strong><\/h3>\n\n\n\n<p>Agora, o PL 2.480\/2025 segue para a <strong>Comiss\u00e3o de Seguran\u00e7a P\u00fablica e Combate ao Crime Organizado (CSPCCO)<\/strong> e, na sequ\u00eancia, para a <strong>CCJC<\/strong>, etapa final antes de ir ao Plen\u00e1rio. A expectativa \u00e9 de tramita\u00e7\u00e3o c\u00e9lere, dado o amplo apoio conquistado na Comiss\u00e3o de Trabalho.<\/p>\n\n\n\n<p>Veja na integra:<\/p>\n\n\n\n<figure class=\"wp-block-video\"><video controls src=\"https:\/\/conasep.org.br\/noticias\/wp-content\/uploads\/2025\/11\/688098fc4cbff54f8262b262d88ccce5.mp4\"><\/video><\/figure>\n","protected":false},"excerpt":{"rendered":"<p>A Comiss\u00e3o de Trabalho da C\u00e2mara dos Deputados aprovou, nesta quarta-feira (26\/11\/2025), o relat\u00f3rio do Projeto de Lei n\u00ba 2.480\/2025, elaborado pelo Deputado Federal Capit\u00e3o Alden (PL\/BA). A proposta, de autoria da Deputada Ros\u00e2ngela Reis, reconhece nacionalmente a profiss\u00e3o de vigilante e agente de seguran\u00e7a privada como atividades de risco, garantindo mais prote\u00e7\u00e3o e valoriza\u00e7\u00e3o a esses profissionais. A atua\u00e7\u00e3o do Deputado Capit\u00e3o Alden foi determinante para o avan\u00e7o da mat\u00e9ria. Al\u00e9m de aprimorar o texto com seguran\u00e7a jur\u00eddica e atualiza\u00e7\u00e3o legislativa, o parlamentar atendeu plenamente a uma solicita\u00e7\u00e3o do Conselho Nacional da Seguran\u00e7a Privada \u2013 CONASEP, que encaminhou pedido formal para que o projeto inclu\u00edsse tamb\u00e9m os instrutores de seguran\u00e7a privada e os instrutores de armamento e tiro no rol de profissionais autorizados a solicitar o porte pessoal de arma de fogo. Com isso, a vers\u00e3o aprovada passou a contemplar toda a cadeia de forma\u00e7\u00e3o e atua\u00e7\u00e3o da seguran\u00e7a privada, fortalecendo um setor essencial e que opera diariamente sob risco elevado. CAPIT\u00c3O ALDEN: compromisso com a categoria e com a seguran\u00e7a jur\u00eddica No relat\u00f3rio, Capit\u00e3o Alden destacou que institui\u00e7\u00f5es banc\u00e1rias, empresas, espa\u00e7os de grande circula\u00e7\u00e3o e eventos dependem diretamente da atua\u00e7\u00e3o desses profissionais para garantir ordem, integridade f\u00edsica e prote\u00e7\u00e3o patrimonial. O parlamentar enfatizou que vigilantes, agentes e instrutores enfrentam riscos constantes, inclusive fora do expediente, raz\u00e3o pela qual necessitam de instrumentos legais que ampliem sua seguran\u00e7a. O substitutivo apresentado pelo deputado n\u00e3o apenas reconhece oficialmente a atividade de risco, como tamb\u00e9m moderniza a legisla\u00e7\u00e3o, harmonizando o texto com a Lei 14.967\/2024 e com o Estatuto do Desarmamento (Lei 10.826\/2003). Entre os principais avan\u00e7os est\u00e3o: Reconhecimento nacional e fortalecimento da categoria O texto aprovado assegura que vigilantes, agentes de seguran\u00e7a privada e instrutores \u2014 tanto os que atuam diretamente na linha de frente quanto os respons\u00e1veis pela forma\u00e7\u00e3o t\u00e9cnica \u2014 passem a ter seus riscos reconhecidos pelo Estado, permitindo maior prote\u00e7\u00e3o individual e mais respaldo institucional. Segundo Capit\u00e3o Alden, \u201ca seguran\u00e7a privada \u00e9 pilar fundamental da prote\u00e7\u00e3o patrimonial e da integridade de milh\u00f5es de brasileiros. Esses profissionais merecem o devido reconhecimento e as condi\u00e7\u00f5es necess\u00e1rias para exercer suas fun\u00e7\u00f5es com dignidade e seguran\u00e7a\u201d. Pr\u00f3ximas etapas Agora, o PL 2.480\/2025 segue para a Comiss\u00e3o de Seguran\u00e7a P\u00fablica e Combate ao Crime Organizado (CSPCCO) e, na sequ\u00eancia, para a CCJC, etapa final antes de ir ao Plen\u00e1rio. A expectativa \u00e9 de tramita\u00e7\u00e3o c\u00e9lere, dado o amplo apoio conquistado na Comiss\u00e3o de Trabalho. Veja na integra:<\/p>\n","protected":false},"author":6,"featured_media":2000,"comment_status":"open","ping_status":"open","sticky":false,"template":"","format":"standard","meta":{"footnotes":""},"categories":[46],"tags":[],"class_list":["post-1998","post","type-post","status-publish","format-standard","has-post-thumbnail","hentry","category-noticias"],"yoast_head":"<!-- This site is optimized with the Yoast SEO plugin v24.8.1 - https:\/\/yoast.com\/wordpress\/plugins\/seo\/ -->\n<title>DEPUTADO CAPIT\u00c3O ALDEN GARANTE APROVA\u00c7\u00c3O DE RELAT\u00d3RIO DO PL 2.480\/2025 NA COMISS\u00c3O DE TRABALHO E ATENDE PEDIDO DO CONASEP PARA INCLUIR INSTRUTORES NO PORTE - Noticias Conasep<\/title>\n<meta name=\"robots\" content=\"index, follow, max-snippet:-1, max-image-preview:large, max-video-preview:-1\" \/>\n<link rel=\"canonical\" href=\"https:\/\/conasep.org.br\/noticias\/deputado-capitao-alden-garante-aprovacao-de-relatorio-do-pl-2-480-2025-na-comissao-de-trabalho-e-atende-pedido-do-conasep-para-incluir-instrutores-no-porte\/\" \/>\n<meta property=\"og:locale\" content=\"pt_BR\" \/>\n<meta property=\"og:type\" content=\"article\" \/>\n<meta property=\"og:title\" content=\"DEPUTADO CAPIT\u00c3O ALDEN GARANTE APROVA\u00c7\u00c3O DE RELAT\u00d3RIO DO PL 2.480\/2025 NA COMISS\u00c3O DE TRABALHO E ATENDE PEDIDO DO CONASEP PARA INCLUIR INSTRUTORES NO PORTE - Noticias Conasep\" \/>\n<meta property=\"og:description\" content=\"A Comiss\u00e3o de Trabalho da C\u00e2mara dos Deputados aprovou, nesta quarta-feira (26\/11\/2025), o relat\u00f3rio do Projeto de Lei n\u00ba 2.480\/2025, elaborado pelo Deputado Federal Capit\u00e3o Alden (PL\/BA). A proposta, de autoria da Deputada Ros\u00e2ngela Reis, reconhece nacionalmente a profiss\u00e3o de vigilante e agente de seguran\u00e7a privada como atividades de risco, garantindo mais prote\u00e7\u00e3o e valoriza\u00e7\u00e3o a esses profissionais. A atua\u00e7\u00e3o do Deputado Capit\u00e3o Alden foi determinante para o avan\u00e7o da mat\u00e9ria. Al\u00e9m de aprimorar o texto com seguran\u00e7a jur\u00eddica e atualiza\u00e7\u00e3o legislativa, o parlamentar atendeu plenamente a uma solicita\u00e7\u00e3o do Conselho Nacional da Seguran\u00e7a Privada \u2013 CONASEP, que encaminhou pedido formal para que o projeto inclu\u00edsse tamb\u00e9m os instrutores de seguran\u00e7a privada e os instrutores de armamento e tiro no rol de profissionais autorizados a solicitar o porte pessoal de arma de fogo. Com isso, a vers\u00e3o aprovada passou a contemplar toda a cadeia de forma\u00e7\u00e3o e atua\u00e7\u00e3o da seguran\u00e7a privada, fortalecendo um setor essencial e que opera diariamente sob risco elevado. CAPIT\u00c3O ALDEN: compromisso com a categoria e com a seguran\u00e7a jur\u00eddica No relat\u00f3rio, Capit\u00e3o Alden destacou que institui\u00e7\u00f5es banc\u00e1rias, empresas, espa\u00e7os de grande circula\u00e7\u00e3o e eventos dependem diretamente da atua\u00e7\u00e3o desses profissionais para garantir ordem, integridade f\u00edsica e prote\u00e7\u00e3o patrimonial. O parlamentar enfatizou que vigilantes, agentes e instrutores enfrentam riscos constantes, inclusive fora do expediente, raz\u00e3o pela qual necessitam de instrumentos legais que ampliem sua seguran\u00e7a. O substitutivo apresentado pelo deputado n\u00e3o apenas reconhece oficialmente a atividade de risco, como tamb\u00e9m moderniza a legisla\u00e7\u00e3o, harmonizando o texto com a Lei 14.967\/2024 e com o Estatuto do Desarmamento (Lei 10.826\/2003). Entre os principais avan\u00e7os est\u00e3o: Reconhecimento nacional e fortalecimento da categoria O texto aprovado assegura que vigilantes, agentes de seguran\u00e7a privada e instrutores \u2014 tanto os que atuam diretamente na linha de frente quanto os respons\u00e1veis pela forma\u00e7\u00e3o t\u00e9cnica \u2014 passem a ter seus riscos reconhecidos pelo Estado, permitindo maior prote\u00e7\u00e3o individual e mais respaldo institucional. Segundo Capit\u00e3o Alden, \u201ca seguran\u00e7a privada \u00e9 pilar fundamental da prote\u00e7\u00e3o patrimonial e da integridade de milh\u00f5es de brasileiros. Esses profissionais merecem o devido reconhecimento e as condi\u00e7\u00f5es necess\u00e1rias para exercer suas fun\u00e7\u00f5es com dignidade e seguran\u00e7a\u201d. Pr\u00f3ximas etapas Agora, o PL 2.480\/2025 segue para a Comiss\u00e3o de Seguran\u00e7a P\u00fablica e Combate ao Crime Organizado (CSPCCO) e, na sequ\u00eancia, para a CCJC, etapa final antes de ir ao Plen\u00e1rio. A expectativa \u00e9 de tramita\u00e7\u00e3o c\u00e9lere, dado o amplo apoio conquistado na Comiss\u00e3o de Trabalho. Veja na integra:\" \/>\n<meta property=\"og:url\" content=\"https:\/\/conasep.org.br\/noticias\/deputado-capitao-alden-garante-aprovacao-de-relatorio-do-pl-2-480-2025-na-comissao-de-trabalho-e-atende-pedido-do-conasep-para-incluir-instrutores-no-porte\/\" \/>\n<meta property=\"og:site_name\" content=\"Noticias Conasep\" \/>\n<meta property=\"article:published_time\" content=\"2025-11-26T15:42:42+00:00\" \/>\n<meta property=\"og:image\" content=\"https:\/\/conasep.org.br\/noticias\/wp-content\/uploads\/2025\/11\/20251126_104145-scaled.jpg\" \/>\n\t<meta property=\"og:image:width\" content=\"2560\" \/>\n\t<meta property=\"og:image:height\" content=\"1920\" \/>\n\t<meta property=\"og:image:type\" content=\"image\/jpeg\" \/>\n<meta name=\"author\" content=\"CONASEP\" \/>\n<meta name=\"twitter:card\" content=\"summary_large_image\" \/>\n<meta name=\"twitter:label1\" content=\"Escrito por\" \/>\n\t<meta name=\"twitter:data1\" content=\"CONASEP\" \/>\n\t<meta name=\"twitter:label2\" content=\"Est. tempo de leitura\" \/>\n\t<meta name=\"twitter:data2\" content=\"3 minutos\" \/>\n<script type=\"application\/ld+json\" class=\"yoast-schema-graph\">{\"@context\":\"https:\/\/schema.org\",\"@graph\":[{\"@type\":\"WebPage\",\"@id\":\"https:\/\/conasep.org.br\/noticias\/deputado-capitao-alden-garante-aprovacao-de-relatorio-do-pl-2-480-2025-na-comissao-de-trabalho-e-atende-pedido-do-conasep-para-incluir-instrutores-no-porte\/\",\"url\":\"https:\/\/conasep.org.br\/noticias\/deputado-capitao-alden-garante-aprovacao-de-relatorio-do-pl-2-480-2025-na-comissao-de-trabalho-e-atende-pedido-do-conasep-para-incluir-instrutores-no-porte\/\",\"name\":\"DEPUTADO CAPIT\u00c3O ALDEN GARANTE APROVA\u00c7\u00c3O DE RELAT\u00d3RIO DO PL 2.480\/2025 NA COMISS\u00c3O DE TRABALHO E ATENDE PEDIDO DO CONASEP PARA INCLUIR INSTRUTORES NO PORTE - Noticias Conasep\",\"isPartOf\":{\"@id\":\"https:\/\/www.conasep.org.br\/noticias\/#website\"},\"primaryImageOfPage\":{\"@id\":\"https:\/\/conasep.org.br\/noticias\/deputado-capitao-alden-garante-aprovacao-de-relatorio-do-pl-2-480-2025-na-comissao-de-trabalho-e-atende-pedido-do-conasep-para-incluir-instrutores-no-porte\/#primaryimage\"},\"image\":{\"@id\":\"https:\/\/conasep.org.br\/noticias\/deputado-capitao-alden-garante-aprovacao-de-relatorio-do-pl-2-480-2025-na-comissao-de-trabalho-e-atende-pedido-do-conasep-para-incluir-instrutores-no-porte\/#primaryimage\"},\"thumbnailUrl\":\"https:\/\/conasep.org.br\/noticias\/wp-content\/uploads\/2025\/11\/20251126_104145-scaled.jpg\",\"datePublished\":\"2025-11-26T15:42:42+00:00\",\"author\":{\"@id\":\"https:\/\/www.conasep.org.br\/noticias\/#\/schema\/person\/96e446b120d85d108e7ebeb7d82a2c44\"},\"breadcrumb\":{\"@id\":\"https:\/\/conasep.org.br\/noticias\/deputado-capitao-alden-garante-aprovacao-de-relatorio-do-pl-2-480-2025-na-comissao-de-trabalho-e-atende-pedido-do-conasep-para-incluir-instrutores-no-porte\/#breadcrumb\"},\"inLanguage\":\"pt-BR\",\"potentialAction\":[{\"@type\":\"ReadAction\",\"target\":[\"https:\/\/conasep.org.br\/noticias\/deputado-capitao-alden-garante-aprovacao-de-relatorio-do-pl-2-480-2025-na-comissao-de-trabalho-e-atende-pedido-do-conasep-para-incluir-instrutores-no-porte\/\"]}]},{\"@type\":\"ImageObject\",\"inLanguage\":\"pt-BR\",\"@id\":\"https:\/\/conasep.org.br\/noticias\/deputado-capitao-alden-garante-aprovacao-de-relatorio-do-pl-2-480-2025-na-comissao-de-trabalho-e-atende-pedido-do-conasep-para-incluir-instrutores-no-porte\/#primaryimage\",\"url\":\"https:\/\/conasep.org.br\/noticias\/wp-content\/uploads\/2025\/11\/20251126_104145-scaled.jpg\",\"contentUrl\":\"https:\/\/conasep.org.br\/noticias\/wp-content\/uploads\/2025\/11\/20251126_104145-scaled.jpg\",\"width\":2560,\"height\":1920},{\"@type\":\"BreadcrumbList\",\"@id\":\"https:\/\/conasep.org.br\/noticias\/deputado-capitao-alden-garante-aprovacao-de-relatorio-do-pl-2-480-2025-na-comissao-de-trabalho-e-atende-pedido-do-conasep-para-incluir-instrutores-no-porte\/#breadcrumb\",\"itemListElement\":[{\"@type\":\"ListItem\",\"position\":1,\"name\":\"In\u00edcio\",\"item\":\"https:\/\/www.conasep.org.br\/noticias\/\"},{\"@type\":\"ListItem\",\"position\":2,\"name\":\"DEPUTADO CAPIT\u00c3O ALDEN GARANTE APROVA\u00c7\u00c3O DE RELAT\u00d3RIO DO PL 2.480\/2025 NA COMISS\u00c3O DE TRABALHO E ATENDE PEDIDO DO CONASEP PARA INCLUIR INSTRUTORES NO PORTE\"}]},{\"@type\":\"WebSite\",\"@id\":\"https:\/\/www.conasep.org.br\/noticias\/#website\",\"url\":\"https:\/\/www.conasep.org.br\/noticias\/\",\"name\":\"Noticias Conasep\",\"description\":\"Os melhores conte\u00fados\",\"potentialAction\":[{\"@type\":\"SearchAction\",\"target\":{\"@type\":\"EntryPoint\",\"urlTemplate\":\"https:\/\/www.conasep.org.br\/noticias\/?s={search_term_string}\"},\"query-input\":{\"@type\":\"PropertyValueSpecification\",\"valueRequired\":true,\"valueName\":\"search_term_string\"}}],\"inLanguage\":\"pt-BR\"},{\"@type\":\"Person\",\"@id\":\"https:\/\/www.conasep.org.br\/noticias\/#\/schema\/person\/96e446b120d85d108e7ebeb7d82a2c44\",\"name\":\"CONASEP\",\"image\":{\"@type\":\"ImageObject\",\"inLanguage\":\"pt-BR\",\"@id\":\"https:\/\/www.conasep.org.br\/noticias\/#\/schema\/person\/image\/\",\"url\":\"https:\/\/secure.gravatar.com\/avatar\/17258e04e8f7917cf6d5fea9e29eedbd?s=96&d=mm&r=g\",\"contentUrl\":\"https:\/\/secure.gravatar.com\/avatar\/17258e04e8f7917cf6d5fea9e29eedbd?s=96&d=mm&r=g\",\"caption\":\"CONASEP\"},\"url\":\"https:\/\/conasep.org.br\/noticias\/author\/conasep\/\"}]}<\/script>\n<!-- \/ Yoast SEO plugin. -->","yoast_head_json":{"title":"DEPUTADO CAPIT\u00c3O ALDEN GARANTE APROVA\u00c7\u00c3O DE RELAT\u00d3RIO DO PL 2.480\/2025 NA COMISS\u00c3O DE TRABALHO E ATENDE PEDIDO DO CONASEP PARA INCLUIR INSTRUTORES NO PORTE - Noticias Conasep","robots":{"index":"index","follow":"follow","max-snippet":"max-snippet:-1","max-image-preview":"max-image-preview:large","max-video-preview":"max-video-preview:-1"},"canonical":"https:\/\/conasep.org.br\/noticias\/deputado-capitao-alden-garante-aprovacao-de-relatorio-do-pl-2-480-2025-na-comissao-de-trabalho-e-atende-pedido-do-conasep-para-incluir-instrutores-no-porte\/","og_locale":"pt_BR","og_type":"article","og_title":"DEPUTADO CAPIT\u00c3O ALDEN GARANTE APROVA\u00c7\u00c3O DE RELAT\u00d3RIO DO PL 2.480\/2025 NA COMISS\u00c3O DE TRABALHO E ATENDE PEDIDO DO CONASEP PARA INCLUIR INSTRUTORES NO PORTE - Noticias Conasep","og_description":"A Comiss\u00e3o de Trabalho da C\u00e2mara dos Deputados aprovou, nesta quarta-feira (26\/11\/2025), o relat\u00f3rio do Projeto de Lei n\u00ba 2.480\/2025, elaborado pelo Deputado Federal Capit\u00e3o Alden (PL\/BA). A proposta, de autoria da Deputada Ros\u00e2ngela Reis, reconhece nacionalmente a profiss\u00e3o de vigilante e agente de seguran\u00e7a privada como atividades de risco, garantindo mais prote\u00e7\u00e3o e valoriza\u00e7\u00e3o a esses profissionais. A atua\u00e7\u00e3o do Deputado Capit\u00e3o Alden foi determinante para o avan\u00e7o da mat\u00e9ria. Al\u00e9m de aprimorar o texto com seguran\u00e7a jur\u00eddica e atualiza\u00e7\u00e3o legislativa, o parlamentar atendeu plenamente a uma solicita\u00e7\u00e3o do Conselho Nacional da Seguran\u00e7a Privada \u2013 CONASEP, que encaminhou pedido formal para que o projeto inclu\u00edsse tamb\u00e9m os instrutores de seguran\u00e7a privada e os instrutores de armamento e tiro no rol de profissionais autorizados a solicitar o porte pessoal de arma de fogo. Com isso, a vers\u00e3o aprovada passou a contemplar toda a cadeia de forma\u00e7\u00e3o e atua\u00e7\u00e3o da seguran\u00e7a privada, fortalecendo um setor essencial e que opera diariamente sob risco elevado. CAPIT\u00c3O ALDEN: compromisso com a categoria e com a seguran\u00e7a jur\u00eddica No relat\u00f3rio, Capit\u00e3o Alden destacou que institui\u00e7\u00f5es banc\u00e1rias, empresas, espa\u00e7os de grande circula\u00e7\u00e3o e eventos dependem diretamente da atua\u00e7\u00e3o desses profissionais para garantir ordem, integridade f\u00edsica e prote\u00e7\u00e3o patrimonial. O parlamentar enfatizou que vigilantes, agentes e instrutores enfrentam riscos constantes, inclusive fora do expediente, raz\u00e3o pela qual necessitam de instrumentos legais que ampliem sua seguran\u00e7a. O substitutivo apresentado pelo deputado n\u00e3o apenas reconhece oficialmente a atividade de risco, como tamb\u00e9m moderniza a legisla\u00e7\u00e3o, harmonizando o texto com a Lei 14.967\/2024 e com o Estatuto do Desarmamento (Lei 10.826\/2003). Entre os principais avan\u00e7os est\u00e3o: Reconhecimento nacional e fortalecimento da categoria O texto aprovado assegura que vigilantes, agentes de seguran\u00e7a privada e instrutores \u2014 tanto os que atuam diretamente na linha de frente quanto os respons\u00e1veis pela forma\u00e7\u00e3o t\u00e9cnica \u2014 passem a ter seus riscos reconhecidos pelo Estado, permitindo maior prote\u00e7\u00e3o individual e mais respaldo institucional. Segundo Capit\u00e3o Alden, \u201ca seguran\u00e7a privada \u00e9 pilar fundamental da prote\u00e7\u00e3o patrimonial e da integridade de milh\u00f5es de brasileiros. Esses profissionais merecem o devido reconhecimento e as condi\u00e7\u00f5es necess\u00e1rias para exercer suas fun\u00e7\u00f5es com dignidade e seguran\u00e7a\u201d. Pr\u00f3ximas etapas Agora, o PL 2.480\/2025 segue para a Comiss\u00e3o de Seguran\u00e7a P\u00fablica e Combate ao Crime Organizado (CSPCCO) e, na sequ\u00eancia, para a CCJC, etapa final antes de ir ao Plen\u00e1rio. A expectativa \u00e9 de tramita\u00e7\u00e3o c\u00e9lere, dado o amplo apoio conquistado na Comiss\u00e3o de Trabalho. Veja na integra:","og_url":"https:\/\/conasep.org.br\/noticias\/deputado-capitao-alden-garante-aprovacao-de-relatorio-do-pl-2-480-2025-na-comissao-de-trabalho-e-atende-pedido-do-conasep-para-incluir-instrutores-no-porte\/","og_site_name":"Noticias Conasep","article_published_time":"2025-11-26T15:42:42+00:00","og_image":[{"width":2560,"height":1920,"url":"https:\/\/conasep.org.br\/noticias\/wp-content\/uploads\/2025\/11\/20251126_104145-scaled.jpg","type":"image\/jpeg"}],"author":"CONASEP","twitter_card":"summary_large_image","twitter_misc":{"Escrito por":"CONASEP","Est. tempo de leitura":"3 minutos"},"schema":{"@context":"https:\/\/schema.org","@graph":[{"@type":"WebPage","@id":"https:\/\/conasep.org.br\/noticias\/deputado-capitao-alden-garante-aprovacao-de-relatorio-do-pl-2-480-2025-na-comissao-de-trabalho-e-atende-pedido-do-conasep-para-incluir-instrutores-no-porte\/","url":"https:\/\/conasep.org.br\/noticias\/deputado-capitao-alden-garante-aprovacao-de-relatorio-do-pl-2-480-2025-na-comissao-de-trabalho-e-atende-pedido-do-conasep-para-incluir-instrutores-no-porte\/","name":"DEPUTADO CAPIT\u00c3O ALDEN GARANTE APROVA\u00c7\u00c3O DE RELAT\u00d3RIO DO PL 2.480\/2025 NA COMISS\u00c3O DE TRABALHO E ATENDE PEDIDO DO CONASEP PARA INCLUIR INSTRUTORES NO PORTE - Noticias Conasep","isPartOf":{"@id":"https:\/\/www.conasep.org.br\/noticias\/#website"},"primaryImageOfPage":{"@id":"https:\/\/conasep.org.br\/noticias\/deputado-capitao-alden-garante-aprovacao-de-relatorio-do-pl-2-480-2025-na-comissao-de-trabalho-e-atende-pedido-do-conasep-para-incluir-instrutores-no-porte\/#primaryimage"},"image":{"@id":"https:\/\/conasep.org.br\/noticias\/deputado-capitao-alden-garante-aprovacao-de-relatorio-do-pl-2-480-2025-na-comissao-de-trabalho-e-atende-pedido-do-conasep-para-incluir-instrutores-no-porte\/#primaryimage"},"thumbnailUrl":"https:\/\/conasep.org.br\/noticias\/wp-content\/uploads\/2025\/11\/20251126_104145-scaled.jpg","datePublished":"2025-11-26T15:42:42+00:00","author":{"@id":"https:\/\/www.conasep.org.br\/noticias\/#\/schema\/person\/96e446b120d85d108e7ebeb7d82a2c44"},"breadcrumb":{"@id":"https:\/\/conasep.org.br\/noticias\/deputado-capitao-alden-garante-aprovacao-de-relatorio-do-pl-2-480-2025-na-comissao-de-trabalho-e-atende-pedido-do-conasep-para-incluir-instrutores-no-porte\/#breadcrumb"},"inLanguage":"pt-BR","potentialAction":[{"@type":"ReadAction","target":["https:\/\/conasep.org.br\/noticias\/deputado-capitao-alden-garante-aprovacao-de-relatorio-do-pl-2-480-2025-na-comissao-de-trabalho-e-atende-pedido-do-conasep-para-incluir-instrutores-no-porte\/"]}]},{"@type":"ImageObject","inLanguage":"pt-BR","@id":"https:\/\/conasep.org.br\/noticias\/deputado-capitao-alden-garante-aprovacao-de-relatorio-do-pl-2-480-2025-na-comissao-de-trabalho-e-atende-pedido-do-conasep-para-incluir-instrutores-no-porte\/#primaryimage","url":"https:\/\/conasep.org.br\/noticias\/wp-content\/uploads\/2025\/11\/20251126_104145-scaled.jpg","contentUrl":"https:\/\/conasep.org.br\/noticias\/wp-content\/uploads\/2025\/11\/20251126_104145-scaled.jpg","width":2560,"height":1920},{"@type":"BreadcrumbList","@id":"https:\/\/conasep.org.br\/noticias\/deputado-capitao-alden-garante-aprovacao-de-relatorio-do-pl-2-480-2025-na-comissao-de-trabalho-e-atende-pedido-do-conasep-para-incluir-instrutores-no-porte\/#breadcrumb","itemListElement":[{"@type":"ListItem","position":1,"name":"In\u00edcio","item":"https:\/\/www.conasep.org.br\/noticias\/"},{"@type":"ListItem","position":2,"name":"DEPUTADO CAPIT\u00c3O ALDEN GARANTE APROVA\u00c7\u00c3O DE RELAT\u00d3RIO DO PL 2.480\/2025 NA COMISS\u00c3O DE TRABALHO E ATENDE PEDIDO DO CONASEP PARA INCLUIR INSTRUTORES NO PORTE"}]},{"@type":"WebSite","@id":"https:\/\/www.conasep.org.br\/noticias\/#website","url":"https:\/\/www.conasep.org.br\/noticias\/","name":"Noticias Conasep","description":"Os melhores conte\u00fados","potentialAction":[{"@type":"SearchAction","target":{"@type":"EntryPoint","urlTemplate":"https:\/\/www.conasep.org.br\/noticias\/?s={search_term_string}"},"query-input":{"@type":"PropertyValueSpecification","valueRequired":true,"valueName":"search_term_string"}}],"inLanguage":"pt-BR"},{"@type":"Person","@id":"https:\/\/www.conasep.org.br\/noticias\/#\/schema\/person\/96e446b120d85d108e7ebeb7d82a2c44","name":"CONASEP","image":{"@type":"ImageObject","inLanguage":"pt-BR","@id":"https:\/\/www.conasep.org.br\/noticias\/#\/schema\/person\/image\/","url":"https:\/\/secure.gravatar.com\/avatar\/17258e04e8f7917cf6d5fea9e29eedbd?s=96&d=mm&r=g","contentUrl":"https:\/\/secure.gravatar.com\/avatar\/17258e04e8f7917cf6d5fea9e29eedbd?s=96&d=mm&r=g","caption":"CONASEP"},"url":"https:\/\/conasep.org.br\/noticias\/author\/conasep\/"}]}},"_links":{"self":[{"href":"https:\/\/conasep.org.br\/noticias\/wp-json\/wp\/v2\/posts\/1998","targetHints":{"allow":["GET"]}}],"collection":[{"href":"https:\/\/conasep.org.br\/noticias\/wp-json\/wp\/v2\/posts"}],"about":[{"href":"https:\/\/conasep.org.br\/noticias\/wp-json\/wp\/v2\/types\/post"}],"author":[{"embeddable":true,"href":"https:\/\/conasep.org.br\/noticias\/wp-json\/wp\/v2\/users\/6"}],"replies":[{"embeddable":true,"href":"https:\/\/conasep.org.br\/noticias\/wp-json\/wp\/v2\/comments?post=1998"}],"version-history":[{"count":1,"href":"https:\/\/conasep.org.br\/noticias\/wp-json\/wp\/v2\/posts\/1998\/revisions"}],"predecessor-version":[{"id":2004,"href":"https:\/\/conasep.org.br\/noticias\/wp-json\/wp\/v2\/posts\/1998\/revisions\/2004"}],"wp:featuredmedia":[{"embeddable":true,"href":"https:\/\/conasep.org.br\/noticias\/wp-json\/wp\/v2\/media\/2000"}],"wp:attachment":[{"href":"https:\/\/conasep.org.br\/noticias\/wp-json\/wp\/v2\/media?parent=1998"}],"wp:term":[{"taxonomy":"category","embeddable":true,"href":"https:\/\/conasep.org.br\/noticias\/wp-json\/wp\/v2\/categories?post=1998"},{"taxonomy":"post_tag","embeddable":true,"href":"https:\/\/conasep.org.br\/noticias\/wp-json\/wp\/v2\/tags?post=1998"}],"curies":[{"name":"wp","href":"https:\/\/api.w.org\/{rel}","templated":true}]}}