{"id":2012,"date":"2025-12-10T23:45:57","date_gmt":"2025-12-10T23:45:57","guid":{"rendered":"https:\/\/conasep.org.br\/noticias\/?p=2012"},"modified":"2025-12-10T23:45:57","modified_gmt":"2025-12-10T23:45:57","slug":"coletivo-da-seguranca-privada-fortalece-movimento-de-valorizacao-no-distrito-federal","status":"publish","type":"post","link":"https:\/\/conasep.org.br\/noticias\/coletivo-da-seguranca-privada-fortalece-movimento-de-valorizacao-no-distrito-federal\/","title":{"rendered":"Coletivo da Seguran\u00e7a Privada fortalece Movimento de Valoriza\u00e7\u00e3o no Distrito Federal"},"content":{"rendered":"\n<p>O Coletivo da Seguran\u00e7a Privada surge como uma importante iniciativa de uni\u00e3o e fortalecimento das categorias que integram o setor da seguran\u00e7a privada e dos bombeiros civis no Distrito Federal. Formado por profissionais, lideran\u00e7as e especialistas com ampla experi\u00eancia na \u00e1rea, o grupo tem como principal objetivo representar todas as categorias da seguran\u00e7a privada e dos bombeiros civis, dando voz, visibilidade e protagonismo a esses trabalhadores essenciais para a sociedade.<\/p>\n\n\n\n<p>A cria\u00e7\u00e3o do coletivo marca o in\u00edcio de um movimento organizado de valoriza\u00e7\u00e3o profissional no DF, pautado na defesa de melhores condi\u00e7\u00f5es de trabalho, reconhecimento institucional, respeito aos direitos trabalhistas, qualifica\u00e7\u00e3o profissional e di\u00e1logo permanente com o Poder P\u00fablico.<\/p>\n\n\n\n<p>Reunindo vigilantes, supervisores, gestores, instrutores, bombeiros civis e demais profissionais do setor, o Coletivo da Seguran\u00e7a Privada busca construir propostas concretas e respons\u00e1veis, baseadas na realidade vivida diariamente pelos trabalhadores que atuam na prote\u00e7\u00e3o de pessoas, patrim\u00f4nios e eventos, complementando a seguran\u00e7a p\u00fablica em diversas frentes.<\/p>\n\n\n\n<p>A iniciativa foi muito bem recebida no Congresso Nacional, contando com o apoio de parlamentares reconhecidos por sua atua\u00e7\u00e3o em defesa das for\u00e7as de seguran\u00e7a. A Deputada Federal Ros\u00e2ngela Reis e o Deputado Federal Capit\u00e3o Alden, ambos defensores hist\u00f3ricos da categoria na C\u00e2mara dos Deputados, acolheram o movimento, refor\u00e7ando a import\u00e2ncia do di\u00e1logo institucional e do fortalecimento da seguran\u00e7a privada como atividade estrat\u00e9gica para o pa\u00eds.<\/p>\n\n\n\n<p>Segundo representantes do coletivo, o apoio parlamentar demonstra que a pauta da valoriza\u00e7\u00e3o da seguran\u00e7a privada e dos bombeiros civis est\u00e1 ganhando espa\u00e7o e reconhecimento no cen\u00e1rio pol\u00edtico nacional, abrindo caminhos para futuras discuss\u00f5es legislativas, audi\u00eancias p\u00fablicas e proposi\u00e7\u00f5es que atendam \u00e0s demandas do setor.<\/p>\n\n\n\n<p>O Coletivo da Seguran\u00e7a Privada reafirma seu compromisso com uma atua\u00e7\u00e3o \u00e9tica, t\u00e9cnica e representativa, convidando todos os profissionais da \u00e1rea a se unirem ao movimento, fortalecendo a luta por reconhecimento, dignidade profissional e avan\u00e7os estruturais para toda a categoria no Distrito Federal e no Brasil.<\/p>\n","protected":false},"excerpt":{"rendered":"<p>O Coletivo da Seguran\u00e7a Privada surge como uma importante iniciativa de uni\u00e3o e fortalecimento das categorias que integram o setor da seguran\u00e7a privada e dos bombeiros civis no Distrito Federal. Formado por profissionais, lideran\u00e7as e especialistas com ampla experi\u00eancia na \u00e1rea, o grupo tem como principal objetivo representar todas as categorias da seguran\u00e7a privada e dos bombeiros civis, dando voz, visibilidade e protagonismo a esses trabalhadores essenciais para a sociedade. A cria\u00e7\u00e3o do coletivo marca o in\u00edcio de um movimento organizado de valoriza\u00e7\u00e3o profissional no DF, pautado na defesa de melhores condi\u00e7\u00f5es de trabalho, reconhecimento institucional, respeito aos direitos trabalhistas, qualifica\u00e7\u00e3o profissional e di\u00e1logo permanente com o Poder P\u00fablico. Reunindo vigilantes, supervisores, gestores, instrutores, bombeiros civis e demais profissionais do setor, o Coletivo da Seguran\u00e7a Privada busca construir propostas concretas e respons\u00e1veis, baseadas na realidade vivida diariamente pelos trabalhadores que atuam na prote\u00e7\u00e3o de pessoas, patrim\u00f4nios e eventos, complementando a seguran\u00e7a p\u00fablica em diversas frentes. A iniciativa foi muito bem recebida no Congresso Nacional, contando com o apoio de parlamentares reconhecidos por sua atua\u00e7\u00e3o em defesa das for\u00e7as de seguran\u00e7a. A Deputada Federal Ros\u00e2ngela Reis e o Deputado Federal Capit\u00e3o Alden, ambos defensores hist\u00f3ricos da categoria na C\u00e2mara dos Deputados, acolheram o movimento, refor\u00e7ando a import\u00e2ncia do di\u00e1logo institucional e do fortalecimento da seguran\u00e7a privada como atividade estrat\u00e9gica para o pa\u00eds. Segundo representantes do coletivo, o apoio parlamentar demonstra que a pauta da valoriza\u00e7\u00e3o da seguran\u00e7a privada e dos bombeiros civis est\u00e1 ganhando espa\u00e7o e reconhecimento no cen\u00e1rio pol\u00edtico nacional, abrindo caminhos para futuras discuss\u00f5es legislativas, audi\u00eancias p\u00fablicas e proposi\u00e7\u00f5es que atendam \u00e0s demandas do setor. O Coletivo da Seguran\u00e7a Privada reafirma seu compromisso com uma atua\u00e7\u00e3o \u00e9tica, t\u00e9cnica e representativa, convidando todos os profissionais da \u00e1rea a se unirem ao movimento, fortalecendo a luta por reconhecimento, dignidade profissional e avan\u00e7os estruturais para toda a categoria no Distrito Federal e no Brasil.<\/p>\n","protected":false},"author":6,"featured_media":2013,"comment_status":"open","ping_status":"open","sticky":false,"template":"","format":"standard","meta":{"footnotes":""},"categories":[46],"tags":[],"class_list":["post-2012","post","type-post","status-publish","format-standard","has-post-thumbnail","hentry","category-noticias"],"yoast_head":"<!-- This site is optimized with the Yoast SEO plugin v24.8.1 - https:\/\/yoast.com\/wordpress\/plugins\/seo\/ -->\n<title>Coletivo da Seguran\u00e7a Privada fortalece Movimento de Valoriza\u00e7\u00e3o no Distrito Federal - Noticias Conasep<\/title>\n<meta name=\"robots\" content=\"index, follow, max-snippet:-1, max-image-preview:large, max-video-preview:-1\" \/>\n<link rel=\"canonical\" href=\"https:\/\/conasep.org.br\/noticias\/coletivo-da-seguranca-privada-fortalece-movimento-de-valorizacao-no-distrito-federal\/\" \/>\n<meta property=\"og:locale\" content=\"pt_BR\" \/>\n<meta property=\"og:type\" content=\"article\" \/>\n<meta property=\"og:title\" content=\"Coletivo da Seguran\u00e7a Privada fortalece Movimento de Valoriza\u00e7\u00e3o no Distrito Federal - Noticias Conasep\" \/>\n<meta property=\"og:description\" content=\"O Coletivo da Seguran\u00e7a Privada surge como uma importante iniciativa de uni\u00e3o e fortalecimento das categorias que integram o setor da seguran\u00e7a privada e dos bombeiros civis no Distrito Federal. Formado por profissionais, lideran\u00e7as e especialistas com ampla experi\u00eancia na \u00e1rea, o grupo tem como principal objetivo representar todas as categorias da seguran\u00e7a privada e dos bombeiros civis, dando voz, visibilidade e protagonismo a esses trabalhadores essenciais para a sociedade. A cria\u00e7\u00e3o do coletivo marca o in\u00edcio de um movimento organizado de valoriza\u00e7\u00e3o profissional no DF, pautado na defesa de melhores condi\u00e7\u00f5es de trabalho, reconhecimento institucional, respeito aos direitos trabalhistas, qualifica\u00e7\u00e3o profissional e di\u00e1logo permanente com o Poder P\u00fablico. Reunindo vigilantes, supervisores, gestores, instrutores, bombeiros civis e demais profissionais do setor, o Coletivo da Seguran\u00e7a Privada busca construir propostas concretas e respons\u00e1veis, baseadas na realidade vivida diariamente pelos trabalhadores que atuam na prote\u00e7\u00e3o de pessoas, patrim\u00f4nios e eventos, complementando a seguran\u00e7a p\u00fablica em diversas frentes. A iniciativa foi muito bem recebida no Congresso Nacional, contando com o apoio de parlamentares reconhecidos por sua atua\u00e7\u00e3o em defesa das for\u00e7as de seguran\u00e7a. A Deputada Federal Ros\u00e2ngela Reis e o Deputado Federal Capit\u00e3o Alden, ambos defensores hist\u00f3ricos da categoria na C\u00e2mara dos Deputados, acolheram o movimento, refor\u00e7ando a import\u00e2ncia do di\u00e1logo institucional e do fortalecimento da seguran\u00e7a privada como atividade estrat\u00e9gica para o pa\u00eds. Segundo representantes do coletivo, o apoio parlamentar demonstra que a pauta da valoriza\u00e7\u00e3o da seguran\u00e7a privada e dos bombeiros civis est\u00e1 ganhando espa\u00e7o e reconhecimento no cen\u00e1rio pol\u00edtico nacional, abrindo caminhos para futuras discuss\u00f5es legislativas, audi\u00eancias p\u00fablicas e proposi\u00e7\u00f5es que atendam \u00e0s demandas do setor. O Coletivo da Seguran\u00e7a Privada reafirma seu compromisso com uma atua\u00e7\u00e3o \u00e9tica, t\u00e9cnica e representativa, convidando todos os profissionais da \u00e1rea a se unirem ao movimento, fortalecendo a luta por reconhecimento, dignidade profissional e avan\u00e7os estruturais para toda a categoria no Distrito Federal e no Brasil.\" \/>\n<meta property=\"og:url\" content=\"https:\/\/conasep.org.br\/noticias\/coletivo-da-seguranca-privada-fortalece-movimento-de-valorizacao-no-distrito-federal\/\" \/>\n<meta property=\"og:site_name\" content=\"Noticias Conasep\" \/>\n<meta property=\"article:published_time\" content=\"2025-12-10T23:45:57+00:00\" \/>\n<meta property=\"og:image\" content=\"https:\/\/conasep.org.br\/noticias\/wp-content\/uploads\/2025\/12\/IMG-20251210-WA0391-scaled.jpg\" \/>\n\t<meta property=\"og:image:width\" content=\"2560\" \/>\n\t<meta property=\"og:image:height\" content=\"1920\" \/>\n\t<meta property=\"og:image:type\" content=\"image\/jpeg\" \/>\n<meta name=\"author\" content=\"CONASEP\" \/>\n<meta name=\"twitter:card\" content=\"summary_large_image\" \/>\n<meta name=\"twitter:label1\" content=\"Escrito por\" \/>\n\t<meta name=\"twitter:data1\" content=\"CONASEP\" \/>\n\t<meta name=\"twitter:label2\" content=\"Est. tempo de leitura\" \/>\n\t<meta name=\"twitter:data2\" content=\"2 minutos\" \/>\n<script type=\"application\/ld+json\" class=\"yoast-schema-graph\">{\"@context\":\"https:\/\/schema.org\",\"@graph\":[{\"@type\":\"WebPage\",\"@id\":\"https:\/\/conasep.org.br\/noticias\/coletivo-da-seguranca-privada-fortalece-movimento-de-valorizacao-no-distrito-federal\/\",\"url\":\"https:\/\/conasep.org.br\/noticias\/coletivo-da-seguranca-privada-fortalece-movimento-de-valorizacao-no-distrito-federal\/\",\"name\":\"Coletivo da Seguran\u00e7a Privada fortalece Movimento de Valoriza\u00e7\u00e3o no Distrito Federal - Noticias Conasep\",\"isPartOf\":{\"@id\":\"https:\/\/www.conasep.org.br\/noticias\/#website\"},\"primaryImageOfPage\":{\"@id\":\"https:\/\/conasep.org.br\/noticias\/coletivo-da-seguranca-privada-fortalece-movimento-de-valorizacao-no-distrito-federal\/#primaryimage\"},\"image\":{\"@id\":\"https:\/\/conasep.org.br\/noticias\/coletivo-da-seguranca-privada-fortalece-movimento-de-valorizacao-no-distrito-federal\/#primaryimage\"},\"thumbnailUrl\":\"https:\/\/conasep.org.br\/noticias\/wp-content\/uploads\/2025\/12\/IMG-20251210-WA0391-scaled.jpg\",\"datePublished\":\"2025-12-10T23:45:57+00:00\",\"author\":{\"@id\":\"https:\/\/www.conasep.org.br\/noticias\/#\/schema\/person\/96e446b120d85d108e7ebeb7d82a2c44\"},\"breadcrumb\":{\"@id\":\"https:\/\/conasep.org.br\/noticias\/coletivo-da-seguranca-privada-fortalece-movimento-de-valorizacao-no-distrito-federal\/#breadcrumb\"},\"inLanguage\":\"pt-BR\",\"potentialAction\":[{\"@type\":\"ReadAction\",\"target\":[\"https:\/\/conasep.org.br\/noticias\/coletivo-da-seguranca-privada-fortalece-movimento-de-valorizacao-no-distrito-federal\/\"]}]},{\"@type\":\"ImageObject\",\"inLanguage\":\"pt-BR\",\"@id\":\"https:\/\/conasep.org.br\/noticias\/coletivo-da-seguranca-privada-fortalece-movimento-de-valorizacao-no-distrito-federal\/#primaryimage\",\"url\":\"https:\/\/conasep.org.br\/noticias\/wp-content\/uploads\/2025\/12\/IMG-20251210-WA0391-scaled.jpg\",\"contentUrl\":\"https:\/\/conasep.org.br\/noticias\/wp-content\/uploads\/2025\/12\/IMG-20251210-WA0391-scaled.jpg\",\"width\":2560,\"height\":1920},{\"@type\":\"BreadcrumbList\",\"@id\":\"https:\/\/conasep.org.br\/noticias\/coletivo-da-seguranca-privada-fortalece-movimento-de-valorizacao-no-distrito-federal\/#breadcrumb\",\"itemListElement\":[{\"@type\":\"ListItem\",\"position\":1,\"name\":\"In\u00edcio\",\"item\":\"https:\/\/www.conasep.org.br\/noticias\/\"},{\"@type\":\"ListItem\",\"position\":2,\"name\":\"Coletivo da Seguran\u00e7a Privada fortalece Movimento de Valoriza\u00e7\u00e3o no Distrito Federal\"}]},{\"@type\":\"WebSite\",\"@id\":\"https:\/\/www.conasep.org.br\/noticias\/#website\",\"url\":\"https:\/\/www.conasep.org.br\/noticias\/\",\"name\":\"Noticias Conasep\",\"description\":\"Os melhores conte\u00fados\",\"potentialAction\":[{\"@type\":\"SearchAction\",\"target\":{\"@type\":\"EntryPoint\",\"urlTemplate\":\"https:\/\/www.conasep.org.br\/noticias\/?s={search_term_string}\"},\"query-input\":{\"@type\":\"PropertyValueSpecification\",\"valueRequired\":true,\"valueName\":\"search_term_string\"}}],\"inLanguage\":\"pt-BR\"},{\"@type\":\"Person\",\"@id\":\"https:\/\/www.conasep.org.br\/noticias\/#\/schema\/person\/96e446b120d85d108e7ebeb7d82a2c44\",\"name\":\"CONASEP\",\"image\":{\"@type\":\"ImageObject\",\"inLanguage\":\"pt-BR\",\"@id\":\"https:\/\/www.conasep.org.br\/noticias\/#\/schema\/person\/image\/\",\"url\":\"https:\/\/secure.gravatar.com\/avatar\/17258e04e8f7917cf6d5fea9e29eedbd?s=96&d=mm&r=g\",\"contentUrl\":\"https:\/\/secure.gravatar.com\/avatar\/17258e04e8f7917cf6d5fea9e29eedbd?s=96&d=mm&r=g\",\"caption\":\"CONASEP\"},\"url\":\"https:\/\/conasep.org.br\/noticias\/author\/conasep\/\"}]}<\/script>\n<!-- \/ Yoast SEO plugin. -->","yoast_head_json":{"title":"Coletivo da Seguran\u00e7a Privada fortalece Movimento de Valoriza\u00e7\u00e3o no Distrito Federal - Noticias Conasep","robots":{"index":"index","follow":"follow","max-snippet":"max-snippet:-1","max-image-preview":"max-image-preview:large","max-video-preview":"max-video-preview:-1"},"canonical":"https:\/\/conasep.org.br\/noticias\/coletivo-da-seguranca-privada-fortalece-movimento-de-valorizacao-no-distrito-federal\/","og_locale":"pt_BR","og_type":"article","og_title":"Coletivo da Seguran\u00e7a Privada fortalece Movimento de Valoriza\u00e7\u00e3o no Distrito Federal - Noticias Conasep","og_description":"O Coletivo da Seguran\u00e7a Privada surge como uma importante iniciativa de uni\u00e3o e fortalecimento das categorias que integram o setor da seguran\u00e7a privada e dos bombeiros civis no Distrito Federal. Formado por profissionais, lideran\u00e7as e especialistas com ampla experi\u00eancia na \u00e1rea, o grupo tem como principal objetivo representar todas as categorias da seguran\u00e7a privada e dos bombeiros civis, dando voz, visibilidade e protagonismo a esses trabalhadores essenciais para a sociedade. A cria\u00e7\u00e3o do coletivo marca o in\u00edcio de um movimento organizado de valoriza\u00e7\u00e3o profissional no DF, pautado na defesa de melhores condi\u00e7\u00f5es de trabalho, reconhecimento institucional, respeito aos direitos trabalhistas, qualifica\u00e7\u00e3o profissional e di\u00e1logo permanente com o Poder P\u00fablico. Reunindo vigilantes, supervisores, gestores, instrutores, bombeiros civis e demais profissionais do setor, o Coletivo da Seguran\u00e7a Privada busca construir propostas concretas e respons\u00e1veis, baseadas na realidade vivida diariamente pelos trabalhadores que atuam na prote\u00e7\u00e3o de pessoas, patrim\u00f4nios e eventos, complementando a seguran\u00e7a p\u00fablica em diversas frentes. A iniciativa foi muito bem recebida no Congresso Nacional, contando com o apoio de parlamentares reconhecidos por sua atua\u00e7\u00e3o em defesa das for\u00e7as de seguran\u00e7a. A Deputada Federal Ros\u00e2ngela Reis e o Deputado Federal Capit\u00e3o Alden, ambos defensores hist\u00f3ricos da categoria na C\u00e2mara dos Deputados, acolheram o movimento, refor\u00e7ando a import\u00e2ncia do di\u00e1logo institucional e do fortalecimento da seguran\u00e7a privada como atividade estrat\u00e9gica para o pa\u00eds. Segundo representantes do coletivo, o apoio parlamentar demonstra que a pauta da valoriza\u00e7\u00e3o da seguran\u00e7a privada e dos bombeiros civis est\u00e1 ganhando espa\u00e7o e reconhecimento no cen\u00e1rio pol\u00edtico nacional, abrindo caminhos para futuras discuss\u00f5es legislativas, audi\u00eancias p\u00fablicas e proposi\u00e7\u00f5es que atendam \u00e0s demandas do setor. O Coletivo da Seguran\u00e7a Privada reafirma seu compromisso com uma atua\u00e7\u00e3o \u00e9tica, t\u00e9cnica e representativa, convidando todos os profissionais da \u00e1rea a se unirem ao movimento, fortalecendo a luta por reconhecimento, dignidade profissional e avan\u00e7os estruturais para toda a categoria no Distrito Federal e no Brasil.","og_url":"https:\/\/conasep.org.br\/noticias\/coletivo-da-seguranca-privada-fortalece-movimento-de-valorizacao-no-distrito-federal\/","og_site_name":"Noticias Conasep","article_published_time":"2025-12-10T23:45:57+00:00","og_image":[{"width":2560,"height":1920,"url":"https:\/\/conasep.org.br\/noticias\/wp-content\/uploads\/2025\/12\/IMG-20251210-WA0391-scaled.jpg","type":"image\/jpeg"}],"author":"CONASEP","twitter_card":"summary_large_image","twitter_misc":{"Escrito por":"CONASEP","Est. tempo de leitura":"2 minutos"},"schema":{"@context":"https:\/\/schema.org","@graph":[{"@type":"WebPage","@id":"https:\/\/conasep.org.br\/noticias\/coletivo-da-seguranca-privada-fortalece-movimento-de-valorizacao-no-distrito-federal\/","url":"https:\/\/conasep.org.br\/noticias\/coletivo-da-seguranca-privada-fortalece-movimento-de-valorizacao-no-distrito-federal\/","name":"Coletivo da Seguran\u00e7a Privada fortalece Movimento de Valoriza\u00e7\u00e3o no Distrito Federal - Noticias Conasep","isPartOf":{"@id":"https:\/\/www.conasep.org.br\/noticias\/#website"},"primaryImageOfPage":{"@id":"https:\/\/conasep.org.br\/noticias\/coletivo-da-seguranca-privada-fortalece-movimento-de-valorizacao-no-distrito-federal\/#primaryimage"},"image":{"@id":"https:\/\/conasep.org.br\/noticias\/coletivo-da-seguranca-privada-fortalece-movimento-de-valorizacao-no-distrito-federal\/#primaryimage"},"thumbnailUrl":"https:\/\/conasep.org.br\/noticias\/wp-content\/uploads\/2025\/12\/IMG-20251210-WA0391-scaled.jpg","datePublished":"2025-12-10T23:45:57+00:00","author":{"@id":"https:\/\/www.conasep.org.br\/noticias\/#\/schema\/person\/96e446b120d85d108e7ebeb7d82a2c44"},"breadcrumb":{"@id":"https:\/\/conasep.org.br\/noticias\/coletivo-da-seguranca-privada-fortalece-movimento-de-valorizacao-no-distrito-federal\/#breadcrumb"},"inLanguage":"pt-BR","potentialAction":[{"@type":"ReadAction","target":["https:\/\/conasep.org.br\/noticias\/coletivo-da-seguranca-privada-fortalece-movimento-de-valorizacao-no-distrito-federal\/"]}]},{"@type":"ImageObject","inLanguage":"pt-BR","@id":"https:\/\/conasep.org.br\/noticias\/coletivo-da-seguranca-privada-fortalece-movimento-de-valorizacao-no-distrito-federal\/#primaryimage","url":"https:\/\/conasep.org.br\/noticias\/wp-content\/uploads\/2025\/12\/IMG-20251210-WA0391-scaled.jpg","contentUrl":"https:\/\/conasep.org.br\/noticias\/wp-content\/uploads\/2025\/12\/IMG-20251210-WA0391-scaled.jpg","width":2560,"height":1920},{"@type":"BreadcrumbList","@id":"https:\/\/conasep.org.br\/noticias\/coletivo-da-seguranca-privada-fortalece-movimento-de-valorizacao-no-distrito-federal\/#breadcrumb","itemListElement":[{"@type":"ListItem","position":1,"name":"In\u00edcio","item":"https:\/\/www.conasep.org.br\/noticias\/"},{"@type":"ListItem","position":2,"name":"Coletivo da Seguran\u00e7a Privada fortalece Movimento de Valoriza\u00e7\u00e3o no Distrito Federal"}]},{"@type":"WebSite","@id":"https:\/\/www.conasep.org.br\/noticias\/#website","url":"https:\/\/www.conasep.org.br\/noticias\/","name":"Noticias Conasep","description":"Os melhores conte\u00fados","potentialAction":[{"@type":"SearchAction","target":{"@type":"EntryPoint","urlTemplate":"https:\/\/www.conasep.org.br\/noticias\/?s={search_term_string}"},"query-input":{"@type":"PropertyValueSpecification","valueRequired":true,"valueName":"search_term_string"}}],"inLanguage":"pt-BR"},{"@type":"Person","@id":"https:\/\/www.conasep.org.br\/noticias\/#\/schema\/person\/96e446b120d85d108e7ebeb7d82a2c44","name":"CONASEP","image":{"@type":"ImageObject","inLanguage":"pt-BR","@id":"https:\/\/www.conasep.org.br\/noticias\/#\/schema\/person\/image\/","url":"https:\/\/secure.gravatar.com\/avatar\/17258e04e8f7917cf6d5fea9e29eedbd?s=96&d=mm&r=g","contentUrl":"https:\/\/secure.gravatar.com\/avatar\/17258e04e8f7917cf6d5fea9e29eedbd?s=96&d=mm&r=g","caption":"CONASEP"},"url":"https:\/\/conasep.org.br\/noticias\/author\/conasep\/"}]}},"_links":{"self":[{"href":"https:\/\/conasep.org.br\/noticias\/wp-json\/wp\/v2\/posts\/2012","targetHints":{"allow":["GET"]}}],"collection":[{"href":"https:\/\/conasep.org.br\/noticias\/wp-json\/wp\/v2\/posts"}],"about":[{"href":"https:\/\/conasep.org.br\/noticias\/wp-json\/wp\/v2\/types\/post"}],"author":[{"embeddable":true,"href":"https:\/\/conasep.org.br\/noticias\/wp-json\/wp\/v2\/users\/6"}],"replies":[{"embeddable":true,"href":"https:\/\/conasep.org.br\/noticias\/wp-json\/wp\/v2\/comments?post=2012"}],"version-history":[{"count":1,"href":"https:\/\/conasep.org.br\/noticias\/wp-json\/wp\/v2\/posts\/2012\/revisions"}],"predecessor-version":[{"id":2014,"href":"https:\/\/conasep.org.br\/noticias\/wp-json\/wp\/v2\/posts\/2012\/revisions\/2014"}],"wp:featuredmedia":[{"embeddable":true,"href":"https:\/\/conasep.org.br\/noticias\/wp-json\/wp\/v2\/media\/2013"}],"wp:attachment":[{"href":"https:\/\/conasep.org.br\/noticias\/wp-json\/wp\/v2\/media?parent=2012"}],"wp:term":[{"taxonomy":"category","embeddable":true,"href":"https:\/\/conasep.org.br\/noticias\/wp-json\/wp\/v2\/categories?post=2012"},{"taxonomy":"post_tag","embeddable":true,"href":"https:\/\/conasep.org.br\/noticias\/wp-json\/wp\/v2\/tags?post=2012"}],"curies":[{"name":"wp","href":"https:\/\/api.w.org\/{rel}","templated":true}]}}